{"id":2643,"date":"2025-09-26T10:38:37","date_gmt":"2025-09-26T14:38:37","guid":{"rendered":"https:\/\/centraide-rcoq.ca\/soq\/?p=2643"},"modified":"2025-09-26T10:38:38","modified_gmt":"2025-09-26T14:38:38","slug":"lancement-de-campagne-centraide-sud-ouest-du-quebec","status":"publish","type":"post","link":"https:\/\/centraide-rcoq.ca\/soq\/lancement-de-campagne-centraide-sud-ouest-du-quebec\/","title":{"rendered":"Lancement de campagne Centraide Sud-Ouest du Qu\u00e9bec\u00a0"},"content":{"rendered":"<div class=\"wp-block-image\">\n<figure class=\"alignright size-large is-resized\"><img fetchpriority=\"high\" decoding=\"async\" width=\"1024\" height=\"683\" src=\"https:\/\/centraide-rcoq.ca\/soq\/wp-content\/uploads\/sites\/12\/2025\/09\/IMG_6427-1024x683.jpg\" alt=\"Kim Barrette, directrice du d\u00e9veloppement et des partenariats de Centraide Sud-Ouest du Qu\u00e9bec. \" class=\"wp-image-2644\" style=\"width:294px;height:auto\" srcset=\"https:\/\/centraide-rcoq.ca\/soq\/wp-content\/uploads\/sites\/12\/2025\/09\/IMG_6427-1024x683.jpg 1024w, https:\/\/centraide-rcoq.ca\/soq\/wp-content\/uploads\/sites\/12\/2025\/09\/IMG_6427-300x200.jpg 300w, https:\/\/centraide-rcoq.ca\/soq\/wp-content\/uploads\/sites\/12\/2025\/09\/IMG_6427-768x512.jpg 768w, https:\/\/centraide-rcoq.ca\/soq\/wp-content\/uploads\/sites\/12\/2025\/09\/IMG_6427-1536x1024.jpg 1536w, https:\/\/centraide-rcoq.ca\/soq\/wp-content\/uploads\/sites\/12\/2025\/09\/IMG_6427-2048x1365.jpg 2048w\" sizes=\"(max-width: 1024px) 100vw, 1024px\" \/><\/figure>\n<\/div>\n\n\n<p>C\u2019est hier que Centraide Sud-Ouest du Qu\u00e9bec (ci-apr\u00e8s SOQ) du Qu\u00e9bec a donn\u00e9 le coup d\u2019envoi \u00e0 sa campagne 2025, lors d\u2019un \u00e9v\u00e9nement tenu au Pavillon Wilson de Coteau-du-Lac. Cette campagne, qui s\u2019inscrit sous le slogan \u00ab<strong> \u00c0 go, on Centraide \u00bb<\/strong>, vise \u00e0 mobiliser la population, les entreprises et les organisations afin de soutenir des solutions durables aux enjeux sociaux qui touchent nos communaut\u00e9s.&nbsp;<\/p>\n\n\n\n<p>\u00ab Chez Centraide, notre souhait est de <strong>rassembler et d\u2019agir pour b\u00e2tir des communaut\u00e9s inclusives, solidaires et sans pauvret\u00e9<\/strong>. Donner \u00e0 Centraide, ce n\u2019est pas seulement un geste de g\u00e9n\u00e9rosit\u00e9, <strong>c\u2019est un investissement collectif pour am\u00e9liorer la qualit\u00e9 de vie des personnes d\u2019ici<\/strong> \u00bb, rappelle Kim Barrette, directrice du d\u00e9veloppement et des partenariats de Centraide SOQ.&nbsp;<\/p>\n\n\n\n<p><strong>Pourquoi agir maintenant ?<\/strong>&nbsp;<\/p>\n\n\n\n<p>La crise du logement, l\u2019inflation et l\u2019anxi\u00e9t\u00e9 financi\u00e8re touchent de plein fouet nos r\u00e9gions, mettant de plus en plus de personnes dans des situations de pr\u00e9carit\u00e9 et de vuln\u00e9rabilit\u00e9.&nbsp;<\/p>\n\n\n\n<p>\u00ab<strong> Bien qu\u2019une personne sur cinq re\u00e7oive notre aide, c\u2019est plut\u00f4t cinq personnes sur cinq en b\u00e9n\u00e9ficient.<\/strong> En soutenant un r\u00e9seau d&rsquo;organismes qui luttent contre la pauvret\u00e9 et l&rsquo;exclusion sociale, c\u2019est toute la communaut\u00e9 qui en profite \u00bb, explique Mme Barrette.&nbsp;&nbsp;<\/p>\n\n\n\n<p><strong>D\u00e9tails du lancement<\/strong>&nbsp;<\/p>\n\n\n\n<p>C\u2019est entour\u00e9 de partenaires du milieu des affaires et du milieu communautaire que Centraide SOQ a lanc\u00e9 sa campagne 2025. <strong>Pour l\u2019occasion, en partenariat avec Josiane Farand, photographe, et gr\u00e2ce au soutien financier du Conseil des arts et de la culture de Vaudreuil-Soulanges, Centraide a organis\u00e9 une exposition de photo sur le th\u00e8me de la vuln\u00e9rabilit\u00e9 v\u00e9cue dans la r\u00e9gion.<\/strong> 10 photographies ont ainsi \u00e9t\u00e9 expos\u00e9es, mettant en lumi\u00e8re des sujets comme la difficult\u00e9 \u00e0 l\u2019\u00e9cole, le stress financier, la d\u00e9tresse psychologique et l\u2019itin\u00e9rance.\u00a0\u00a0<\/p>\n\n\n\n<p>\u00ab Centraide a choisi de raconter une histoire, non seulement avec des mots, mais \u00e0 travers une s\u00e9rie de photographies artistiques. Pourquoi ? Parce qu\u2019une photo a le pouvoir de toucher le c\u0153ur sans d\u00e9tour. C\u2019est un visage, une sc\u00e8ne, une lumi\u00e8re qui incarne la cause. <strong>La campagne devient ainsi une d\u00e9marche qui allie art et solidarit\u00e9.<\/strong> \u00bb, souligne madame Julie Lemieux, pr\u00e9sidente du Conseil des Arts et de la Culture de Vaudreuil-Soulanges.\u00a0<\/p>\n\n\n\n<figure class=\"wp-block-gallery has-nested-images columns-default is-cropped wp-block-gallery-1 is-layout-flex wp-block-gallery-is-layout-flex\">\n<figure class=\"wp-block-image size-large\"><img decoding=\"async\" width=\"1024\" height=\"683\" data-id=\"2649\" src=\"https:\/\/centraide-rcoq.ca\/soq\/wp-content\/uploads\/sites\/12\/2025\/09\/IMG_6448-1024x683.jpg\" alt=\"Josiane Farand, l'artiste derri\u00e8re les photos expos\u00e9es. \" class=\"wp-image-2649\" srcset=\"https:\/\/centraide-rcoq.ca\/soq\/wp-content\/uploads\/sites\/12\/2025\/09\/IMG_6448-1024x683.jpg 1024w, https:\/\/centraide-rcoq.ca\/soq\/wp-content\/uploads\/sites\/12\/2025\/09\/IMG_6448-300x200.jpg 300w, https:\/\/centraide-rcoq.ca\/soq\/wp-content\/uploads\/sites\/12\/2025\/09\/IMG_6448-768x512.jpg 768w, https:\/\/centraide-rcoq.ca\/soq\/wp-content\/uploads\/sites\/12\/2025\/09\/IMG_6448-1536x1024.jpg 1536w, https:\/\/centraide-rcoq.ca\/soq\/wp-content\/uploads\/sites\/12\/2025\/09\/IMG_6448-2048x1365.jpg 2048w\" sizes=\"(max-width: 1024px) 100vw, 1024px\" \/><\/figure>\n\n\n\n<figure class=\"wp-block-image size-large\"><img decoding=\"async\" width=\"1024\" height=\"683\" data-id=\"2648\" src=\"https:\/\/centraide-rcoq.ca\/soq\/wp-content\/uploads\/sites\/12\/2025\/09\/IMG_6460-1024x683.jpg\" alt=\"Julie Lemieux, pr\u00e9sidente du Conseil des Arts et de la Culture de Vaudreuil-Soulanges.\" class=\"wp-image-2648\" srcset=\"https:\/\/centraide-rcoq.ca\/soq\/wp-content\/uploads\/sites\/12\/2025\/09\/IMG_6460-1024x683.jpg 1024w, https:\/\/centraide-rcoq.ca\/soq\/wp-content\/uploads\/sites\/12\/2025\/09\/IMG_6460-300x200.jpg 300w, https:\/\/centraide-rcoq.ca\/soq\/wp-content\/uploads\/sites\/12\/2025\/09\/IMG_6460-768x512.jpg 768w, https:\/\/centraide-rcoq.ca\/soq\/wp-content\/uploads\/sites\/12\/2025\/09\/IMG_6460-1536x1024.jpg 1536w, https:\/\/centraide-rcoq.ca\/soq\/wp-content\/uploads\/sites\/12\/2025\/09\/IMG_6460-2048x1365.jpg 2048w\" sizes=\"(max-width: 1024px) 100vw, 1024px\" \/><\/figure>\n\n\n\n<figure class=\"wp-block-image size-large\"><img loading=\"lazy\" decoding=\"async\" width=\"1024\" height=\"683\" data-id=\"2650\" src=\"https:\/\/centraide-rcoq.ca\/soq\/wp-content\/uploads\/sites\/12\/2025\/09\/IMG_6482-1-1024x683.jpg\" alt=\"Pierjean Savard, pr\u00e9sident sortant de Centraide SOQ recevant un prix honorifique.\" class=\"wp-image-2650\" srcset=\"https:\/\/centraide-rcoq.ca\/soq\/wp-content\/uploads\/sites\/12\/2025\/09\/IMG_6482-1-1024x683.jpg 1024w, https:\/\/centraide-rcoq.ca\/soq\/wp-content\/uploads\/sites\/12\/2025\/09\/IMG_6482-1-300x200.jpg 300w, https:\/\/centraide-rcoq.ca\/soq\/wp-content\/uploads\/sites\/12\/2025\/09\/IMG_6482-1-768x512.jpg 768w, https:\/\/centraide-rcoq.ca\/soq\/wp-content\/uploads\/sites\/12\/2025\/09\/IMG_6482-1-1536x1024.jpg 1536w, https:\/\/centraide-rcoq.ca\/soq\/wp-content\/uploads\/sites\/12\/2025\/09\/IMG_6482-1-2048x1365.jpg 2048w\" sizes=\"(max-width: 1024px) 100vw, 1024px\" \/><\/figure>\n<\/figure>\n\n\n<div class=\"wp-block-image\">\n<figure class=\"alignright size-large is-resized\"><img loading=\"lazy\" decoding=\"async\" width=\"1024\" height=\"683\" src=\"https:\/\/centraide-rcoq.ca\/soq\/wp-content\/uploads\/sites\/12\/2025\/09\/IMG_6515-2-1024x683.jpg\" alt=\"Chlo\u00e9 Raymond, pr\u00e9sidente de la campagne 2025-2026 de Centraide Sud-Ouest du Qu\u00e9bec.\" class=\"wp-image-2652\" style=\"width:266px;height:auto\" srcset=\"https:\/\/centraide-rcoq.ca\/soq\/wp-content\/uploads\/sites\/12\/2025\/09\/IMG_6515-2-1024x683.jpg 1024w, https:\/\/centraide-rcoq.ca\/soq\/wp-content\/uploads\/sites\/12\/2025\/09\/IMG_6515-2-300x200.jpg 300w, https:\/\/centraide-rcoq.ca\/soq\/wp-content\/uploads\/sites\/12\/2025\/09\/IMG_6515-2-768x512.jpg 768w, https:\/\/centraide-rcoq.ca\/soq\/wp-content\/uploads\/sites\/12\/2025\/09\/IMG_6515-2-1536x1024.jpg 1536w, https:\/\/centraide-rcoq.ca\/soq\/wp-content\/uploads\/sites\/12\/2025\/09\/IMG_6515-2-2048x1365.jpg 2048w\" sizes=\"(max-width: 1024px) 100vw, 1024px\" \/><\/figure>\n<\/div>\n\n\n<p><strong>Pour se mobiliser<\/strong>&nbsp;<\/p>\n\n\n\n<p>La pr\u00e9sidente de la campagne 2025, la plus jeune de l\u2019histoire de Centraide SOQ faut-il noter, Chlo\u00e9 Raymond disait lors de son allocution, \u00ab <strong>La rel\u00e8ve philanthropique est l\u00e0. Les jeunes entrepreneurs, les jeunes leaders, nous avons un r\u00f4le \u00e0 jouer.<\/strong> Nous pouvons inspirer, rassembler et montrer qu\u2019il n\u2019est jamais trop t\u00f4t pour faire le bien, pour redonner, pour b\u00e2tir un avenir meilleur. \u00bb\u00a0\u00a0<\/p>\n\n\n\n<p>\u00ab Ce que nous faisons ici, c\u2019est plus grand que nous-m\u00eames. Notre vraie richesse, ce n\u2019est pas ce que l\u2019on garde, mais ce que l\u2019on partage \u00bb, a dit quant \u00e0 lui le pr\u00e9sident sortant,&nbsp; Pierjean Savard.&nbsp;<\/p>\n\n\n\n<p>Le soutien des donateurs et des entreprises est la cl\u00e9 pour b\u00e2tir des communaut\u00e9s plus fortes et plus r\u00e9silientes, offrant ainsi un avenir meilleur \u00e0 celles et eux qui en ont le plus besoin. Que ce soit par un don unique, un don mensuel, un don corporatif, une campagne en milieu de travail ou en devenant b\u00e9n\u00e9vole, chaque geste compte.&nbsp;&nbsp;&nbsp;<\/p>\n\n\n\n<p class=\"has-text-align-center\">Pour contribuer \u00e0 la campagne de Centraide SOQ :<\/p>\n\n\n\n<div class=\"wp-block-buttons is-content-justification-center is-layout-flex wp-container-core-buttons-is-layout-16018d1d wp-block-buttons-is-layout-flex\">\n<div class=\"wp-block-button\"><a class=\"wp-block-button__link wp-element-button\" href=\"https:\/\/donnez.centraide.ca\/donnez\/WVALLE\">Faire un don<\/a><\/div>\n<\/div>\n\n\n\n<p><\/p>\n","protected":false},"excerpt":{"rendered":"<p>\u00c0 go, on Centraide ! La campagne d\u00e9bute officiellement. <\/p>\n","protected":false},"author":2,"featured_media":2659,"comment_status":"closed","ping_status":"closed","sticky":false,"template":"","format":"standard","meta":{"ocean_post_layout":"","ocean_both_sidebars_style":"","ocean_both_sidebars_content_width":0,"ocean_both_sidebars_sidebars_width":0,"ocean_sidebar":"","ocean_second_sidebar":"","ocean_disable_margins":"enable","ocean_add_body_class":"","ocean_shortcode_before_top_bar":"","ocean_shortcode_after_top_bar":"","ocean_shortcode_before_header":"","ocean_shortcode_after_header":"","ocean_has_shortcode":"","ocean_shortcode_after_title":"","ocean_shortcode_before_footer_widgets":"","ocean_shortcode_after_footer_widgets":"","ocean_shortcode_before_footer_bottom":"","ocean_shortcode_after_footer_bottom":"","ocean_display_top_bar":"default","ocean_display_header":"default","ocean_header_style":"","ocean_center_header_left_menu":"","ocean_custom_header_template":"","ocean_custom_logo":0,"ocean_custom_retina_logo":0,"ocean_custom_logo_max_width":0,"ocean_custom_logo_tablet_max_width":0,"ocean_custom_logo_mobile_max_width":0,"ocean_custom_logo_max_height":0,"ocean_custom_logo_tablet_max_height":0,"ocean_custom_logo_mobile_max_height":0,"ocean_header_custom_menu":"","ocean_menu_typo_font_family":"","ocean_menu_typo_font_subset":"","ocean_menu_typo_font_size":0,"ocean_menu_typo_font_size_tablet":0,"ocean_menu_typo_font_size_mobile":0,"ocean_menu_typo_font_size_unit":"px","ocean_menu_typo_font_weight":"","ocean_menu_typo_font_weight_tablet":"","ocean_menu_typo_font_weight_mobile":"","ocean_menu_typo_transform":"","ocean_menu_typo_transform_tablet":"","ocean_menu_typo_transform_mobile":"","ocean_menu_typo_line_height":0,"ocean_menu_typo_line_height_tablet":0,"ocean_menu_typo_line_height_mobile":0,"ocean_menu_typo_line_height_unit":"","ocean_menu_typo_spacing":0,"ocean_menu_typo_spacing_tablet":0,"ocean_menu_typo_spacing_mobile":0,"ocean_menu_typo_spacing_unit":"","ocean_menu_link_color":"","ocean_menu_link_color_hover":"","ocean_menu_link_color_active":"","ocean_menu_link_background":"","ocean_menu_link_hover_background":"","ocean_menu_link_active_background":"","ocean_menu_social_links_bg":"","ocean_menu_social_hover_links_bg":"","ocean_menu_social_links_color":"","ocean_menu_social_hover_links_color":"","ocean_disable_title":"default","ocean_disable_heading":"default","ocean_post_title":"","ocean_post_subheading":"","ocean_post_title_style":"","ocean_post_title_background_color":"","ocean_post_title_background":0,"ocean_post_title_bg_image_position":"","ocean_post_title_bg_image_attachment":"","ocean_post_title_bg_image_repeat":"","ocean_post_title_bg_image_size":"","ocean_post_title_height":0,"ocean_post_title_bg_overlay":0.5,"ocean_post_title_bg_overlay_color":"","ocean_disable_breadcrumbs":"default","ocean_breadcrumbs_color":"","ocean_breadcrumbs_separator_color":"","ocean_breadcrumbs_links_color":"","ocean_breadcrumbs_links_hover_color":"","ocean_display_footer_widgets":"default","ocean_display_footer_bottom":"default","ocean_custom_footer_template":"","ocean_post_oembed":"","ocean_post_self_hosted_media":"","ocean_post_video_embed":"","ocean_link_format":"","ocean_link_format_target":"self","ocean_quote_format":"","ocean_quote_format_link":"post","ocean_gallery_link_images":"on","ocean_gallery_id":[],"footnotes":""},"categories":[7],"tags":[],"class_list":["post-2643","post","type-post","status-publish","format-standard","has-post-thumbnail","hentry","category-nouvelles","entry","has-media"],"_links":{"self":[{"href":"https:\/\/centraide-rcoq.ca\/soq\/wp-json\/wp\/v2\/posts\/2643","targetHints":{"allow":["GET"]}}],"collection":[{"href":"https:\/\/centraide-rcoq.ca\/soq\/wp-json\/wp\/v2\/posts"}],"about":[{"href":"https:\/\/centraide-rcoq.ca\/soq\/wp-json\/wp\/v2\/types\/post"}],"author":[{"embeddable":true,"href":"https:\/\/centraide-rcoq.ca\/soq\/wp-json\/wp\/v2\/users\/2"}],"replies":[{"embeddable":true,"href":"https:\/\/centraide-rcoq.ca\/soq\/wp-json\/wp\/v2\/comments?post=2643"}],"version-history":[{"count":3,"href":"https:\/\/centraide-rcoq.ca\/soq\/wp-json\/wp\/v2\/posts\/2643\/revisions"}],"predecessor-version":[{"id":2657,"href":"https:\/\/centraide-rcoq.ca\/soq\/wp-json\/wp\/v2\/posts\/2643\/revisions\/2657"}],"wp:featuredmedia":[{"embeddable":true,"href":"https:\/\/centraide-rcoq.ca\/soq\/wp-json\/wp\/v2\/media\/2659"}],"wp:attachment":[{"href":"https:\/\/centraide-rcoq.ca\/soq\/wp-json\/wp\/v2\/media?parent=2643"}],"wp:term":[{"taxonomy":"category","embeddable":true,"href":"https:\/\/centraide-rcoq.ca\/soq\/wp-json\/wp\/v2\/categories?post=2643"},{"taxonomy":"post_tag","embeddable":true,"href":"https:\/\/centraide-rcoq.ca\/soq\/wp-json\/wp\/v2\/tags?post=2643"}],"curies":[{"name":"wp","href":"https:\/\/api.w.org\/{rel}","templated":true}]}}