{"id":2633,"date":"2025-09-09T16:43:40","date_gmt":"2025-09-09T20:43:40","guid":{"rendered":"https:\/\/centraide-rcoq.ca\/soq\/?p=2633"},"modified":"2025-09-09T18:26:41","modified_gmt":"2025-09-09T22:26:41","slug":"offre-demploi-3","status":"publish","type":"post","link":"https:\/\/centraide-rcoq.ca\/soq\/offre-demploi-3\/","title":{"rendered":"Offre d&#8217;emploi"},"content":{"rendered":"\n<p><strong>COMMIS DE BUREAU (poste contractuel)<\/strong>&nbsp;<\/p>\n\n\n\n<p><strong>Sommaire de la fonction :<\/strong>&nbsp;<\/p>\n\n\n\n<p>Sous la supervision de la Directrice du D\u00e9veloppement et Partenariats, le titulaire du poste soutiendra les activit\u00e9s administratives et op\u00e9rationnelles li\u00e9es aux comptes, aux b\u00e9n\u00e9voles et aux communications.&nbsp;&nbsp;<\/p>\n\n\n\n<p>La personne retenue devra faire preuve d\u2019autonomie, de rigueur et d\u2019un sens aigu de l\u2019organisation afin de g\u00e9rer efficacement les priorit\u00e9s et les dossiers.&nbsp;<\/p>\n\n\n\n<p><strong>Responsabilit\u00e9s principales :<\/strong>&nbsp;<\/p>\n\n\n\n<ul class=\"wp-block-list\">\n<li><strong>Suivi et relations externes :<\/strong> assurer les suivis avec les donateurs et\u00a0partenaires, coordonner les rendez-vous et r\u00e9pondre aux demandes diverses.\u00a0<\/li>\n\n\n\n<li><strong>Logistique et soutien aux b\u00e9n\u00e9voles :<\/strong> participer \u00e0 la pr\u00e9paration et \u00e0 la logistique des rencontres et \u00e9v\u00e9nements, pr\u00e9parer et distribuer le mat\u00e9riel de campagne, accompagner les b\u00e9n\u00e9voles et effectuer des recherches sur les entreprises.\u00a0<\/li>\n\n\n\n<li><strong>Communication et visibilit\u00e9 :<\/strong> obtenir des soumissions, faire l&rsquo;envoi du mat\u00e9riel promotionnel et coordonner certaines initiatives de communication et de repr\u00e9sentation.\u00a0<\/li>\n\n\n\n<li><strong>Toute autre t\u00e2che administrative ou logistique<\/strong> requise par la directrice du d\u00e9veloppement et partenariats.\u00a0<\/li>\n<\/ul>\n\n\n\n<p><strong>Profil recherch\u00e9 :<\/strong>&nbsp;<\/p>\n\n\n\n<ul class=\"wp-block-list\">\n<li>Formation ou exp\u00e9rience pertinente en administration, secr\u00e9tariat ou soutien aux campagnes de financement.\u00a0<\/li>\n\n\n\n<li>Excellente organisation, autonomie et capacit\u00e9 \u00e0 g\u00e9rer plusieurs priorit\u00e9s.\u00a0<\/li>\n\n\n\n<li>Excellente ma\u00eetrise du fran\u00e7ais, \u00e0 l\u2019\u00e9crit comme \u00e0 l\u2019oral.\u00a0<\/li>\n\n\n\n<li>Ma\u00eetrise des outils informatiques et bureautiques (suite Microsoft Office)<\/li>\n\n\n\n<li>Capacit\u00e9 \u00e0 travailler avec des b\u00e9n\u00e9voles et partenaires vari\u00e9s.\u00a0<\/li>\n<\/ul>\n\n\n\n<p><strong>Ce que nous proposons <\/strong><strong>:<\/strong>&nbsp;<\/p>\n\n\n\n<ul class=\"wp-block-list\">\n<li>Un poste contractuel\u202fde 10 heures par semaine\u00a0<\/li>\n\n\n\n<li>Dur\u00e9e\u202f: du 22 septembre 2025 au 15 d\u00e9cembre 2025\u00a0<\/li>\n\n\n\n<li>Un horaire de travail flexible\u00a0<\/li>\n\n\n\n<li>Un tarif horaire de 22,00 $\u00a0<\/li>\n\n\n\n<li>Lieu de travail\u202f:\u00a0au bureau de Centraide Sud-Ouest du Qu\u00e9bec \u00e0 Les Coteaux (<br>247, route 338)\u00a0<\/li>\n\n\n\n<li>Possibilit\u00e9 de t\u00e9l\u00e9travail\u00a0<\/li>\n<\/ul>\n\n\n\n<p><strong>Vous souhaitez faire la diff\u00e9rence dans votre communaut\u00e9 et votre profil correspond \u00e0 celui recherch\u00e9 ?<\/strong>&nbsp;<\/p>\n\n\n\n<p>Faites parvenir votre curriculum vitae \u00e0 l\u2019attention de madame Kim Petrin Barrette, Directrice du D\u00e9veloppement et des Partenariats au plus tard le <strong>18 septembre 2025<\/strong> \u00e0 l\u2019adresse suivante\u202f: <a href=\"mailto:kbarrette@centraide-soq.ca\" target=\"_blank\" rel=\"noreferrer noopener\">kbarrette@centraide-soq.ca<\/a>&nbsp;<\/p>\n","protected":false},"excerpt":{"rendered":"<p>COMMIS DE BUREAU (poste contractuel)&nbsp; Sommaire de la fonction :&nbsp; Sous la supervision de la Directrice du D\u00e9veloppement et Partenariats, le titulaire du poste soutiendra les activit\u00e9s administratives et op\u00e9rationnelles li\u00e9es aux comptes, aux b\u00e9n\u00e9voles et aux communications.&nbsp;&nbsp; La personne retenue devra faire preuve d\u2019autonomie, de rigueur et d\u2019un sens aigu de l\u2019organisation afin de [&hellip;]<\/p>\n","protected":false},"author":2,"featured_media":1267,"comment_status":"closed","ping_status":"closed","sticky":false,"template":"","format":"standard","meta":{"ocean_post_layout":"","ocean_both_sidebars_style":"","ocean_both_sidebars_content_width":0,"ocean_both_sidebars_sidebars_width":0,"ocean_sidebar":"","ocean_second_sidebar":"","ocean_disable_margins":"enable","ocean_add_body_class":"","ocean_shortcode_before_top_bar":"","ocean_shortcode_after_top_bar":"","ocean_shortcode_before_header":"","ocean_shortcode_after_header":"","ocean_has_shortcode":"","ocean_shortcode_after_title":"","ocean_shortcode_before_footer_widgets":"","ocean_shortcode_after_footer_widgets":"","ocean_shortcode_before_footer_bottom":"","ocean_shortcode_after_footer_bottom":"","ocean_display_top_bar":"default","ocean_display_header":"default","ocean_header_style":"","ocean_center_header_left_menu":"","ocean_custom_header_template":"","ocean_custom_logo":0,"ocean_custom_retina_logo":0,"ocean_custom_logo_max_width":0,"ocean_custom_logo_tablet_max_width":0,"ocean_custom_logo_mobile_max_width":0,"ocean_custom_logo_max_height":0,"ocean_custom_logo_tablet_max_height":0,"ocean_custom_logo_mobile_max_height":0,"ocean_header_custom_menu":"","ocean_menu_typo_font_family":"","ocean_menu_typo_font_subset":"","ocean_menu_typo_font_size":0,"ocean_menu_typo_font_size_tablet":0,"ocean_menu_typo_font_size_mobile":0,"ocean_menu_typo_font_size_unit":"px","ocean_menu_typo_font_weight":"","ocean_menu_typo_font_weight_tablet":"","ocean_menu_typo_font_weight_mobile":"","ocean_menu_typo_transform":"","ocean_menu_typo_transform_tablet":"","ocean_menu_typo_transform_mobile":"","ocean_menu_typo_line_height":0,"ocean_menu_typo_line_height_tablet":0,"ocean_menu_typo_line_height_mobile":0,"ocean_menu_typo_line_height_unit":"","ocean_menu_typo_spacing":0,"ocean_menu_typo_spacing_tablet":0,"ocean_menu_typo_spacing_mobile":0,"ocean_menu_typo_spacing_unit":"","ocean_menu_link_color":"","ocean_menu_link_color_hover":"","ocean_menu_link_color_active":"","ocean_menu_link_background":"","ocean_menu_link_hover_background":"","ocean_menu_link_active_background":"","ocean_menu_social_links_bg":"","ocean_menu_social_hover_links_bg":"","ocean_menu_social_links_color":"","ocean_menu_social_hover_links_color":"","ocean_disable_title":"default","ocean_disable_heading":"default","ocean_post_title":"","ocean_post_subheading":"","ocean_post_title_style":"","ocean_post_title_background_color":"","ocean_post_title_background":0,"ocean_post_title_bg_image_position":"","ocean_post_title_bg_image_attachment":"","ocean_post_title_bg_image_repeat":"","ocean_post_title_bg_image_size":"","ocean_post_title_height":0,"ocean_post_title_bg_overlay":0.5,"ocean_post_title_bg_overlay_color":"","ocean_disable_breadcrumbs":"default","ocean_breadcrumbs_color":"","ocean_breadcrumbs_separator_color":"","ocean_breadcrumbs_links_color":"","ocean_breadcrumbs_links_hover_color":"","ocean_display_footer_widgets":"default","ocean_display_footer_bottom":"default","ocean_custom_footer_template":"","ocean_post_oembed":"","ocean_post_self_hosted_media":"","ocean_post_video_embed":"","ocean_link_format":"","ocean_link_format_target":"self","ocean_quote_format":"","ocean_quote_format_link":"post","ocean_gallery_link_images":"on","ocean_gallery_id":[],"footnotes":""},"categories":[7],"tags":[],"class_list":["post-2633","post","type-post","status-publish","format-standard","has-post-thumbnail","hentry","category-nouvelles","entry","has-media"],"_links":{"self":[{"href":"https:\/\/centraide-rcoq.ca\/soq\/wp-json\/wp\/v2\/posts\/2633","targetHints":{"allow":["GET"]}}],"collection":[{"href":"https:\/\/centraide-rcoq.ca\/soq\/wp-json\/wp\/v2\/posts"}],"about":[{"href":"https:\/\/centraide-rcoq.ca\/soq\/wp-json\/wp\/v2\/types\/post"}],"author":[{"embeddable":true,"href":"https:\/\/centraide-rcoq.ca\/soq\/wp-json\/wp\/v2\/users\/2"}],"replies":[{"embeddable":true,"href":"https:\/\/centraide-rcoq.ca\/soq\/wp-json\/wp\/v2\/comments?post=2633"}],"version-history":[{"count":2,"href":"https:\/\/centraide-rcoq.ca\/soq\/wp-json\/wp\/v2\/posts\/2633\/revisions"}],"predecessor-version":[{"id":2635,"href":"https:\/\/centraide-rcoq.ca\/soq\/wp-json\/wp\/v2\/posts\/2633\/revisions\/2635"}],"wp:featuredmedia":[{"embeddable":true,"href":"https:\/\/centraide-rcoq.ca\/soq\/wp-json\/wp\/v2\/media\/1267"}],"wp:attachment":[{"href":"https:\/\/centraide-rcoq.ca\/soq\/wp-json\/wp\/v2\/media?parent=2633"}],"wp:term":[{"taxonomy":"category","embeddable":true,"href":"https:\/\/centraide-rcoq.ca\/soq\/wp-json\/wp\/v2\/categories?post=2633"},{"taxonomy":"post_tag","embeddable":true,"href":"https:\/\/centraide-rcoq.ca\/soq\/wp-json\/wp\/v2\/tags?post=2633"}],"curies":[{"name":"wp","href":"https:\/\/api.w.org\/{rel}","templated":true}]}}