{"id":1857,"date":"2023-06-01T16:42:13","date_gmt":"2023-06-01T20:42:13","guid":{"rendered":"https:\/\/centraide-rcoq.ca\/soq\/?p=1857"},"modified":"2023-06-02T07:58:24","modified_gmt":"2023-06-02T11:58:24","slug":"centraide-sud-ouest-du-quebec-celebre-lengagement-de-ses-partenaires-lors-de-son-evenement-reconnaissance","status":"publish","type":"post","link":"https:\/\/centraide-rcoq.ca\/soq\/centraide-sud-ouest-du-quebec-celebre-lengagement-de-ses-partenaires-lors-de-son-evenement-reconnaissance\/","title":{"rendered":"Centraide Sud-Ouest du Qu\u00e9bec c\u00e9l\u00e8bre l\u2019engagement de ses partenaires lors de son \u00c9v\u00e9nement Reconnaissance"},"content":{"rendered":"\n<p><strong>Salaberry-de-Valleyfield, 31 mai 2023 \u2013 <\/strong>C\u2019est sous la forme d\u2019un gala virtuel qu\u2019a eu lieu la troisi\u00e8me \u00e9dition de l\u2019\u00c9v\u00e9nement Reconnaissance, qui c\u00e9l\u00e8bre d\u2019une part, l\u2019engagement de nombreux b\u00e9n\u00e9voles essentiels \u00e0 la mission de Centraide et, d\u2019autre part, la contribution remarquable de repr\u00e9sentants des milieux d\u2019affaires, institutionnels et communautaires au mieux-\u00eatre de nos communaut\u00e9s.<\/p>\n\n\n\n<p>Au total, quatre prix ont \u00e9t\u00e9 pr\u00e9sent\u00e9s dans autant de cat\u00e9gories en commen\u00e7ant par le prix Distinction remis \u00e0 une personne b\u00e9n\u00e9vole, un ambassadeur ou un directeur de campagne s\u2019\u00e9tant d\u00e9marqu\u00e9 par son engagement, son implication, son travail exemplaire ou son leadership lors de la campagne. Ce prix a \u00e9t\u00e9 attribu\u00e9 \u00e0 M. Samuel Thibault, de Zinc \u00c9lectrolytique du Canada.<\/p>\n\n\n\n<p>Par la suite, le prix Impact a \u00e9t\u00e9 attribu\u00e9 \u00e0 ZINC \u00c9lectrolytique du Canada, soulignant une participation importante de la part du personnel et de la direction, ce qui a permis de r\u00e9aliser une campagne record \u00e0 l\u2019int\u00e9rieur de l\u2019entreprise.<\/p>\n\n\n\n<p>La c\u00e9r\u00e9monie virtuelle s\u2019est poursuivie avec l\u2019attribution du prix \u00c9tincelle, remis \u00e0 un organisme s&rsquo;\u00e9tant d\u00e9marqu\u00e9 dans la communaut\u00e9 par les impacts de son action sociale; et c\u2019est le Comit\u00e9 Logement Valleyfield qui a remport\u00e9 la palme.<\/p>\n\n\n\n<p>L\u2019\u00c9v\u00e9nement Reconnaissance s\u2019est conclu par la remise du prix Coup de c\u0153ur, un prix sp\u00e9cial visant \u00e0 reconna\u00eetre une personnalit\u00e9 ou une organisation s\u2019\u00e9tant d\u00e9marqu\u00e9e de mani\u00e8re extraordinaire au cours de la derni\u00e8re ann\u00e9e. C\u2019est M. Pierjean Savard qui, par sa g\u00e9n\u00e9rosit\u00e9, son d\u00e9sir d\u2019aider les plus vuln\u00e9rables de sa communaut\u00e9 et son d\u00e9vouement \u00e0 la cause de Centraide SOQ, en a \u00e9t\u00e9 le r\u00e9cipiendaire cette ann\u00e9e.<\/p>\n\n\n\n<p>La direction de Centraide SOQ a \u00e9galement tenu \u00e0 remercier tous ceux et celles qui, d\u2019une mani\u00e8re ou d\u2019une autre, ont contribu\u00e9 \u00e0 la cause au cours de l\u2019ann\u00e9e. Depuis sa cr\u00e9ation, Centraide fait une v\u00e9ritable diff\u00e9rence dans les communaut\u00e9s gr\u00e2ce au soutien ind\u00e9fectible et \u00e0 la g\u00e9n\u00e9rosit\u00e9 de l\u2019ensemble de ses parties prenantes, soit ses employ\u00e9(e)s, ses b\u00e9n\u00e9voles, ses donateur(trice)s et les organismes qui \u0153uvrent sur le terrain. L\u2019\u00c9v\u00e9nement Reconnaissance est le moment tout indiqu\u00e9 pour souligner ce travail colossal qui est accompli quotidiennement pour venir en aide aux personnes les plus vuln\u00e9rables.<\/p>\n\n\n\n<p>Pour visionner la remise de prix :<\/p>\n\n\n\n<figure class=\"wp-block-embed is-type-video is-provider-youtube wp-block-embed-youtube wp-embed-aspect-16-9 wp-has-aspect-ratio\"><div class=\"wp-block-embed__wrapper\">\n<p class=\"responsive-video-wrap clr\"><iframe title=\"\u00c9v\u00e9nement Reconnaissance 2023\" width=\"1200\" height=\"675\" src=\"https:\/\/www.youtube.com\/embed\/KqG5piuGUJM?feature=oembed\" frameborder=\"0\" allow=\"accelerometer; autoplay; clipboard-write; encrypted-media; gyroscope; picture-in-picture; web-share\" allowfullscreen><\/iframe><\/p>\n<\/div><\/figure>\n","protected":false},"excerpt":{"rendered":"<p>Salaberry-de-Valleyfield, 31 mai 2023 \u2013 C\u2019est sous la forme d\u2019un gala virtuel qu\u2019a eu lieu la troisi\u00e8me \u00e9dition de l\u2019\u00c9v\u00e9nement Reconnaissance, qui c\u00e9l\u00e8bre d\u2019une part, l\u2019engagement de nombreux b\u00e9n\u00e9voles essentiels \u00e0 la mission de Centraide et, d\u2019autre part, la contribution remarquable de repr\u00e9sentants des milieux d\u2019affaires, institutionnels et communautaires au mieux-\u00eatre de nos communaut\u00e9s. Au [&hellip;]<\/p>\n","protected":false},"author":3,"featured_media":965,"comment_status":"closed","ping_status":"open","sticky":false,"template":"","format":"standard","meta":{"ocean_post_layout":"","ocean_both_sidebars_style":"","ocean_both_sidebars_content_width":0,"ocean_both_sidebars_sidebars_width":0,"ocean_sidebar":"0","ocean_second_sidebar":"0","ocean_disable_margins":"enable","ocean_add_body_class":"","ocean_shortcode_before_top_bar":"","ocean_shortcode_after_top_bar":"","ocean_shortcode_before_header":"","ocean_shortcode_after_header":"","ocean_has_shortcode":"","ocean_shortcode_after_title":"","ocean_shortcode_before_footer_widgets":"","ocean_shortcode_after_footer_widgets":"","ocean_shortcode_before_footer_bottom":"","ocean_shortcode_after_footer_bottom":"","ocean_display_top_bar":"default","ocean_display_header":"default","ocean_header_style":"","ocean_center_header_left_menu":"0","ocean_custom_header_template":"0","ocean_custom_logo":0,"ocean_custom_retina_logo":0,"ocean_custom_logo_max_width":0,"ocean_custom_logo_tablet_max_width":0,"ocean_custom_logo_mobile_max_width":0,"ocean_custom_logo_max_height":0,"ocean_custom_logo_tablet_max_height":0,"ocean_custom_logo_mobile_max_height":0,"ocean_header_custom_menu":"0","ocean_menu_typo_font_family":"0","ocean_menu_typo_font_subset":"","ocean_menu_typo_font_size":0,"ocean_menu_typo_font_size_tablet":0,"ocean_menu_typo_font_size_mobile":0,"ocean_menu_typo_font_size_unit":"px","ocean_menu_typo_font_weight":"","ocean_menu_typo_font_weight_tablet":"","ocean_menu_typo_font_weight_mobile":"","ocean_menu_typo_transform":"","ocean_menu_typo_transform_tablet":"","ocean_menu_typo_transform_mobile":"","ocean_menu_typo_line_height":0,"ocean_menu_typo_line_height_tablet":0,"ocean_menu_typo_line_height_mobile":0,"ocean_menu_typo_line_height_unit":"","ocean_menu_typo_spacing":0,"ocean_menu_typo_spacing_tablet":0,"ocean_menu_typo_spacing_mobile":0,"ocean_menu_typo_spacing_unit":"","ocean_menu_link_color":"","ocean_menu_link_color_hover":"","ocean_menu_link_color_active":"","ocean_menu_link_background":"","ocean_menu_link_hover_background":"","ocean_menu_link_active_background":"","ocean_menu_social_links_bg":"","ocean_menu_social_hover_links_bg":"","ocean_menu_social_links_color":"","ocean_menu_social_hover_links_color":"","ocean_disable_title":"default","ocean_disable_heading":"default","ocean_post_title":"","ocean_post_subheading":"","ocean_post_title_style":"","ocean_post_title_background_color":"","ocean_post_title_background":0,"ocean_post_title_bg_image_position":"","ocean_post_title_bg_image_attachment":"","ocean_post_title_bg_image_repeat":"","ocean_post_title_bg_image_size":"","ocean_post_title_height":0,"ocean_post_title_bg_overlay":0.5,"ocean_post_title_bg_overlay_color":"","ocean_disable_breadcrumbs":"default","ocean_breadcrumbs_color":"","ocean_breadcrumbs_separator_color":"","ocean_breadcrumbs_links_color":"","ocean_breadcrumbs_links_hover_color":"","ocean_display_footer_widgets":"default","ocean_display_footer_bottom":"default","ocean_custom_footer_template":"0","ocean_post_oembed":"","ocean_post_self_hosted_media":"","ocean_post_video_embed":"","ocean_link_format":"","ocean_link_format_target":"self","ocean_quote_format":"","ocean_quote_format_link":"post","ocean_gallery_link_images":"off","ocean_gallery_id":[],"footnotes":""},"categories":[1],"tags":[],"class_list":["post-1857","post","type-post","status-publish","format-standard","has-post-thumbnail","hentry","category-non-classe","entry","has-media"],"_links":{"self":[{"href":"https:\/\/centraide-rcoq.ca\/soq\/wp-json\/wp\/v2\/posts\/1857","targetHints":{"allow":["GET"]}}],"collection":[{"href":"https:\/\/centraide-rcoq.ca\/soq\/wp-json\/wp\/v2\/posts"}],"about":[{"href":"https:\/\/centraide-rcoq.ca\/soq\/wp-json\/wp\/v2\/types\/post"}],"author":[{"embeddable":true,"href":"https:\/\/centraide-rcoq.ca\/soq\/wp-json\/wp\/v2\/users\/3"}],"replies":[{"embeddable":true,"href":"https:\/\/centraide-rcoq.ca\/soq\/wp-json\/wp\/v2\/comments?post=1857"}],"version-history":[{"count":3,"href":"https:\/\/centraide-rcoq.ca\/soq\/wp-json\/wp\/v2\/posts\/1857\/revisions"}],"predecessor-version":[{"id":1860,"href":"https:\/\/centraide-rcoq.ca\/soq\/wp-json\/wp\/v2\/posts\/1857\/revisions\/1860"}],"wp:featuredmedia":[{"embeddable":true,"href":"https:\/\/centraide-rcoq.ca\/soq\/wp-json\/wp\/v2\/media\/965"}],"wp:attachment":[{"href":"https:\/\/centraide-rcoq.ca\/soq\/wp-json\/wp\/v2\/media?parent=1857"}],"wp:term":[{"taxonomy":"category","embeddable":true,"href":"https:\/\/centraide-rcoq.ca\/soq\/wp-json\/wp\/v2\/categories?post=1857"},{"taxonomy":"post_tag","embeddable":true,"href":"https:\/\/centraide-rcoq.ca\/soq\/wp-json\/wp\/v2\/tags?post=1857"}],"curies":[{"name":"wp","href":"https:\/\/api.w.org\/{rel}","templated":true}]}}