{"id":1180,"date":"2021-10-29T14:24:27","date_gmt":"2021-10-29T18:24:27","guid":{"rendered":"https:\/\/centraide-rcoq.ca\/soq\/?p=1180"},"modified":"2021-11-01T09:29:12","modified_gmt":"2021-11-01T13:29:12","slug":"portrait-de-benevole","status":"publish","type":"post","link":"https:\/\/centraide-rcoq.ca\/soq\/portrait-de-benevole\/","title":{"rendered":"Portrait de b\u00e9n\u00e9vole"},"content":{"rendered":"\n<p><em>L\u2019\u00e9quipe de Centraide Sud-ouest du Qu\u00e9bec s\u2019estime privil\u00e9gi\u00e9e d\u2019\u00eatre soutenue d\u2019un Cabinet de campagne et d&rsquo;un CARO form\u00e9 de gens exceptionnels. Ses membres sont des experts de leur milieu de travail, ils apportent de pr\u00e9cieux conseils et connaissent bien leur r\u00e9gion. Et nous tenons \u00e0 vous les pr\u00e9senter !<\/em><\/p>\n\n\n\n<p style=\"text-align:center\" class=\"has-medium-font-size\"><strong>M. Pierjean Savard est  pr\u00e9sident de Conteneurs Experts inc. et pr\u00e9sident de la campagne 21-22 de Centraide SOQ<\/strong><\/p>\n\n\n\n<p> <strong>De quelle mani\u00e8re \u00eates-vous impliqu\u00e9 dans Centraide ? <\/strong><\/p>\n\n\n\n<p><strong>Pierjean Savard  :<\/strong> <em>J&rsquo;ai accept\u00e9 avec honneur la pr\u00e9sidence du cabinet de campagne 2021\/2022 et c\u2019est avec enthousiasme que je vais faire tout ce que je peux pour contribuer \u00e0 atteindre notre objectif de campagne.<\/em><\/p>\n\n\n\n<p> <strong>\u00cates-vous impliqu\u00e9 dans d\u2019autres organisations ? Si oui, lesquelles ?  <\/strong><\/p>\n\n\n\n<p><strong>Pierjean Savard  :<\/strong>  <em>Participer au d\u00e9veloppement de la r\u00e9gion de Vaudreuil-Soulanges me tiens \u00e0 c\u0153ur. De ce fait, je suis pr\u00e9sident de Chambre de commerce et d\u2019industrie de Vaudreuil-Soulanges (CCIVS), administrateur chez DEV et administrateur (repr\u00e9sentant Monteregie-Ouest) \u00e0 la F\u00e9d\u00e9ration des chambres de commerce du Qu\u00e9bec (FCCQ).<\/em><\/p>\n\n\n\n<p><strong>Pourquoi avoir choisi Centraide ?<\/strong><\/p>\n\n\n\n<p><strong>Pierjean Savard :<\/strong><em>J&rsquo;ai choisi Centraide pour le s\u00e9rieux de l&rsquo;organisation, son implication vis-\u00e0-vis les organismes locaux et ses valeurs qui sont aussi les miennes.<\/em><\/p>\n\n\n\n<p>  <br><strong>Pierjean Savard :<\/strong> <strong>Je ne suis #JamaisIndiff\u00e9rent \u00e0&#8230;  <\/strong><\/p>\n\n\n\n<p><em>Tout ce qui\ntouche au bien-\u00eatre des enfants.<\/em><\/p>\n\n\n\n<p><strong>Que d\u00e9sirez-vous accomplir en vous impliquant aupr\u00e8s de Centraide ?<\/strong><\/p>\n\n\n\n<p><strong>Pierjean Savard :<\/strong><em>En m\u2019impliquant aupr\u00e8s de Centraide, j\u2019esp\u00e8re faire conna\u00eetre davantage l\u2019organisme aupr\u00e8s de la communaut\u00e9 d\u2019affaires de Vaudreuil-Soulanges et inviter mes ami(e)s entrepreneur(e)s \u00e0 donner g\u00e9n\u00e9reusement.<\/em><\/p>\n","protected":false},"excerpt":{"rendered":"<p>L\u2019\u00e9quipe de Centraide Sud-ouest du Qu\u00e9bec s\u2019estime privil\u00e9gi\u00e9e d\u2019\u00eatre soutenue d\u2019un Cabinet de campagne et d&rsquo;un CARO form\u00e9 de gens exceptionnels. Ses membres sont des experts de leur milieu de travail, ils apportent de pr\u00e9cieux conseils et connaissent bien leur r\u00e9gion. Et nous tenons \u00e0 vous les pr\u00e9senter ! M. Pierjean Savard est pr\u00e9sident de [&hellip;]<\/p>\n","protected":false},"author":3,"featured_media":1190,"comment_status":"closed","ping_status":"open","sticky":false,"template":"","format":"standard","meta":{"ocean_post_layout":"","ocean_both_sidebars_style":"","ocean_both_sidebars_content_width":0,"ocean_both_sidebars_sidebars_width":0,"ocean_sidebar":"","ocean_second_sidebar":"","ocean_disable_margins":"enable","ocean_add_body_class":"","ocean_shortcode_before_top_bar":"","ocean_shortcode_after_top_bar":"","ocean_shortcode_before_header":"","ocean_shortcode_after_header":"","ocean_has_shortcode":"","ocean_shortcode_after_title":"","ocean_shortcode_before_footer_widgets":"","ocean_shortcode_after_footer_widgets":"","ocean_shortcode_before_footer_bottom":"","ocean_shortcode_after_footer_bottom":"","ocean_display_top_bar":"default","ocean_display_header":"default","ocean_header_style":"","ocean_center_header_left_menu":"","ocean_custom_header_template":"","ocean_custom_logo":0,"ocean_custom_retina_logo":0,"ocean_custom_logo_max_width":0,"ocean_custom_logo_tablet_max_width":0,"ocean_custom_logo_mobile_max_width":0,"ocean_custom_logo_max_height":0,"ocean_custom_logo_tablet_max_height":0,"ocean_custom_logo_mobile_max_height":0,"ocean_header_custom_menu":"","ocean_menu_typo_font_family":"","ocean_menu_typo_font_subset":"","ocean_menu_typo_font_size":0,"ocean_menu_typo_font_size_tablet":0,"ocean_menu_typo_font_size_mobile":0,"ocean_menu_typo_font_size_unit":"px","ocean_menu_typo_font_weight":"","ocean_menu_typo_font_weight_tablet":"","ocean_menu_typo_font_weight_mobile":"","ocean_menu_typo_transform":"","ocean_menu_typo_transform_tablet":"","ocean_menu_typo_transform_mobile":"","ocean_menu_typo_line_height":0,"ocean_menu_typo_line_height_tablet":0,"ocean_menu_typo_line_height_mobile":0,"ocean_menu_typo_line_height_unit":"","ocean_menu_typo_spacing":0,"ocean_menu_typo_spacing_tablet":0,"ocean_menu_typo_spacing_mobile":0,"ocean_menu_typo_spacing_unit":"","ocean_menu_link_color":"","ocean_menu_link_color_hover":"","ocean_menu_link_color_active":"","ocean_menu_link_background":"","ocean_menu_link_hover_background":"","ocean_menu_link_active_background":"","ocean_menu_social_links_bg":"","ocean_menu_social_hover_links_bg":"","ocean_menu_social_links_color":"","ocean_menu_social_hover_links_color":"","ocean_disable_title":"default","ocean_disable_heading":"default","ocean_post_title":"","ocean_post_subheading":"","ocean_post_title_style":"","ocean_post_title_background_color":"","ocean_post_title_background":0,"ocean_post_title_bg_image_position":"","ocean_post_title_bg_image_attachment":"","ocean_post_title_bg_image_repeat":"","ocean_post_title_bg_image_size":"","ocean_post_title_height":0,"ocean_post_title_bg_overlay":0.5,"ocean_post_title_bg_overlay_color":"","ocean_disable_breadcrumbs":"default","ocean_breadcrumbs_color":"","ocean_breadcrumbs_separator_color":"","ocean_breadcrumbs_links_color":"","ocean_breadcrumbs_links_hover_color":"","ocean_display_footer_widgets":"default","ocean_display_footer_bottom":"default","ocean_custom_footer_template":"","ocean_post_oembed":"","ocean_post_self_hosted_media":"","ocean_post_video_embed":"","ocean_link_format":"","ocean_link_format_target":"self","ocean_quote_format":"","ocean_quote_format_link":"post","ocean_gallery_link_images":"off","ocean_gallery_id":[],"footnotes":""},"categories":[1],"tags":[],"class_list":["post-1180","post","type-post","status-publish","format-standard","has-post-thumbnail","hentry","category-non-classe","entry","has-media"],"_links":{"self":[{"href":"https:\/\/centraide-rcoq.ca\/soq\/wp-json\/wp\/v2\/posts\/1180","targetHints":{"allow":["GET"]}}],"collection":[{"href":"https:\/\/centraide-rcoq.ca\/soq\/wp-json\/wp\/v2\/posts"}],"about":[{"href":"https:\/\/centraide-rcoq.ca\/soq\/wp-json\/wp\/v2\/types\/post"}],"author":[{"embeddable":true,"href":"https:\/\/centraide-rcoq.ca\/soq\/wp-json\/wp\/v2\/users\/3"}],"replies":[{"embeddable":true,"href":"https:\/\/centraide-rcoq.ca\/soq\/wp-json\/wp\/v2\/comments?post=1180"}],"version-history":[{"count":8,"href":"https:\/\/centraide-rcoq.ca\/soq\/wp-json\/wp\/v2\/posts\/1180\/revisions"}],"predecessor-version":[{"id":1189,"href":"https:\/\/centraide-rcoq.ca\/soq\/wp-json\/wp\/v2\/posts\/1180\/revisions\/1189"}],"wp:featuredmedia":[{"embeddable":true,"href":"https:\/\/centraide-rcoq.ca\/soq\/wp-json\/wp\/v2\/media\/1190"}],"wp:attachment":[{"href":"https:\/\/centraide-rcoq.ca\/soq\/wp-json\/wp\/v2\/media?parent=1180"}],"wp:term":[{"taxonomy":"category","embeddable":true,"href":"https:\/\/centraide-rcoq.ca\/soq\/wp-json\/wp\/v2\/categories?post=1180"},{"taxonomy":"post_tag","embeddable":true,"href":"https:\/\/centraide-rcoq.ca\/soq\/wp-json\/wp\/v2\/tags?post=1180"}],"curies":[{"name":"wp","href":"https:\/\/api.w.org\/{rel}","templated":true}]}}