{"id":1028,"date":"2021-07-05T17:32:40","date_gmt":"2021-07-05T21:32:40","guid":{"rendered":"https:\/\/centraide-rcoq.ca\/soq\/?p=1028"},"modified":"2021-07-06T09:53:15","modified_gmt":"2021-07-06T13:53:15","slug":"centraide-sud-ouest-du-quebec-annonce-un-investissement-de-350-000-dans-la-communaute-lors-dune-remise-de-prix-toute-speciale","status":"publish","type":"post","link":"https:\/\/centraide-rcoq.ca\/soq\/centraide-sud-ouest-du-quebec-annonce-un-investissement-de-350-000-dans-la-communaute-lors-dune-remise-de-prix-toute-speciale\/","title":{"rendered":"Centraide Sud-Ouest du Qu\u00e9bec annonce un investissement de 350 000 $ dans la communaut\u00e9, lors d\u2019une remise de prix toute sp\u00e9ciale"},"content":{"rendered":"\n<p><strong>Valleyfield, juin 2021<\/strong> \u2013 C\u2019est au cours de son \u00e9v\u00e8nement virtuel de reconnaissance que Centraide Sud-Ouest du Qu\u00e9bec (ci-apr\u00e8s Centraide SOQ) a annonc\u00e9 qu\u2019il investira la somme de 350 000 $ dans le d\u00e9veloppement social de la r\u00e9gion.<\/p>\n\n\n\n<p>Cette\nsomme, qui repr\u00e9sente une augmentation de 5,5 % par rapport \u00e0 l\u2019an pass\u00e9, sera investie\ndans des actions visant \u00e0 briser le cycle de la pauvret\u00e9 et de l\u2019exclusion\nsociale et donnant les moyens d\u2019am\u00e9liorer les conditions de vie des personnes\nles plus vuln\u00e9rables. Comme il a \u00e9t\u00e9 dit lors de l\u2019\u00e9v\u00e8nement, plusieurs enjeux\nsociaux sont criants dans la communaut\u00e9 du sud-ouest du Qu\u00e9bec et les dons\nfaits \u00e0 Centraide permettent d\u2019agir sur les causes la pauvret\u00e9 et de\nl\u2019exclusion sociale. <\/p>\n\n\n\n<p>L\u2019\u00e9v\u00e8nement virtuel, qui a regroup\u00e9 pr\u00e8s d\u2019une quarantaine de personnes, visait \u00e0 mettre en lumi\u00e8re le travail de nombreux organismes, partenaires et collaborateurs. En tout, sept (7) <a href=\"https:\/\/centraide-rcoq.ca\/soq\/nous-reconnaissons\/\"><u>prix Reconnaissance<\/u><\/a> ont \u00e9t\u00e9 remis \u00e0 des b\u00e9n\u00e9voles, des donateurs, des organismes communautaires et des partenaires.<\/p>\n\n\n\n<ul class=\"wp-block-gallery aligncenter columns-3 is-cropped wp-block-gallery-1 is-layout-flex wp-block-gallery-is-layout-flex\"><li class=\"blocks-gallery-item\"><figure><img fetchpriority=\"high\" decoding=\"async\" width=\"1024\" height=\"768\" src=\"https:\/\/centraide-rcoq.ca\/soq\/wp-content\/uploads\/sites\/12\/2021\/06\/MHDV_Andr\u00e9-Couillard-Dir_Marilou-Carrier-DA-1024x768.jpg\" alt=\"\" data-id=\"1029\" data-link=\"https:\/\/centraide-rcoq.ca\/soq\/?attachment_id=1029\" class=\"wp-image-1029\" srcset=\"https:\/\/centraide-rcoq.ca\/soq\/wp-content\/uploads\/sites\/12\/2021\/06\/MHDV_Andr\u00e9-Couillard-Dir_Marilou-Carrier-DA-1024x768.jpg 1024w, https:\/\/centraide-rcoq.ca\/soq\/wp-content\/uploads\/sites\/12\/2021\/06\/MHDV_Andr\u00e9-Couillard-Dir_Marilou-Carrier-DA-300x225.jpg 300w, https:\/\/centraide-rcoq.ca\/soq\/wp-content\/uploads\/sites\/12\/2021\/06\/MHDV_Andr\u00e9-Couillard-Dir_Marilou-Carrier-DA-768x576.jpg 768w\" sizes=\"(max-width: 1024px) 100vw, 1024px\" \/><figcaption>MHDV &#8211; R\u00e9cipiendaire du prix Innovation &#8211; D\u00e9veloppement social<\/figcaption><\/figure><\/li><li class=\"blocks-gallery-item\"><figure><img decoding=\"async\" width=\"768\" height=\"1024\" src=\"https:\/\/centraide-rcoq.ca\/soq\/wp-content\/uploads\/sites\/12\/2021\/06\/SOQ_Mathieu-Ouimet_RBC-2-e1624900339498-768x1024.jpg\" alt=\"\" data-id=\"1030\" data-link=\"https:\/\/centraide-rcoq.ca\/soq\/?attachment_id=1030\" class=\"wp-image-1030\" srcset=\"https:\/\/centraide-rcoq.ca\/soq\/wp-content\/uploads\/sites\/12\/2021\/06\/SOQ_Mathieu-Ouimet_RBC-2-e1624900339498-768x1024.jpg 768w, https:\/\/centraide-rcoq.ca\/soq\/wp-content\/uploads\/sites\/12\/2021\/06\/SOQ_Mathieu-Ouimet_RBC-2-e1624900339498-225x300.jpg 225w\" sizes=\"(max-width: 768px) 100vw, 768px\" \/><figcaption>Les employ\u00e9.e.es de RBC, r\u00e9cipiendaires du prix Impact &#8211; <br>Don des employ\u00e9.e.es <\/figcaption><\/figure><\/li><li class=\"blocks-gallery-item\"><figure><img decoding=\"async\" width=\"768\" height=\"1024\" src=\"https:\/\/centraide-rcoq.ca\/soq\/wp-content\/uploads\/sites\/12\/2021\/06\/SOQ_Pierre-Beaudry-768x1024.jpg\" alt=\"\" data-id=\"1031\" data-link=\"https:\/\/centraide-rcoq.ca\/soq\/?attachment_id=1031\" class=\"wp-image-1031\" srcset=\"https:\/\/centraide-rcoq.ca\/soq\/wp-content\/uploads\/sites\/12\/2021\/06\/SOQ_Pierre-Beaudry-768x1024.jpg 768w, https:\/\/centraide-rcoq.ca\/soq\/wp-content\/uploads\/sites\/12\/2021\/06\/SOQ_Pierre-Beaudry-225x300.jpg 225w\" sizes=\"(max-width: 768px) 100vw, 768px\" \/><figcaption>M. Pierre Beaudry, r\u00e9cipiendaire du prix Engagement &#8211; D\u00e9veloppement social<\/figcaption><\/figure><\/li><li class=\"blocks-gallery-item\"><figure><img loading=\"lazy\" decoding=\"async\" width=\"768\" height=\"1024\" src=\"https:\/\/centraide-rcoq.ca\/soq\/wp-content\/uploads\/sites\/12\/2021\/06\/Daniel-Malette-768x1024.jpg\" alt=\"\" data-id=\"1041\" data-link=\"https:\/\/centraide-rcoq.ca\/soq\/?attachment_id=1041\" class=\"wp-image-1041\" srcset=\"https:\/\/centraide-rcoq.ca\/soq\/wp-content\/uploads\/sites\/12\/2021\/06\/Daniel-Malette-768x1024.jpg 768w, https:\/\/centraide-rcoq.ca\/soq\/wp-content\/uploads\/sites\/12\/2021\/06\/Daniel-Malette-225x300.jpg 225w\" sizes=\"(max-width: 768px) 100vw, 768px\" \/><figcaption>M. Daniel Malette, r\u00e9cipiendaire du prix Distinction &#8211; D\u00e9v. philanthropique<\/figcaption><\/figure><\/li><li class=\"blocks-gallery-item\"><figure><img loading=\"lazy\" decoding=\"async\" width=\"1024\" height=\"768\" src=\"https:\/\/centraide-rcoq.ca\/soq\/wp-content\/uploads\/sites\/12\/2021\/07\/MDJ-de-Rigaud-1024x768.jpg\" alt=\"\" data-id=\"1065\" data-link=\"https:\/\/centraide-rcoq.ca\/soq\/?attachment_id=1065\" class=\"wp-image-1065\" srcset=\"https:\/\/centraide-rcoq.ca\/soq\/wp-content\/uploads\/sites\/12\/2021\/07\/MDJ-de-Rigaud-1024x768.jpg 1024w, https:\/\/centraide-rcoq.ca\/soq\/wp-content\/uploads\/sites\/12\/2021\/07\/MDJ-de-Rigaud-300x225.jpg 300w, https:\/\/centraide-rcoq.ca\/soq\/wp-content\/uploads\/sites\/12\/2021\/07\/MDJ-de-Rigaud-768x576.jpg 768w\" sizes=\"(max-width: 1024px) 100vw, 1024px\" \/><figcaption>MDJ de Rigaud, r\u00e9cipiendaire du prix Rayonnement &#8211; D\u00e9veloppement social<\/figcaption><\/figure><\/li><li class=\"blocks-gallery-item\"><figure><img loading=\"lazy\" decoding=\"async\" width=\"200\" height=\"200\" src=\"https:\/\/centraide-rcoq.ca\/soq\/wp-content\/uploads\/sites\/12\/2021\/07\/Diageo-carr\u00e9.png\" alt=\"\" data-id=\"1079\" data-link=\"https:\/\/centraide-rcoq.ca\/soq\/?attachment_id=1079\" class=\"wp-image-1079\" srcset=\"https:\/\/centraide-rcoq.ca\/soq\/wp-content\/uploads\/sites\/12\/2021\/07\/Diageo-carr\u00e9.png 200w, https:\/\/centraide-rcoq.ca\/soq\/wp-content\/uploads\/sites\/12\/2021\/07\/Diageo-carr\u00e9-150x150.png 150w\" sizes=\"(max-width: 200px) 100vw, 200px\" \/><figcaption>DIAGEO, r\u00e9cipiendaire du prix Impact &#8211; Don d&rsquo;entreprise<\/figcaption><\/figure><\/li><li class=\"blocks-gallery-item\"><figure><img loading=\"lazy\" decoding=\"async\" width=\"768\" height=\"1024\" src=\"https:\/\/centraide-rcoq.ca\/soq\/wp-content\/uploads\/sites\/12\/2021\/07\/SOQ-Coup-de-coeur_Jocelyn-Pilon-1-768x1024.jpg\" alt=\"\" data-id=\"1080\" data-link=\"https:\/\/centraide-rcoq.ca\/soq\/?attachment_id=1080\" class=\"wp-image-1080\" srcset=\"https:\/\/centraide-rcoq.ca\/soq\/wp-content\/uploads\/sites\/12\/2021\/07\/SOQ-Coup-de-coeur_Jocelyn-Pilon-1-768x1024.jpg 768w, https:\/\/centraide-rcoq.ca\/soq\/wp-content\/uploads\/sites\/12\/2021\/07\/SOQ-Coup-de-coeur_Jocelyn-Pilon-1-225x300.jpg 225w\" sizes=\"(max-width: 768px) 100vw, 768px\" \/><figcaption>M. Jocelyn Pilon &#8211; R\u00e9cipiendaire du prix Coup de c\u0153ur 2020-2021<\/figcaption><\/figure><\/li><\/ul>\n\n\n\n<p>Fi\u00e8re de souligner les r\u00e9ussites de la derni\u00e8re ann\u00e9e, Madame Kim Barrette, directrice r\u00e9gionale par int\u00e9rim de Centraide SOQ disait que \u00ab Centraide, c\u2019est avant tout des gens de c\u0153ur qui aspirent au mieux-\u00eatre de nos communaut\u00e9s en offrant temps et argent \u00bb. <\/p>\n\n\n\n<p>D\u2019ailleurs, Mme Barrette a pr\u00e9cis\u00e9 l\u2019impact de Centraide dans la communaut\u00e9 :<em> <\/em>\u00ab&nbsp;Tous les jours, je rencontre des partenaires qui connaissent le nom Centraide, qui nous font confiance, qui savent qu\u2019on aide des gens qui aident des gens, et qui n\u2019ont aucune id\u00e9e de comment on le fait. Nos investissements sociaux se d\u00e9clinent de plusieurs fa\u00e7ons&nbsp;: par le financement d\u2019organismes et de services align\u00e9s avec notre mission de lutte contre la pauvret\u00e9 et l\u2019exclusion sociale et aussi par la concertation. C\u2019est le principe de donner du poisson et apprendre \u00e0 p\u00eacher. C\u2019est pourquoi, semaine apr\u00e8s semaine, nous, partenaires du milieu, nous r\u00e9unissons \u00e0 l\u2019\u00e9chelle locale et r\u00e9gionale pour r\u00e9fl\u00e9chir aux pistes de solutions et participer \u00e0 la mise en \u0153uvre de projets structurants pour le mieux-\u00eatre de notre communaut\u00e9.&nbsp;\u00bb<\/p>\n\n\n\n<p>L\u2019\u00e9v\u00e9nement virtuel a pris fin sur les mots de Madame Barrette, qui adressait ses remerciements \u00e0 tous les b\u00e9n\u00e9voles investis dans la r\u00e9alisation de la mission de Centraide, sans oublier au passage les organismes qui \u00ab ont fait preuve de r\u00e9silience et d\u2019imagination pour s\u2019adapter rapidement et constamment pour maintenir les services en place \u00bb, de m\u00eame que les ambassadeurs, qui sont \u00ab la flamme qui fait briller Centraide dans [leurs] entreprises \u00bb.<\/p>\n\n\n\n<p style=\"text-align:center\">&#8211; 30 &#8211;<\/p>\n","protected":false},"excerpt":{"rendered":"<p>Valleyfield, juin 2021 \u2013 C\u2019est au cours de son \u00e9v\u00e8nement virtuel de reconnaissance que Centraide Sud-Ouest du Qu\u00e9bec (ci-apr\u00e8s Centraide SOQ) a annonc\u00e9 qu\u2019il investira la somme de 350 000 $ dans le d\u00e9veloppement social de la r\u00e9gion. Cette somme, qui repr\u00e9sente une augmentation de 5,5 % par rapport \u00e0 l\u2019an pass\u00e9, sera investie dans [&hellip;]<\/p>\n","protected":false},"author":2,"featured_media":965,"comment_status":"closed","ping_status":"open","sticky":false,"template":"","format":"standard","meta":{"ocean_post_layout":"","ocean_both_sidebars_style":"","ocean_both_sidebars_content_width":0,"ocean_both_sidebars_sidebars_width":0,"ocean_sidebar":"0","ocean_second_sidebar":"0","ocean_disable_margins":"enable","ocean_add_body_class":"","ocean_shortcode_before_top_bar":"","ocean_shortcode_after_top_bar":"","ocean_shortcode_before_header":"","ocean_shortcode_after_header":"","ocean_has_shortcode":"","ocean_shortcode_after_title":"","ocean_shortcode_before_footer_widgets":"","ocean_shortcode_after_footer_widgets":"","ocean_shortcode_before_footer_bottom":"","ocean_shortcode_after_footer_bottom":"","ocean_display_top_bar":"default","ocean_display_header":"default","ocean_header_style":"","ocean_center_header_left_menu":"0","ocean_custom_header_template":"0","ocean_custom_logo":0,"ocean_custom_retina_logo":0,"ocean_custom_logo_max_width":0,"ocean_custom_logo_tablet_max_width":0,"ocean_custom_logo_mobile_max_width":0,"ocean_custom_logo_max_height":0,"ocean_custom_logo_tablet_max_height":0,"ocean_custom_logo_mobile_max_height":0,"ocean_header_custom_menu":"0","ocean_menu_typo_font_family":"0","ocean_menu_typo_font_subset":"","ocean_menu_typo_font_size":0,"ocean_menu_typo_font_size_tablet":0,"ocean_menu_typo_font_size_mobile":0,"ocean_menu_typo_font_size_unit":"px","ocean_menu_typo_font_weight":"","ocean_menu_typo_font_weight_tablet":"","ocean_menu_typo_font_weight_mobile":"","ocean_menu_typo_transform":"","ocean_menu_typo_transform_tablet":"","ocean_menu_typo_transform_mobile":"","ocean_menu_typo_line_height":0,"ocean_menu_typo_line_height_tablet":0,"ocean_menu_typo_line_height_mobile":0,"ocean_menu_typo_line_height_unit":"","ocean_menu_typo_spacing":0,"ocean_menu_typo_spacing_tablet":0,"ocean_menu_typo_spacing_mobile":0,"ocean_menu_typo_spacing_unit":"","ocean_menu_link_color":"","ocean_menu_link_color_hover":"","ocean_menu_link_color_active":"","ocean_menu_link_background":"","ocean_menu_link_hover_background":"","ocean_menu_link_active_background":"","ocean_menu_social_links_bg":"","ocean_menu_social_hover_links_bg":"","ocean_menu_social_links_color":"","ocean_menu_social_hover_links_color":"","ocean_disable_title":"default","ocean_disable_heading":"default","ocean_post_title":"","ocean_post_subheading":"","ocean_post_title_style":"","ocean_post_title_background_color":"","ocean_post_title_background":0,"ocean_post_title_bg_image_position":"","ocean_post_title_bg_image_attachment":"","ocean_post_title_bg_image_repeat":"","ocean_post_title_bg_image_size":"","ocean_post_title_height":0,"ocean_post_title_bg_overlay":0.5,"ocean_post_title_bg_overlay_color":"","ocean_disable_breadcrumbs":"default","ocean_breadcrumbs_color":"","ocean_breadcrumbs_separator_color":"","ocean_breadcrumbs_links_color":"","ocean_breadcrumbs_links_hover_color":"","ocean_display_footer_widgets":"default","ocean_display_footer_bottom":"default","ocean_custom_footer_template":"0","ocean_post_oembed":"","ocean_post_self_hosted_media":"","ocean_post_video_embed":"","ocean_link_format":"","ocean_link_format_target":"self","ocean_quote_format":"","ocean_quote_format_link":"post","ocean_gallery_link_images":"off","ocean_gallery_id":[],"footnotes":""},"categories":[1],"tags":[],"class_list":["post-1028","post","type-post","status-publish","format-standard","has-post-thumbnail","hentry","category-non-classe","entry","has-media"],"_links":{"self":[{"href":"https:\/\/centraide-rcoq.ca\/soq\/wp-json\/wp\/v2\/posts\/1028","targetHints":{"allow":["GET"]}}],"collection":[{"href":"https:\/\/centraide-rcoq.ca\/soq\/wp-json\/wp\/v2\/posts"}],"about":[{"href":"https:\/\/centraide-rcoq.ca\/soq\/wp-json\/wp\/v2\/types\/post"}],"author":[{"embeddable":true,"href":"https:\/\/centraide-rcoq.ca\/soq\/wp-json\/wp\/v2\/users\/2"}],"replies":[{"embeddable":true,"href":"https:\/\/centraide-rcoq.ca\/soq\/wp-json\/wp\/v2\/comments?post=1028"}],"version-history":[{"count":22,"href":"https:\/\/centraide-rcoq.ca\/soq\/wp-json\/wp\/v2\/posts\/1028\/revisions"}],"predecessor-version":[{"id":1100,"href":"https:\/\/centraide-rcoq.ca\/soq\/wp-json\/wp\/v2\/posts\/1028\/revisions\/1100"}],"wp:featuredmedia":[{"embeddable":true,"href":"https:\/\/centraide-rcoq.ca\/soq\/wp-json\/wp\/v2\/media\/965"}],"wp:attachment":[{"href":"https:\/\/centraide-rcoq.ca\/soq\/wp-json\/wp\/v2\/media?parent=1028"}],"wp:term":[{"taxonomy":"category","embeddable":true,"href":"https:\/\/centraide-rcoq.ca\/soq\/wp-json\/wp\/v2\/categories?post=1028"},{"taxonomy":"post_tag","embeddable":true,"href":"https:\/\/centraide-rcoq.ca\/soq\/wp-json\/wp\/v2\/tags?post=1028"}],"curies":[{"name":"wp","href":"https:\/\/api.w.org\/{rel}","templated":true}]}}