{"id":715,"date":"2019-10-31T10:09:35","date_gmt":"2019-10-31T14:09:35","guid":{"rendered":"https:\/\/centraide-rcoq.ca\/mauricie\/?p=715"},"modified":"2019-10-31T10:09:36","modified_gmt":"2019-10-31T14:09:36","slug":"portrait-de-benevole","status":"publish","type":"post","link":"https:\/\/centraide-rcoq.ca\/mauricie\/portrait-de-benevole\/","title":{"rendered":"Portrait de b\u00e9n\u00e9vole"},"content":{"rendered":"\t\t<div data-elementor-type=\"wp-post\" data-elementor-id=\"715\" class=\"elementor elementor-715\" data-elementor-post-type=\"post\">\n\t\t\t\t\t\t<section class=\"elementor-section elementor-top-section elementor-element elementor-element-6591afc elementor-section-boxed elementor-section-height-default elementor-section-height-default\" data-id=\"6591afc\" data-element_type=\"section\" data-e-type=\"section\">\n\t\t\t\t\t\t<div class=\"elementor-container elementor-column-gap-default\">\n\t\t\t\t\t<div class=\"elementor-column elementor-col-100 elementor-top-column elementor-element elementor-element-7f1df29\" data-id=\"7f1df29\" data-element_type=\"column\" data-e-type=\"column\">\n\t\t\t<div class=\"elementor-widget-wrap elementor-element-populated\">\n\t\t\t\t\t\t<div class=\"elementor-element elementor-element-c1bd25b elementor-widget elementor-widget-text-editor\" data-id=\"c1bd25b\" data-element_type=\"widget\" data-e-type=\"widget\" data-widget_type=\"text-editor.default\">\n\t\t\t\t<div class=\"elementor-widget-container\">\n\t\t\t\t\t\t\t\t\t<p><em><span style=\"padding: 0cm; border: 1pt none windowtext;\">L\u2019\u00e9quipe de Centraide Mauricie s\u2019estime privil\u00e9gi\u00e9e d\u2019\u00eatre soutenue d\u2019un Cabinet de campagne form\u00e9 de gens exceptionnels. Ses membres sont des experts dans leur milieu, ils apportent conseils et exp\u00e9riences forts pertinents pour le succ\u00e8s de notre campagne. D\u00e9couvrez qui sont ces b\u00e9n\u00e9voles gr\u00e2ce \u00e0 une s\u00e9rie d\u2019articles qui vous les pr\u00e9senteront individuellement.<\/span><\/em><\/p><p>Donald Olivier est \u00e0 son premier mandat \u00e0 titre de pr\u00e9sident de la campagne annuelle de Centraide Mauricie, mais s\u2019implique au Cabinet depuis quelques ann\u00e9es d\u00e9j\u00e0. Il partage avec nous les raisons qui motivent son implication \u00e0 Centraide.<\/p><p>\u00a0<\/p><p><strong><span style=\"font-size: 16px; letter-spacing: 0.2px;\">Question\u00a0: Pourquoi avez-vous choisi de vous impliquer au sein de Centraide ?<\/span><\/strong><\/p><p><strong>\u00a0<span style=\"font-size: 16px; letter-spacing: 0.2px; padding: 0cm; border: 1pt none windowtext;\">Donald Olivier\u00a0<\/span><span style=\"font-size: 16px; letter-spacing: 0.2px;\">: <\/span><\/strong><span style=\"font-size: 16px; letter-spacing: 0.2px;\">Simplement parce que \u00e7a m\u2019a touch\u00e9 de constater la diff\u00e9rence que Centraide fait jour apr\u00e8s jour aupr\u00e8s de nombreuses personnes dans le besoin et \u00e0 quel point la contribution de Centraide est essentielle pour de nombreux organismes.<\/span><span style=\"font-size: 16px; letter-spacing: 0.2px;\">\u00a0<\/span><\/p><p><strong><span style=\"font-size: 16px; letter-spacing: 0.2px; padding: 0cm; border: 1pt none windowtext;\">Question\u00a0: Qu\u2019est-ce que votre implication vous apporte ?<\/span><\/strong><span style=\"font-size: 16px; letter-spacing: 0.2px;\">\u00a0<\/span><\/p><p><strong><span style=\"padding: 0cm; border: 1pt none windowtext;\">Donald Olivier\u00a0:<\/span><\/strong>\u00a0De m\u2019impliquer avec Centraide me place dans une position active plut\u00f4t que passive face aux enjeux de pauvret\u00e9 et d\u2019isolement social, je sens que je fais une diff\u00e9rence pour quelqu\u2019un, c\u2019est tr\u00e8s valorisant!<span style=\"font-size: 16px; letter-spacing: 0.2px;\">\u00a0<\/span><\/p><p><strong><span style=\"padding: 0cm; border: 1pt none windowtext;\">Question\u00a0: Quelles valeurs partagez-vous avec Centraide ?<\/span><span style=\"font-size: 16px; letter-spacing: 0.2px;\">\u00a0<\/span><\/strong><\/p><p><strong><span style=\"padding: 0cm; border: 1pt none windowtext;\">Donald Olivier\u00a0:<\/span><\/strong>\u00a0C\u2019est enrichissant de c\u00f4toyer les gens de tous les horizons qui gravitent autour de Centraide, j\u2019adore les \u00e9changes honn\u00eates, transparents et sans jugement autour des enjeux sociaux.<span style=\"font-size: 16px; letter-spacing: 0.2px;\">\u00a0<\/span><\/p><p><strong><span style=\"padding: 0cm; border: 1pt none windowtext;\">Question\u00a0: Je ne suis #JamaisIndiff\u00e9rent \u00e0 \u2026<\/span><span style=\"font-size: 16px; letter-spacing: 0.2px;\">\u00a0<\/span><\/strong><\/p><p><strong><span style=\"padding: 0cm; border: 1pt none windowtext;\">Donald Olivier\u00a0<\/span>:<\/strong> \u00c0 mon point de vue, ne jamais plus \u00eatre indiff\u00e9rent passe par vouloir faire une diff\u00e9rence et se mettre en action, il faut que vous trouviez <u>votre<\/u> fa\u00e7on de faire une diff\u00e9rence!<span style=\"font-size: 16px; letter-spacing: 0.2px;\">\u00a0<\/span><\/p><p><strong><span style=\"padding: 0cm; border: 1pt none windowtext;\">Question : Que d\u00e9sirez-vous accomplir en vous impliquant aupr\u00e8s de Centraide ?<\/span><span style=\"font-size: 16px; letter-spacing: 0.2px;\">\u00a0<\/span><\/strong><\/p><p><span style=\"padding: 0cm; border: 1pt none windowtext;\"><strong>Donald Olivier\u00a0:<\/strong>\u00a0<\/span>Faire la plus grande diff\u00e9rence possible et convaincre encore plus de personnes \u00e0 se mettre en action pour eux aussi faire une diff\u00e9rence dans leur communaut\u00e9!<\/p><p>\u00a0<\/p>\t\t\t\t\t\t\t\t<\/div>\n\t\t\t\t<\/div>\n\t\t\t\t\t<\/div>\n\t\t<\/div>\n\t\t\t\t\t<\/div>\n\t\t<\/section>\n\t\t\t\t<\/div>\n\t\t","protected":false},"excerpt":{"rendered":"<p>L\u2019\u00e9quipe de Centraide Mauricie s\u2019estime privil\u00e9gi\u00e9e d\u2019\u00eatre soutenue d\u2019un Cabinet de campagne form\u00e9 de gens exceptionnels. Ses membres sont des experts dans leur milieu, ils apportent conseils et exp\u00e9riences forts pertinents pour le succ\u00e8s de notre campagne. D\u00e9couvrez qui sont ces b\u00e9n\u00e9voles gr\u00e2ce \u00e0 une s\u00e9rie d\u2019articles qui vous les pr\u00e9senteront individuellement. Donald Olivier est [&hellip;]<\/p>\n","protected":false},"author":2,"featured_media":588,"comment_status":"open","ping_status":"open","sticky":false,"template":"","format":"standard","meta":{"ocean_post_layout":"","ocean_both_sidebars_style":"","ocean_both_sidebars_content_width":0,"ocean_both_sidebars_sidebars_width":0,"ocean_sidebar":"0","ocean_second_sidebar":"0","ocean_disable_margins":"enable","ocean_add_body_class":"","ocean_shortcode_before_top_bar":"","ocean_shortcode_after_top_bar":"","ocean_shortcode_before_header":"","ocean_shortcode_after_header":"","ocean_has_shortcode":"","ocean_shortcode_after_title":"","ocean_shortcode_before_footer_widgets":"","ocean_shortcode_after_footer_widgets":"","ocean_shortcode_before_footer_bottom":"","ocean_shortcode_after_footer_bottom":"","ocean_display_top_bar":"default","ocean_display_header":"default","ocean_header_style":"","ocean_center_header_left_menu":"0","ocean_custom_header_template":"0","ocean_custom_logo":0,"ocean_custom_retina_logo":0,"ocean_custom_logo_max_width":0,"ocean_custom_logo_tablet_max_width":0,"ocean_custom_logo_mobile_max_width":0,"ocean_custom_logo_max_height":0,"ocean_custom_logo_tablet_max_height":0,"ocean_custom_logo_mobile_max_height":0,"ocean_header_custom_menu":"0","ocean_menu_typo_font_family":"0","ocean_menu_typo_font_subset":"","ocean_menu_typo_font_size":0,"ocean_menu_typo_font_size_tablet":0,"ocean_menu_typo_font_size_mobile":0,"ocean_menu_typo_font_size_unit":"px","ocean_menu_typo_font_weight":"","ocean_menu_typo_font_weight_tablet":"","ocean_menu_typo_font_weight_mobile":"","ocean_menu_typo_transform":"","ocean_menu_typo_transform_tablet":"","ocean_menu_typo_transform_mobile":"","ocean_menu_typo_line_height":0,"ocean_menu_typo_line_height_tablet":0,"ocean_menu_typo_line_height_mobile":0,"ocean_menu_typo_line_height_unit":"","ocean_menu_typo_spacing":0,"ocean_menu_typo_spacing_tablet":0,"ocean_menu_typo_spacing_mobile":0,"ocean_menu_typo_spacing_unit":"","ocean_menu_link_color":"","ocean_menu_link_color_hover":"","ocean_menu_link_color_active":"","ocean_menu_link_background":"","ocean_menu_link_hover_background":"","ocean_menu_link_active_background":"","ocean_menu_social_links_bg":"","ocean_menu_social_hover_links_bg":"","ocean_menu_social_links_color":"","ocean_menu_social_hover_links_color":"","ocean_disable_title":"default","ocean_disable_heading":"default","ocean_post_title":"","ocean_post_subheading":"","ocean_post_title_style":"","ocean_post_title_background_color":"","ocean_post_title_background":0,"ocean_post_title_bg_image_position":"","ocean_post_title_bg_image_attachment":"","ocean_post_title_bg_image_repeat":"","ocean_post_title_bg_image_size":"","ocean_post_title_height":0,"ocean_post_title_bg_overlay":0.5,"ocean_post_title_bg_overlay_color":"","ocean_disable_breadcrumbs":"default","ocean_breadcrumbs_color":"","ocean_breadcrumbs_separator_color":"","ocean_breadcrumbs_links_color":"","ocean_breadcrumbs_links_hover_color":"","ocean_display_footer_widgets":"default","ocean_display_footer_bottom":"default","ocean_custom_footer_template":"0","ocean_post_oembed":"","ocean_post_self_hosted_media":"","ocean_post_video_embed":"","ocean_link_format":"","ocean_link_format_target":"self","ocean_quote_format":"","ocean_quote_format_link":"post","ocean_gallery_link_images":"off","ocean_gallery_id":[],"footnotes":""},"categories":[7],"tags":[],"class_list":["post-715","post","type-post","status-publish","format-standard","has-post-thumbnail","hentry","category-nouvelles","entry","has-media"],"_links":{"self":[{"href":"https:\/\/centraide-rcoq.ca\/mauricie\/wp-json\/wp\/v2\/posts\/715","targetHints":{"allow":["GET"]}}],"collection":[{"href":"https:\/\/centraide-rcoq.ca\/mauricie\/wp-json\/wp\/v2\/posts"}],"about":[{"href":"https:\/\/centraide-rcoq.ca\/mauricie\/wp-json\/wp\/v2\/types\/post"}],"author":[{"embeddable":true,"href":"https:\/\/centraide-rcoq.ca\/mauricie\/wp-json\/wp\/v2\/users\/2"}],"replies":[{"embeddable":true,"href":"https:\/\/centraide-rcoq.ca\/mauricie\/wp-json\/wp\/v2\/comments?post=715"}],"version-history":[{"count":4,"href":"https:\/\/centraide-rcoq.ca\/mauricie\/wp-json\/wp\/v2\/posts\/715\/revisions"}],"predecessor-version":[{"id":720,"href":"https:\/\/centraide-rcoq.ca\/mauricie\/wp-json\/wp\/v2\/posts\/715\/revisions\/720"}],"wp:featuredmedia":[{"embeddable":true,"href":"https:\/\/centraide-rcoq.ca\/mauricie\/wp-json\/wp\/v2\/media\/588"}],"wp:attachment":[{"href":"https:\/\/centraide-rcoq.ca\/mauricie\/wp-json\/wp\/v2\/media?parent=715"}],"wp:term":[{"taxonomy":"category","embeddable":true,"href":"https:\/\/centraide-rcoq.ca\/mauricie\/wp-json\/wp\/v2\/categories?post=715"},{"taxonomy":"post_tag","embeddable":true,"href":"https:\/\/centraide-rcoq.ca\/mauricie\/wp-json\/wp\/v2\/tags?post=715"}],"curies":[{"name":"wp","href":"https:\/\/api.w.org\/{rel}","templated":true}]}}