{"id":689,"date":"2019-09-27T14:47:13","date_gmt":"2019-09-27T18:47:13","guid":{"rendered":"https:\/\/centraide-rcoq.ca\/mauricie\/?p=689"},"modified":"2019-09-27T14:47:21","modified_gmt":"2019-09-27T18:47:21","slug":"lancement-de-campagne","status":"publish","type":"post","link":"https:\/\/centraide-rcoq.ca\/mauricie\/lancement-de-campagne\/","title":{"rendered":"Lancement de campagne"},"content":{"rendered":"\t\t<div data-elementor-type=\"wp-post\" data-elementor-id=\"689\" class=\"elementor elementor-689\" data-elementor-post-type=\"post\">\n\t\t\t\t\t\t<section class=\"elementor-section elementor-top-section elementor-element elementor-element-6229dac elementor-section-boxed elementor-section-height-default elementor-section-height-default\" data-id=\"6229dac\" data-element_type=\"section\" data-e-type=\"section\">\n\t\t\t\t\t\t<div class=\"elementor-container elementor-column-gap-default\">\n\t\t\t\t\t<div class=\"elementor-column elementor-col-100 elementor-top-column elementor-element elementor-element-57acf98\" data-id=\"57acf98\" data-element_type=\"column\" data-e-type=\"column\">\n\t\t\t<div class=\"elementor-widget-wrap elementor-element-populated\">\n\t\t\t\t\t\t<div class=\"elementor-element elementor-element-736f668 elementor-widget elementor-widget-text-editor\" data-id=\"736f668\" data-element_type=\"widget\" data-e-type=\"widget\" data-widget_type=\"text-editor.default\">\n\t\t\t\t<div class=\"elementor-widget-container\">\n\t\t\t\t\t\t\t\t\t<p><b><span style=\"font-size: 10.0pt; line-height: 107%; font-family: 'Avenir LT Std 35 Light',sans-serif;\">Trois-Rivi\u00e8res, le 18 septembre 2019<\/span><\/b><span style=\"font-size: 10.0pt; line-height: 107%; font-family: 'Avenir LT Std 35 Light',sans-serif;\"> \u2013 La traditionnelle Marche des parapluies de Centraide Mauricie a donn\u00e9 le coup d\u2019envoi \u00e0 la campagne 2019. \u00ab&nbsp;C\u2019est en guise de symbole de leur appui \u00e0 un grand r\u00e9seau de soutien pour des milliers de jeunes, de familles et d\u2019a\u00een\u00e9s en difficult\u00e9s, que les donateurs et les partenaires communautaires ont march\u00e9, parapluie \u00e0 la main, dans les rues de Trois-Rivi\u00e8res&nbsp;\u00bb indique M. Donald Olivier, nouveau pr\u00e9sident du Cabinet de campagne. <\/span><\/p>\n<p style=\"text-align: justify;\"><span style=\"font-size: 10.0pt; line-height: 107%; font-family: 'Avenir LT Std 35 Light',sans-serif;\">Bien qu\u2019\u00e9tant \u00e0 sa toute premi\u00e8re campagne pour Centraide Mauricie, M. Olivier peut compter sur l\u2019engagement des membres du cabinet soient&nbsp;: Zineb Norry, Giles Hudon, Johanne Hinse, Pierre Mercier, \u00c9ric Milette, David Maden, Alexandre Fournier, David B\u00e9langer et Sylvain Houle. \u00ab&nbsp;Nous travaillons depuis plusieurs mois d\u00e9j\u00e0 \u00e0 faire de cette campagne un succ\u00e8s. Le cabinet est mobilis\u00e9 et de tr\u00e8s beaux projets sont sur la table&nbsp;\u00bb insiste-t-il. <\/span><\/p>\n<p style=\"text-align: justify;\"><span style=\"font-size: 10.0pt; line-height: 107%; font-family: 'Avenir LT Std 35 Light',sans-serif;\">\u00ab&nbsp;\u00c0 propos des innovations \u00e0 la campagne, depuis la fusion de Centraide Mauricie avec 5 autres Centraide, sous l\u2019\u00e9gide de Centraide des R\u00e9gions du centre-ouest du Qu\u00e9bec, nous avons pu faire l\u2019acquisition d\u2019une plateforme de dons qui s\u2019est r\u00e9v\u00e9l\u00e9e \u00eatre un succ\u00e8s dans toutes les entreprises o\u00f9 elle a \u00e9t\u00e9 implant\u00e9e l\u2019an dernier. C\u2019est d\u2019ailleurs 15&nbsp;000 personnes qui seront sollicit\u00e9es par l\u2019entremise de cette plateforme cet automne&nbsp;\u00bb compl\u00e8te Julie Colbert, directrice r\u00e9gionale de Centraide Mauricie.<\/span><\/p>\n<p style=\"text-align: justify;\"><span style=\"font-family: 'Avenir Light', sans-serif; font-size: 10pt; letter-spacing: 0.2px;\">&nbsp; &nbsp; &nbsp; &nbsp; &nbsp; &nbsp; &nbsp; &nbsp; &nbsp; &nbsp; &nbsp; &nbsp; &nbsp; &nbsp; &nbsp; &nbsp; &nbsp; &nbsp; &nbsp; &nbsp; &nbsp; &nbsp; &nbsp; &nbsp; &nbsp; &nbsp; &nbsp; &nbsp; &nbsp; &nbsp;&nbsp;<\/span><\/p>\t\t\t\t\t\t\t\t<\/div>\n\t\t\t\t<\/div>\n\t\t\t\t<div class=\"elementor-element elementor-element-7053ef1 elementor-widget elementor-widget-image\" data-id=\"7053ef1\" data-element_type=\"widget\" data-e-type=\"widget\" data-widget_type=\"image.default\">\n\t\t\t\t<div class=\"elementor-widget-container\">\n\t\t\t\t\t\t\t\t\t\t\t\t\t\t\t<img decoding=\"async\" src=\"https:\/\/centraide-rcoq.ca\/mauricie\/wp-content\/uploads\/sites\/11\/elementor\/thumbs\/lancement-mauricie-oeecj1on4dxyeqpzkfbqybuvvezxniljp3nt072ydw.jpg\" title=\"lancement mauricie\" alt=\"lancement mauricie\" loading=\"lazy\" \/>\t\t\t\t\t\t\t\t\t\t\t\t\t\t\t<\/div>\n\t\t\t\t<\/div>\n\t\t\t\t\t<\/div>\n\t\t<\/div>\n\t\t\t\t\t<\/div>\n\t\t<\/section>\n\t\t\t\t<section class=\"elementor-section elementor-top-section elementor-element elementor-element-9772bd4 elementor-section-boxed elementor-section-height-default elementor-section-height-default\" data-id=\"9772bd4\" data-element_type=\"section\" data-e-type=\"section\">\n\t\t\t\t\t\t<div class=\"elementor-container elementor-column-gap-default\">\n\t\t\t\t\t<div class=\"elementor-column elementor-col-100 elementor-top-column elementor-element elementor-element-8a55303\" data-id=\"8a55303\" data-element_type=\"column\" data-e-type=\"column\">\n\t\t\t<div class=\"elementor-widget-wrap elementor-element-populated\">\n\t\t\t\t\t\t<div class=\"elementor-element elementor-element-82eb873 elementor-widget elementor-widget-text-editor\" data-id=\"82eb873\" data-element_type=\"widget\" data-e-type=\"widget\" data-widget_type=\"text-editor.default\">\n\t\t\t\t<div class=\"elementor-widget-container\">\n\t\t\t\t\t\t\t\t\t<p><strong>Nouvelle image<\/strong><\/p><p>\u00a0\u00ab\u00a0Les enjeux sociaux sont trop souvent ignor\u00e9s et nous nous devons de lever le voile sur ceux-ci qui, autrement, n\u2019attireraient l\u2019attention que d\u2019une trop petite part de la population. Si nous souhaitons que tous les citoyens agissent ici, avec c\u0153ur, nous devons d\u2019abord attirer leur attention\u00a0\u00bb a soulign\u00e9 madame Colbert, qui d\u00e9voilait la nouvelle image de Centraide Mauricie. Cette nouvelle image, port\u00e9e par une couleur voyante, est une invitation \u00e0 agir pour changer les choses et repose sur la fiert\u00e9 que nous avons de vivre dans des villes et des communaut\u00e9s que nous aimons, entour\u00e9 des gens qui nous sont chers. C\u2019est une fa\u00e7on d\u2019amener les enjeux locaux sur la place publique. De les rendre pertinents, concrets et surtout, de s\u2019assurer que, face \u00e0 eux, nous ne soyons jamais indiff\u00e9rents.<\/p><p><strong>Agissez ici, avec coeur<\/strong><\/p><p>Dans les prochaines semaines, la population de la Mauricie sera sollicit\u00e9e pour faire un don \u00e0 Centraide. Que ce soit pour assurer l\u2019essentiel, soutenir la r\u00e9ussite des jeunes, briser l\u2019isolement social ou b\u00e2tir des milieux rassembleurs, agissez ici, avec c\u0153ur et r\u00e9pondez positivement \u00e0 cet appel de g\u00e9n\u00e9rosit\u00e9!<\/p><p>\u00a0<\/p><p><strong>\u00c0 propos de Centraide<\/strong><\/p><p><em>Toutes les r\u00e9gions du Qu\u00e9bec sont desservies par les Centraide et chacun d&rsquo;eux\u00a0recueille des dons\u00a0sur son territoire pour les\u00a0y investir afin d&rsquo;agir sur la pauvret\u00e9 et l&rsquo;exclusion sociale. Les Centraide soutiennent environ 1 500 organismes et projets communautaires qui viennent en aide \u00e0 pr\u00e8s de\u00a01,5 million de personnes au Qu\u00e9bec.<\/em><\/p><p>-30-<\/p><p>Renseignements\u00a0: \u00a0\u00a0\u00a0\u00a0\u00a0\u00a0\u00a0\u00a0\u00a0\u00a0\u00a0\u00a0\u00a0\u00a0\u00a0\u00a0\u00a0 Julie Colbert <br \/>\u00a0\u00a0\u00a0\u00a0\u00a0\u00a0\u00a0\u00a0\u00a0\u00a0\u00a0\u00a0\u00a0\u00a0\u00a0\u00a0\u00a0\u00a0\u00a0\u00a0\u00a0\u00a0\u00a0\u00a0\u00a0\u00a0\u00a0\u00a0\u00a0\u00a0\u00a0\u00a0\u00a0\u00a0\u00a0 \u00a0\u00a0\u00a0\u00a0\u00a0\u00a0\u00a0\u00a0\u00a0\u00a0\u00a0\u00a0\u00a0\u00a0\u00a0\u00a0\u00a0\u00a0\u00a0\u00a0\u00a0\u00a0\u00a0 Directrice r\u00e9gionale Centraide Mauricie<br \/>\u00a0\u00a0\u00a0\u00a0\u00a0\u00a0\u00a0\u00a0\u00a0\u00a0\u00a0\u00a0\u00a0\u00a0\u00a0\u00a0\u00a0\u00a0\u00a0\u00a0\u00a0\u00a0\u00a0\u00a0\u00a0\u00a0\u00a0\u00a0\u00a0\u00a0\u00a0\u00a0\u00a0\u00a0\u00a0 \u00a0\u00a0\u00a0\u00a0\u00a0\u00a0\u00a0\u00a0\u00a0\u00a0\u00a0\u00a0\u00a0\u00a0\u00a0\u00a0\u00a0\u00a0\u00a0\u00a0\u00a0\u00a0\u00a0 819\u00a0374-6207 poste 227<br \/>\u00a0\u00a0\u00a0\u00a0\u00a0\u00a0\u00a0\u00a0\u00a0\u00a0\u00a0\u00a0\u00a0\u00a0\u00a0\u00a0\u00a0\u00a0\u00a0\u00a0\u00a0\u00a0\u00a0\u00a0\u00a0\u00a0\u00a0\u00a0\u00a0\u00a0\u00a0\u00a0\u00a0\u00a0\u00a0\u00a0\u00a0\u00a0\u00a0\u00a0\u00a0\u00a0\u00a0\u00a0\u00a0\u00a0\u00a0\u00a0\u00a0\u00a0\u00a0\u00a0\u00a0\u00a0\u00a0\u00a0\u00a0\u00a0 julie.colbert@centraidemauricie.ca\u00a0\u00a0 <\/p>\t\t\t\t\t\t\t\t<\/div>\n\t\t\t\t<\/div>\n\t\t\t\t\t<\/div>\n\t\t<\/div>\n\t\t\t\t\t<\/div>\n\t\t<\/section>\n\t\t\t\t<\/div>\n\t\t","protected":false},"excerpt":{"rendered":"<p>Trois-Rivi\u00e8res, le 18 septembre 2019 \u2013 La traditionnelle Marche des parapluies de Centraide Mauricie a donn\u00e9 le coup d\u2019envoi \u00e0 la campagne 2019. \u00ab&nbsp;C\u2019est en guise de symbole de leur appui \u00e0 un grand r\u00e9seau de soutien pour des milliers de jeunes, de familles et d\u2019a\u00een\u00e9s en difficult\u00e9s, que les donateurs et les partenaires communautaires [&hellip;]<\/p>\n","protected":false},"author":2,"featured_media":690,"comment_status":"open","ping_status":"open","sticky":false,"template":"","format":"standard","meta":{"ocean_post_layout":"","ocean_both_sidebars_style":"","ocean_both_sidebars_content_width":0,"ocean_both_sidebars_sidebars_width":0,"ocean_sidebar":"0","ocean_second_sidebar":"0","ocean_disable_margins":"enable","ocean_add_body_class":"","ocean_shortcode_before_top_bar":"","ocean_shortcode_after_top_bar":"","ocean_shortcode_before_header":"","ocean_shortcode_after_header":"","ocean_has_shortcode":"","ocean_shortcode_after_title":"","ocean_shortcode_before_footer_widgets":"","ocean_shortcode_after_footer_widgets":"","ocean_shortcode_before_footer_bottom":"","ocean_shortcode_after_footer_bottom":"","ocean_display_top_bar":"default","ocean_display_header":"default","ocean_header_style":"","ocean_center_header_left_menu":"0","ocean_custom_header_template":"0","ocean_custom_logo":0,"ocean_custom_retina_logo":0,"ocean_custom_logo_max_width":0,"ocean_custom_logo_tablet_max_width":0,"ocean_custom_logo_mobile_max_width":0,"ocean_custom_logo_max_height":0,"ocean_custom_logo_tablet_max_height":0,"ocean_custom_logo_mobile_max_height":0,"ocean_header_custom_menu":"0","ocean_menu_typo_font_family":"0","ocean_menu_typo_font_subset":"","ocean_menu_typo_font_size":0,"ocean_menu_typo_font_size_tablet":0,"ocean_menu_typo_font_size_mobile":0,"ocean_menu_typo_font_size_unit":"px","ocean_menu_typo_font_weight":"","ocean_menu_typo_font_weight_tablet":"","ocean_menu_typo_font_weight_mobile":"","ocean_menu_typo_transform":"","ocean_menu_typo_transform_tablet":"","ocean_menu_typo_transform_mobile":"","ocean_menu_typo_line_height":0,"ocean_menu_typo_line_height_tablet":0,"ocean_menu_typo_line_height_mobile":0,"ocean_menu_typo_line_height_unit":"","ocean_menu_typo_spacing":0,"ocean_menu_typo_spacing_tablet":0,"ocean_menu_typo_spacing_mobile":0,"ocean_menu_typo_spacing_unit":"","ocean_menu_link_color":"","ocean_menu_link_color_hover":"","ocean_menu_link_color_active":"","ocean_menu_link_background":"","ocean_menu_link_hover_background":"","ocean_menu_link_active_background":"","ocean_menu_social_links_bg":"","ocean_menu_social_hover_links_bg":"","ocean_menu_social_links_color":"","ocean_menu_social_hover_links_color":"","ocean_disable_title":"default","ocean_disable_heading":"default","ocean_post_title":"","ocean_post_subheading":"","ocean_post_title_style":"","ocean_post_title_background_color":"","ocean_post_title_background":0,"ocean_post_title_bg_image_position":"","ocean_post_title_bg_image_attachment":"","ocean_post_title_bg_image_repeat":"","ocean_post_title_bg_image_size":"","ocean_post_title_height":0,"ocean_post_title_bg_overlay":0.5,"ocean_post_title_bg_overlay_color":"","ocean_disable_breadcrumbs":"default","ocean_breadcrumbs_color":"","ocean_breadcrumbs_separator_color":"","ocean_breadcrumbs_links_color":"","ocean_breadcrumbs_links_hover_color":"","ocean_display_footer_widgets":"default","ocean_display_footer_bottom":"default","ocean_custom_footer_template":"0","ocean_post_oembed":"","ocean_post_self_hosted_media":"","ocean_post_video_embed":"","ocean_link_format":"","ocean_link_format_target":"self","ocean_quote_format":"","ocean_quote_format_link":"post","ocean_gallery_link_images":"off","ocean_gallery_id":[],"footnotes":""},"categories":[7],"tags":[],"class_list":["post-689","post","type-post","status-publish","format-standard","has-post-thumbnail","hentry","category-nouvelles","entry","has-media"],"_links":{"self":[{"href":"https:\/\/centraide-rcoq.ca\/mauricie\/wp-json\/wp\/v2\/posts\/689","targetHints":{"allow":["GET"]}}],"collection":[{"href":"https:\/\/centraide-rcoq.ca\/mauricie\/wp-json\/wp\/v2\/posts"}],"about":[{"href":"https:\/\/centraide-rcoq.ca\/mauricie\/wp-json\/wp\/v2\/types\/post"}],"author":[{"embeddable":true,"href":"https:\/\/centraide-rcoq.ca\/mauricie\/wp-json\/wp\/v2\/users\/2"}],"replies":[{"embeddable":true,"href":"https:\/\/centraide-rcoq.ca\/mauricie\/wp-json\/wp\/v2\/comments?post=689"}],"version-history":[{"count":2,"href":"https:\/\/centraide-rcoq.ca\/mauricie\/wp-json\/wp\/v2\/posts\/689\/revisions"}],"predecessor-version":[{"id":693,"href":"https:\/\/centraide-rcoq.ca\/mauricie\/wp-json\/wp\/v2\/posts\/689\/revisions\/693"}],"wp:featuredmedia":[{"embeddable":true,"href":"https:\/\/centraide-rcoq.ca\/mauricie\/wp-json\/wp\/v2\/media\/690"}],"wp:attachment":[{"href":"https:\/\/centraide-rcoq.ca\/mauricie\/wp-json\/wp\/v2\/media?parent=689"}],"wp:term":[{"taxonomy":"category","embeddable":true,"href":"https:\/\/centraide-rcoq.ca\/mauricie\/wp-json\/wp\/v2\/categories?post=689"},{"taxonomy":"post_tag","embeddable":true,"href":"https:\/\/centraide-rcoq.ca\/mauricie\/wp-json\/wp\/v2\/tags?post=689"}],"curies":[{"name":"wp","href":"https:\/\/api.w.org\/{rel}","templated":true}]}}