{"id":2954,"date":"2025-06-04T09:17:51","date_gmt":"2025-06-04T13:17:51","guid":{"rendered":"https:\/\/centraide-rcoq.ca\/mauricie\/?p=2954"},"modified":"2025-06-04T11:41:53","modified_gmt":"2025-06-04T15:41:53","slug":"patrick-charette-prend-la-barre-du-cabinet-de-campagne-de-centraide-mauricie","status":"publish","type":"post","link":"https:\/\/centraide-rcoq.ca\/mauricie\/patrick-charette-prend-la-barre-du-cabinet-de-campagne-de-centraide-mauricie\/","title":{"rendered":"Patrick Charette prend la barre du cabinet de campagne de Centraide Mauricie"},"content":{"rendered":"<div class=\"wp-block-image\">\n<figure class=\"alignleft size-large is-resized\"><img fetchpriority=\"high\" decoding=\"async\" width=\"1000\" height=\"1334\" src=\"https:\/\/centraide-rcoq.ca\/mauricie\/wp-content\/uploads\/sites\/11\/2025\/06\/Patrick-Charette_Cabinet_Centraide-Mauricie-edited.jpg\" alt=\"Patrick Charette_Cabinet_Centraide Mauricie\" class=\"wp-image-2962\" style=\"width:201px;height:auto\" srcset=\"https:\/\/centraide-rcoq.ca\/mauricie\/wp-content\/uploads\/sites\/11\/2025\/06\/Patrick-Charette_Cabinet_Centraide-Mauricie-edited.jpg 1000w, https:\/\/centraide-rcoq.ca\/mauricie\/wp-content\/uploads\/sites\/11\/2025\/06\/Patrick-Charette_Cabinet_Centraide-Mauricie-edited-225x300.jpg 225w, https:\/\/centraide-rcoq.ca\/mauricie\/wp-content\/uploads\/sites\/11\/2025\/06\/Patrick-Charette_Cabinet_Centraide-Mauricie-edited-768x1025.jpg 768w\" sizes=\"(max-width: 1000px) 100vw, 1000px\" \/><figcaption class=\"wp-element-caption\">Patrick Charette<\/figcaption><\/figure>\n<\/div>\n\n\n<p>Centraide Mauricie est heureux d\u2019annoncer <strong>la nomination de M. Patrick Charette<\/strong>, pr\u00e9sident-directeur g\u00e9n\u00e9ral d\u2019Excelpro,<strong> \u00e0 titre de pr\u00e9sident du cabinet de campagne pour les ann\u00e9es 2025 et 2026<\/strong>. Leader d\u2019influence et citoyen profond\u00e9ment engag\u00e9 dans les causes sociales, il contribue activement aux travaux du cabinet de campagne de Centraide, M. Charette mettra son expertise et son \u00e9nergie au service de la mission de Centraide, au b\u00e9n\u00e9fice des personnes en situation de vuln\u00e9rabilit\u00e9.<\/p>\n\n\n\n<p><strong>Cette nomination marque le passage de relais avec M. Hugues Lamarche<\/strong>, directeur \u00e0 l\u2019Agence du revenu du Canada \u2013 Centre national de v\u00e9rification et de recouvrement, qui a occup\u00e9 la pr\u00e9sidence du cabinet de campagne avec brio durant les deux derni\u00e8res ann\u00e9es.<\/p>\n\n\n<div class=\"wp-block-image\">\n<figure class=\"alignright size-large is-resized\"><img decoding=\"async\" width=\"819\" height=\"1024\" src=\"https:\/\/centraide-rcoq.ca\/mauricie\/wp-content\/uploads\/sites\/11\/2022\/10\/Hugues-Lamarche-Cabinet_22-MAU_MOY-819x1024.jpg\" alt=\"Hugues Lamarche-Cabinet_22 MAU_MOY\" class=\"wp-image-1752\" style=\"width:179px;height:auto\" srcset=\"https:\/\/centraide-rcoq.ca\/mauricie\/wp-content\/uploads\/sites\/11\/2022\/10\/Hugues-Lamarche-Cabinet_22-MAU_MOY-819x1024.jpg 819w, https:\/\/centraide-rcoq.ca\/mauricie\/wp-content\/uploads\/sites\/11\/2022\/10\/Hugues-Lamarche-Cabinet_22-MAU_MOY-240x300.jpg 240w, https:\/\/centraide-rcoq.ca\/mauricie\/wp-content\/uploads\/sites\/11\/2022\/10\/Hugues-Lamarche-Cabinet_22-MAU_MOY-768x960.jpg 768w, https:\/\/centraide-rcoq.ca\/mauricie\/wp-content\/uploads\/sites\/11\/2022\/10\/Hugues-Lamarche-Cabinet_22-MAU_MOY-1229x1536.jpg 1229w, https:\/\/centraide-rcoq.ca\/mauricie\/wp-content\/uploads\/sites\/11\/2022\/10\/Hugues-Lamarche-Cabinet_22-MAU_MOY.jpg 1295w\" sizes=\"(max-width: 819px) 100vw, 819px\" \/><figcaption class=\"wp-element-caption\">Hugues Lamarche<\/figcaption><\/figure>\n<\/div>\n\n\n<p>\u00ab Je tiens \u00e0 remercier chaleureusement M. Hugues Lamarche pour son engagement remarquable au cours des deux derni\u00e8res ann\u00e9es. Son leadership mobilisateur a permis de rassembler notre communaut\u00e9 autour d\u2019une cause essentielle et, gr\u00e2ce \u00e0 lui, nous avons franchi une \u00e9tape majeure dans notre capacit\u00e9 d\u2019agir concr\u00e8tement sur le terrain.<\/p>\n\n\n\n<p>Alors que nous amor\u00e7ons la campagne 2025, <strong>l\u2019arriv\u00e9e de M. Patrick Charette \u00e0 la pr\u00e9sidence du cabinet marque une nouvelle page<\/strong>, pleine de promesses. Son engagement social est profond, son ancrage r\u00e9gional solide, et sa capacit\u00e9 \u00e0 rallier les forces vives du milieu en fait un alli\u00e9 strat\u00e9gique de premier plan.<\/p>\n\n\n\n<p>Dans un contexte o\u00f9 les besoins ne cessent de cro\u00eetre, je suis convaincu qu\u2019il saura porter cette campagne avec conviction, rigueur et c\u0153ur \u00bb, a d\u00e9clar\u00e9 <strong>Marc H-Plante, directeur du d\u00e9veloppement et des partenariats de Centraide Mauricie<\/strong>.<\/p>\n\n\n\n<p>Le <a href=\"https:\/\/centraide-rcoq.ca\/mauricie\/vous-impliquer\/\" target=\"_blank\" rel=\"noreferrer noopener\">cabinet de campagne <\/a>r\u00e9unit des acteurs influents du milieu des affaires, de l\u2019\u00e9ducation, de la sant\u00e9 et du communautaire, tous unis autour d\u2019une cause commune : <strong>faire de la Mauricie un milieu de vie plus juste, solidaire et inclusif.<\/strong><\/p>\n\n\n\n<p><\/p>\n","protected":false},"excerpt":{"rendered":"<p>Centraide Mauricie est heureux d\u2019annoncer la nomination de M. Patrick Charette, pr\u00e9sident-directeur g\u00e9n\u00e9ral d\u2019Excelpro, \u00e0 titre de pr\u00e9sident du cabinet de campagne pour les ann\u00e9es 2025 et 2026. Leader d\u2019influence et citoyen profond\u00e9ment engag\u00e9 dans les causes sociales, il contribue activement aux travaux du cabinet de campagne de Centraide, M. Charette mettra son expertise et [&hellip;]<\/p>\n","protected":false},"author":2,"featured_media":2957,"comment_status":"closed","ping_status":"closed","sticky":false,"template":"","format":"standard","meta":{"ocean_post_layout":"","ocean_both_sidebars_style":"","ocean_both_sidebars_content_width":0,"ocean_both_sidebars_sidebars_width":0,"ocean_sidebar":"","ocean_second_sidebar":"","ocean_disable_margins":"enable","ocean_add_body_class":"","ocean_shortcode_before_top_bar":"","ocean_shortcode_after_top_bar":"","ocean_shortcode_before_header":"","ocean_shortcode_after_header":"","ocean_has_shortcode":"","ocean_shortcode_after_title":"","ocean_shortcode_before_footer_widgets":"","ocean_shortcode_after_footer_widgets":"","ocean_shortcode_before_footer_bottom":"","ocean_shortcode_after_footer_bottom":"","ocean_display_top_bar":"default","ocean_display_header":"default","ocean_header_style":"","ocean_center_header_left_menu":"","ocean_custom_header_template":"","ocean_custom_logo":0,"ocean_custom_retina_logo":0,"ocean_custom_logo_max_width":0,"ocean_custom_logo_tablet_max_width":0,"ocean_custom_logo_mobile_max_width":0,"ocean_custom_logo_max_height":0,"ocean_custom_logo_tablet_max_height":0,"ocean_custom_logo_mobile_max_height":0,"ocean_header_custom_menu":"","ocean_menu_typo_font_family":"","ocean_menu_typo_font_subset":"","ocean_menu_typo_font_size":0,"ocean_menu_typo_font_size_tablet":0,"ocean_menu_typo_font_size_mobile":0,"ocean_menu_typo_font_size_unit":"px","ocean_menu_typo_font_weight":"","ocean_menu_typo_font_weight_tablet":"","ocean_menu_typo_font_weight_mobile":"","ocean_menu_typo_transform":"","ocean_menu_typo_transform_tablet":"","ocean_menu_typo_transform_mobile":"","ocean_menu_typo_line_height":0,"ocean_menu_typo_line_height_tablet":0,"ocean_menu_typo_line_height_mobile":0,"ocean_menu_typo_line_height_unit":"","ocean_menu_typo_spacing":0,"ocean_menu_typo_spacing_tablet":0,"ocean_menu_typo_spacing_mobile":0,"ocean_menu_typo_spacing_unit":"","ocean_menu_link_color":"","ocean_menu_link_color_hover":"","ocean_menu_link_color_active":"","ocean_menu_link_background":"","ocean_menu_link_hover_background":"","ocean_menu_link_active_background":"","ocean_menu_social_links_bg":"","ocean_menu_social_hover_links_bg":"","ocean_menu_social_links_color":"","ocean_menu_social_hover_links_color":"","ocean_disable_title":"default","ocean_disable_heading":"default","ocean_post_title":"","ocean_post_subheading":"","ocean_post_title_style":"","ocean_post_title_background_color":"","ocean_post_title_background":0,"ocean_post_title_bg_image_position":"","ocean_post_title_bg_image_attachment":"","ocean_post_title_bg_image_repeat":"","ocean_post_title_bg_image_size":"","ocean_post_title_height":0,"ocean_post_title_bg_overlay":0.5,"ocean_post_title_bg_overlay_color":"","ocean_disable_breadcrumbs":"default","ocean_breadcrumbs_color":"","ocean_breadcrumbs_separator_color":"","ocean_breadcrumbs_links_color":"","ocean_breadcrumbs_links_hover_color":"","ocean_display_footer_widgets":"default","ocean_display_footer_bottom":"default","ocean_custom_footer_template":"","ocean_post_oembed":"","ocean_post_self_hosted_media":"","ocean_post_video_embed":"","ocean_link_format":"","ocean_link_format_target":"self","ocean_quote_format":"","ocean_quote_format_link":"post","ocean_gallery_link_images":"on","ocean_gallery_id":[],"footnotes":""},"categories":[7],"tags":[],"class_list":["post-2954","post","type-post","status-publish","format-standard","has-post-thumbnail","hentry","category-nouvelles","entry","has-media"],"_links":{"self":[{"href":"https:\/\/centraide-rcoq.ca\/mauricie\/wp-json\/wp\/v2\/posts\/2954","targetHints":{"allow":["GET"]}}],"collection":[{"href":"https:\/\/centraide-rcoq.ca\/mauricie\/wp-json\/wp\/v2\/posts"}],"about":[{"href":"https:\/\/centraide-rcoq.ca\/mauricie\/wp-json\/wp\/v2\/types\/post"}],"author":[{"embeddable":true,"href":"https:\/\/centraide-rcoq.ca\/mauricie\/wp-json\/wp\/v2\/users\/2"}],"replies":[{"embeddable":true,"href":"https:\/\/centraide-rcoq.ca\/mauricie\/wp-json\/wp\/v2\/comments?post=2954"}],"version-history":[{"count":12,"href":"https:\/\/centraide-rcoq.ca\/mauricie\/wp-json\/wp\/v2\/posts\/2954\/revisions"}],"predecessor-version":[{"id":2978,"href":"https:\/\/centraide-rcoq.ca\/mauricie\/wp-json\/wp\/v2\/posts\/2954\/revisions\/2978"}],"wp:featuredmedia":[{"embeddable":true,"href":"https:\/\/centraide-rcoq.ca\/mauricie\/wp-json\/wp\/v2\/media\/2957"}],"wp:attachment":[{"href":"https:\/\/centraide-rcoq.ca\/mauricie\/wp-json\/wp\/v2\/media?parent=2954"}],"wp:term":[{"taxonomy":"category","embeddable":true,"href":"https:\/\/centraide-rcoq.ca\/mauricie\/wp-json\/wp\/v2\/categories?post=2954"},{"taxonomy":"post_tag","embeddable":true,"href":"https:\/\/centraide-rcoq.ca\/mauricie\/wp-json\/wp\/v2\/tags?post=2954"}],"curies":[{"name":"wp","href":"https:\/\/api.w.org\/{rel}","templated":true}]}}