{"id":2949,"date":"2025-05-28T10:53:20","date_gmt":"2025-05-28T14:53:20","guid":{"rendered":"https:\/\/centraide-rcoq.ca\/mauricie\/?p=2949"},"modified":"2025-05-28T10:53:21","modified_gmt":"2025-05-28T14:53:21","slug":"centraide-mauricie-celebre-lexcellence-de-ses-partenaires-lors-de-son-evenement-reconnaissance-2025","status":"publish","type":"post","link":"https:\/\/centraide-rcoq.ca\/mauricie\/centraide-mauricie-celebre-lexcellence-de-ses-partenaires-lors-de-son-evenement-reconnaissance-2025\/","title":{"rendered":"Centraide Mauricie c\u00e9l\u00e8bre l&rsquo;excellence de ses partenaires lors de son \u00c9v\u00e9nement Reconnaissance 2025\u00a0"},"content":{"rendered":"\n<p>Centraide Mauricie a d\u00e9voil\u00e9 aujourd&rsquo;hui les laur\u00e9ats de ses <strong>prix Reconnaissance 2025<\/strong>, r\u00e9compensant l&rsquo;impact exceptionnel et l&rsquo;engagement remarquable d&rsquo;organisations et d&rsquo;individus qui font une diff\u00e9rence concr\u00e8te dans leur communaut\u00e9.&nbsp;<\/p>\n\n\n\n<p>La c\u00e9r\u00e9monie, qui s&rsquo;est tenue en format virtuel, a mis en lumi\u00e8re quatre champions de la solidarit\u00e9 dans les cat\u00e9gories <strong>Impact, \u00c9tincelle, Distinction et Coup de c\u0153ur<\/strong>.&nbsp;<\/p>\n\n\n\n<h4 class=\"wp-block-heading\"><strong>Des partenaires d&rsquo;exception au service de la communaut\u00e9<\/strong>&nbsp;<\/h4>\n\n\n\n<p>Le premier prix, pour la <strong>cat\u00e9gorie IMPACT<\/strong>, a \u00e9t\u00e9 remis \u00e0 <strong>Hatch<\/strong> \u00e0 Trois-Rivi\u00e8res, dont l&rsquo;\u00e9quipe d&rsquo;ambassadrices et d&rsquo;ambassadeurs s&rsquo;est illustr\u00e9e par son engagement exceptionnel lors de la campagne 2024. En plus d&rsquo;avoir organis\u00e9 une rencontre marquante pr\u00e9sentant le t\u00e9moignage d&rsquo;un travailleur d&rsquo;un organisme partenaire de Centraide, ils ont pris l&rsquo;initiative d&rsquo;organiser un 5@7 r\u00e9unissant clients et sous-traitants. Cet \u00e9v\u00e9nement convivial, agr\u00e9ment\u00e9 d&rsquo;une prestation musicale offerte par l&rsquo;ambassadeur \u00c9tienne Brochu et son p\u00e8re, a su allier plaisir, mobilisation et solidarit\u00e9.&nbsp;<\/p>\n\n\n\n<p>Le prix <strong>\u00c9TINCELLE<\/strong> a \u00e9t\u00e9 attribu\u00e9 au <strong>Centre Roland-Bertrand<\/strong> pour son engagement exceptionnel envers les personnes vuln\u00e9rables de Shawinigan. L&rsquo;organisme joue un r\u00f4le essentiel dans la lutte contre la pr\u00e9carit\u00e9 en assurant des services pour combler les besoins de bases \u2013 comme se nourrir et se v\u00eatir \u2013 tout en offrant des programmes de r\u00e9insertion sociale et professionnelle. Son engagement d\u00e9passe l\u2019aide imm\u00e9diate : il cr\u00e9e des solutions durables pour am\u00e9liorer la qualit\u00e9 de vie des personnes en situation de vuln\u00e9rabilit\u00e9. Le Centre peut compter sur une \u00e9quipe d\u00e9vou\u00e9e offrant un v\u00e9ritable filet social.&nbsp;<\/p>\n\n\n\n<p>La c\u00e9r\u00e9monie s&rsquo;est poursuivie avec l&rsquo;attribution du prix <strong>DISTINCTION<\/strong> \u00e0 <strong>Kathleen Dugr\u00e9<\/strong>. Gr\u00e2ce \u00e0 son appui, des \u00e9tudiants du Baccalaur\u00e9at en sciences comptables de l&rsquo;UQTR analysent et v\u00e9rifient les \u00e9tats financiers d&rsquo;organismes communautaires en demande de financement. Cette ann\u00e9e, Mme Dugr\u00e9 a \u00e9largi cette collaboration en int\u00e9grant les \u00e9tudiants du C\u00e9gep de Trois-Rivi\u00e8res. Son leadership inspirant a cr\u00e9\u00e9 des ponts durables entre le milieu communautaire et le milieu acad\u00e9mique.&nbsp;<\/p>\n\n\n<div class=\"wp-block-image\">\n<figure class=\"alignright size-large is-resized\"><img fetchpriority=\"high\" decoding=\"async\" width=\"1024\" height=\"768\" src=\"https:\/\/centraide-rcoq.ca\/mauricie\/wp-content\/uploads\/sites\/11\/2025\/05\/PHOTO-EQUIPE-MAU-ET-Coup-de-coeur-1024x768.jpg\" alt=\"S\u00e9bastien Filion, r\u00e9cipiendaire du prix Coup de Coeur 2025 de Centraide Mauricie\" class=\"wp-image-2951\" style=\"width:425px;height:auto\" srcset=\"https:\/\/centraide-rcoq.ca\/mauricie\/wp-content\/uploads\/sites\/11\/2025\/05\/PHOTO-EQUIPE-MAU-ET-Coup-de-coeur-1024x768.jpg 1024w, https:\/\/centraide-rcoq.ca\/mauricie\/wp-content\/uploads\/sites\/11\/2025\/05\/PHOTO-EQUIPE-MAU-ET-Coup-de-coeur-300x225.jpg 300w, https:\/\/centraide-rcoq.ca\/mauricie\/wp-content\/uploads\/sites\/11\/2025\/05\/PHOTO-EQUIPE-MAU-ET-Coup-de-coeur-768x576.jpg 768w, https:\/\/centraide-rcoq.ca\/mauricie\/wp-content\/uploads\/sites\/11\/2025\/05\/PHOTO-EQUIPE-MAU-ET-Coup-de-coeur-1536x1152.jpg 1536w, https:\/\/centraide-rcoq.ca\/mauricie\/wp-content\/uploads\/sites\/11\/2025\/05\/PHOTO-EQUIPE-MAU-ET-Coup-de-coeur-2048x1536.jpg 2048w\" sizes=\"(max-width: 1024px) 100vw, 1024px\" \/><\/figure>\n<\/div>\n\n\n<p>Le dernier prix remis fut le <strong>COUP DE COEUR<\/strong>, attribu\u00e9 \u00e0 <strong>S\u00e9bastien Filion<\/strong> pour son implication active depuis trois ans au Comit\u00e9 d&rsquo;analyse et de relations avec les organismes (CARO) de Centraide Mauricie. En plus de pr\u00e9sider le CARO, il se distingue par sa disponibilit\u00e9, son leadership naturel et sa bienveillance constante. \u00c9galement membre du cabinet de campagne et ambassadeur d\u00e9vou\u00e9 chez Banque Nationale, il mobilise son r\u00e9seau au service de la mission de Centraide, incarnant l&rsquo;esprit d&rsquo;un v\u00e9ritable b\u00e2tisseur communautaire.\u00a0<\/p>\n\n\n\n<p>L&rsquo;\u00c9v\u00e9nement Reconnaissance \u00e9tant le moment tout indiqu\u00e9 pour souligner le travail colossal accompli quotidiennement pour venir en aide aux personnes les plus vuln\u00e9rables, l&rsquo;\u00e9quipe de Centraide Mauricie a \u00e9galement tenu \u00e0 remercier tous ceux et celles qui, d&rsquo;une mani\u00e8re ou d&rsquo;une autre, ont contribu\u00e9 \u00e0 la cause au cours de l&rsquo;ann\u00e9e.<\/p>\n","protected":false},"excerpt":{"rendered":"<p>Centraide Mauricie a d\u00e9voil\u00e9 aujourd&rsquo;hui les laur\u00e9ats de ses prix Reconnaissance 2025, r\u00e9compensant l&rsquo;impact exceptionnel et l&rsquo;engagement remarquable d&rsquo;organisations et d&rsquo;individus qui font une diff\u00e9rence concr\u00e8te dans leur communaut\u00e9.&nbsp; La c\u00e9r\u00e9monie, qui s&rsquo;est tenue en format virtuel, a mis en lumi\u00e8re quatre champions de la solidarit\u00e9 dans les cat\u00e9gories Impact, \u00c9tincelle, Distinction et Coup de [&hellip;]<\/p>\n","protected":false},"author":2,"featured_media":2950,"comment_status":"closed","ping_status":"closed","sticky":false,"template":"","format":"standard","meta":{"ocean_post_layout":"","ocean_both_sidebars_style":"","ocean_both_sidebars_content_width":0,"ocean_both_sidebars_sidebars_width":0,"ocean_sidebar":"","ocean_second_sidebar":"","ocean_disable_margins":"enable","ocean_add_body_class":"","ocean_shortcode_before_top_bar":"","ocean_shortcode_after_top_bar":"","ocean_shortcode_before_header":"","ocean_shortcode_after_header":"","ocean_has_shortcode":"","ocean_shortcode_after_title":"","ocean_shortcode_before_footer_widgets":"","ocean_shortcode_after_footer_widgets":"","ocean_shortcode_before_footer_bottom":"","ocean_shortcode_after_footer_bottom":"","ocean_display_top_bar":"default","ocean_display_header":"default","ocean_header_style":"","ocean_center_header_left_menu":"","ocean_custom_header_template":"","ocean_custom_logo":0,"ocean_custom_retina_logo":0,"ocean_custom_logo_max_width":0,"ocean_custom_logo_tablet_max_width":0,"ocean_custom_logo_mobile_max_width":0,"ocean_custom_logo_max_height":0,"ocean_custom_logo_tablet_max_height":0,"ocean_custom_logo_mobile_max_height":0,"ocean_header_custom_menu":"","ocean_menu_typo_font_family":"","ocean_menu_typo_font_subset":"","ocean_menu_typo_font_size":0,"ocean_menu_typo_font_size_tablet":0,"ocean_menu_typo_font_size_mobile":0,"ocean_menu_typo_font_size_unit":"px","ocean_menu_typo_font_weight":"","ocean_menu_typo_font_weight_tablet":"","ocean_menu_typo_font_weight_mobile":"","ocean_menu_typo_transform":"","ocean_menu_typo_transform_tablet":"","ocean_menu_typo_transform_mobile":"","ocean_menu_typo_line_height":0,"ocean_menu_typo_line_height_tablet":0,"ocean_menu_typo_line_height_mobile":0,"ocean_menu_typo_line_height_unit":"","ocean_menu_typo_spacing":0,"ocean_menu_typo_spacing_tablet":0,"ocean_menu_typo_spacing_mobile":0,"ocean_menu_typo_spacing_unit":"","ocean_menu_link_color":"","ocean_menu_link_color_hover":"","ocean_menu_link_color_active":"","ocean_menu_link_background":"","ocean_menu_link_hover_background":"","ocean_menu_link_active_background":"","ocean_menu_social_links_bg":"","ocean_menu_social_hover_links_bg":"","ocean_menu_social_links_color":"","ocean_menu_social_hover_links_color":"","ocean_disable_title":"default","ocean_disable_heading":"default","ocean_post_title":"","ocean_post_subheading":"","ocean_post_title_style":"","ocean_post_title_background_color":"","ocean_post_title_background":0,"ocean_post_title_bg_image_position":"","ocean_post_title_bg_image_attachment":"","ocean_post_title_bg_image_repeat":"","ocean_post_title_bg_image_size":"","ocean_post_title_height":0,"ocean_post_title_bg_overlay":0.5,"ocean_post_title_bg_overlay_color":"","ocean_disable_breadcrumbs":"default","ocean_breadcrumbs_color":"","ocean_breadcrumbs_separator_color":"","ocean_breadcrumbs_links_color":"","ocean_breadcrumbs_links_hover_color":"","ocean_display_footer_widgets":"default","ocean_display_footer_bottom":"default","ocean_custom_footer_template":"","ocean_post_oembed":"","ocean_post_self_hosted_media":"","ocean_post_video_embed":"","ocean_link_format":"","ocean_link_format_target":"self","ocean_quote_format":"","ocean_quote_format_link":"post","ocean_gallery_link_images":"on","ocean_gallery_id":[],"footnotes":""},"categories":[7],"tags":[],"class_list":["post-2949","post","type-post","status-publish","format-standard","has-post-thumbnail","hentry","category-nouvelles","entry","has-media"],"_links":{"self":[{"href":"https:\/\/centraide-rcoq.ca\/mauricie\/wp-json\/wp\/v2\/posts\/2949","targetHints":{"allow":["GET"]}}],"collection":[{"href":"https:\/\/centraide-rcoq.ca\/mauricie\/wp-json\/wp\/v2\/posts"}],"about":[{"href":"https:\/\/centraide-rcoq.ca\/mauricie\/wp-json\/wp\/v2\/types\/post"}],"author":[{"embeddable":true,"href":"https:\/\/centraide-rcoq.ca\/mauricie\/wp-json\/wp\/v2\/users\/2"}],"replies":[{"embeddable":true,"href":"https:\/\/centraide-rcoq.ca\/mauricie\/wp-json\/wp\/v2\/comments?post=2949"}],"version-history":[{"count":2,"href":"https:\/\/centraide-rcoq.ca\/mauricie\/wp-json\/wp\/v2\/posts\/2949\/revisions"}],"predecessor-version":[{"id":2953,"href":"https:\/\/centraide-rcoq.ca\/mauricie\/wp-json\/wp\/v2\/posts\/2949\/revisions\/2953"}],"wp:featuredmedia":[{"embeddable":true,"href":"https:\/\/centraide-rcoq.ca\/mauricie\/wp-json\/wp\/v2\/media\/2950"}],"wp:attachment":[{"href":"https:\/\/centraide-rcoq.ca\/mauricie\/wp-json\/wp\/v2\/media?parent=2949"}],"wp:term":[{"taxonomy":"category","embeddable":true,"href":"https:\/\/centraide-rcoq.ca\/mauricie\/wp-json\/wp\/v2\/categories?post=2949"},{"taxonomy":"post_tag","embeddable":true,"href":"https:\/\/centraide-rcoq.ca\/mauricie\/wp-json\/wp\/v2\/tags?post=2949"}],"curies":[{"name":"wp","href":"https:\/\/api.w.org\/{rel}","templated":true}]}}