{"id":2189,"date":"2023-09-20T10:39:37","date_gmt":"2023-09-20T14:39:37","guid":{"rendered":"https:\/\/centraide-rcoq.ca\/mauricie\/?p=2189"},"modified":"2023-09-21T11:41:26","modified_gmt":"2023-09-21T15:41:26","slug":"lancement-de-la-campagne-de-financement-annuelle-de-centraide-mauricie","status":"publish","type":"post","link":"https:\/\/centraide-rcoq.ca\/mauricie\/lancement-de-la-campagne-de-financement-annuelle-de-centraide-mauricie\/","title":{"rendered":"Lancement de la campagne de financement annuelle de Centraide Mauricie"},"content":{"rendered":"\n<p><strong>Trois-Rivi\u00e8res, septembre 2023<\/strong> \u2013 Centraide Mauricie a donn\u00e9 le coup d\u2019envoi de sa campagne de financement annuelle en r\u00e9unissant ses b\u00e9n\u00e9voles de diff\u00e9rents comit\u00e9s qui soutiennent et s\u2019impliquent pour la cause.<\/p>\n\n\n\n<p>Ils ont pu en apprendre davantage sur les enjeux en lien avec la mission de Centraide et sur les actions qui seront entreprises cette ann\u00e9e pour investir encore davantage dans nos communaut\u00e9s. Les enjeux sociaux sont nombreux dans notre r\u00e9gion et de plus en plus de personnes sont touch\u00e9es par la pauvret\u00e9 et l\u2019exclusion sociale. Cette campagne annuelle de financement rev\u00eat une importance capitale et il faut se rappeler que l&rsquo;argent recueilli ici en Mauricie est r\u00e9investi chez nous. Centraide, en tant qu&rsquo;investisseur social, s&rsquo;assure de soutenir des organismes performants et des projets structurants.&nbsp; Plus on donne, plus on aide, plus nos villes et communaut\u00e9s se portent mieux. Finalement, nous sommes tous gagnants.<\/p>\n\n\n\n<p>Monsieur Hugues Lamarche, pr\u00e9sident de la campagne 2023, a incit\u00e9 les gens \u00e0 donner g\u00e9n\u00e9reusement&nbsp;: \u00ab&nbsp;J\u2019encourage les dirigeants d&rsquo;entreprise de la r\u00e9gion \u00e0 accueillir Centraide avec enthousiasme. &nbsp;Votre engagement est un acte qui change des vies. &nbsp;Chaque contribution que vous faites se multiplie en un r\u00e9seau de soutien qui transforme les obstacles en opportunit\u00e9s, cr\u00e9ant ainsi un h\u00e9ritage d&rsquo;impact positif&nbsp;\u00bb.<\/p>\n\n\n\n<p><strong>Quand le co\u00fbt du logement hypoth\u00e8que la qualit\u00e9 de vie<\/strong><\/p>\n\n\n\n<p>Un des enjeux tr\u00e8s importants cette ann\u00e9e, c\u2019est le logement. Nous l\u2019entendons quotidiennement dans les m\u00e9dias, des familles de chez nous se d\u00e9m\u00e8nent jour apr\u00e8s jour pour trouver un toit r\u00e9pondant \u00e0 leurs besoins et \u00e0 leur budget. Ces familles vivent un stress constant, ne sachant pas si elles arriveront \u00e0 se loger sans avoir \u00e0 choisir entre se nourrir, se v\u00eatir et assurer d\u2019autres services essentiels.<\/p>\n\n\n\n<p>Chaque jour, nous sommes t\u00e9moins des cons\u00e9quences dramatiques de cette r\u00e9alit\u00e9. Des enfants arrivent \u00e0 l&rsquo;\u00e9cole le ventre vide, incapables de se concentrer. Des parents \u00e9puis\u00e9s jonglent avec plusieurs emplois pour joindre les deux bouts. &nbsp;Sans compter l\u2019isolement qui p\u00e8se lourd pour plusieurs personnes.&nbsp; Donner \u00e0 Centraide permet d\u2019agir sur les multiples r\u00e9percussions de cette crise. Un r\u00e9seau d\u2019organismes communautaires intervient dans un large \u00e9ventail d\u2019actions et de projets en lien avec la pauvret\u00e9 et l\u2019exclusion sociale. &nbsp;<\/p>\n\n\n\n<p><strong>Comment contribuer ?<\/strong><\/p>\n\n\n\n<p>Les dirigeants d\u2019entreprises et d\u2019organisations sont invit\u00e9s \u00e0 se joindre au mouvement de solidarit\u00e9 en organisant une campagne aupr\u00e8s de leur personnel. &nbsp;Les entreprises sont \u00e9galement invit\u00e9es \u00e0 faire des dons corporatifs. Et il est toujours possible de donner de fa\u00e7on individuelle. Pour en savoir plus sur les possibilit\u00e9s qui s\u2019offrent \u00e0 vous ou pour contribuer d\u00e8s maintenant, visitez la <a rel=\"noreferrer noopener\" href=\"https:\/\/donnez.centraide.ca\/donnez\/WTROIS\" data-type=\"URL\" data-id=\"https:\/\/donnez.centraide.ca\/donnez\/WTROIS\" target=\"_blank\">page de don de Centraide Mauricie<\/a>.<\/p>\n\n\n\n<p class=\"has-text-align-center\">&#8211; 30 &#8211;<\/p>\n\n\n\n<p><strong>Quelques photos de notre lancement&#8230;<\/strong><br>Cr\u00e9dit photos Daniel Jalbert<\/p>\n\n\n\n<figure class=\"wp-block-gallery has-nested-images columns-default is-cropped wp-block-gallery-1 is-layout-flex wp-block-gallery-is-layout-flex\">\n<figure class=\"wp-block-image size-full\"><img fetchpriority=\"high\" decoding=\"async\" width=\"2560\" height=\"1506\" data-id=\"2204\" src=\"https:\/\/centraide-rcoq.ca\/mauricie\/wp-content\/uploads\/sites\/11\/2023\/09\/Cabinet-2023-scaled.jpg\" alt=\"\" class=\"wp-image-2204\" srcset=\"https:\/\/centraide-rcoq.ca\/mauricie\/wp-content\/uploads\/sites\/11\/2023\/09\/Cabinet-2023-scaled.jpg 2560w, https:\/\/centraide-rcoq.ca\/mauricie\/wp-content\/uploads\/sites\/11\/2023\/09\/Cabinet-2023-300x177.jpg 300w, https:\/\/centraide-rcoq.ca\/mauricie\/wp-content\/uploads\/sites\/11\/2023\/09\/Cabinet-2023-1024x603.jpg 1024w, https:\/\/centraide-rcoq.ca\/mauricie\/wp-content\/uploads\/sites\/11\/2023\/09\/Cabinet-2023-768x452.jpg 768w, https:\/\/centraide-rcoq.ca\/mauricie\/wp-content\/uploads\/sites\/11\/2023\/09\/Cabinet-2023-1536x904.jpg 1536w, https:\/\/centraide-rcoq.ca\/mauricie\/wp-content\/uploads\/sites\/11\/2023\/09\/Cabinet-2023-2048x1205.jpg 2048w\" sizes=\"(max-width: 2560px) 100vw, 2560px\" \/><figcaption class=\"wp-element-caption\"><mark style=\"background-color:#000000\" class=\"has-inline-color has-white-color\">De gauche \u00e0 droite : Marc H. Plante, directeur D\u00e9veloppement et partenariats \u00e0 Centraide Mauricie, Hugues Lamarche, pr\u00e9sident de la campagne 2023, et quelques membres du Cabinet : Gilles Hudon, Zineb Norry, Thomas Richard, Claudine Turcotte et Charles Massicotte Bourbeau; Chantal Ferland de Centraide Mauricie<\/mark><\/figcaption><\/figure>\n<\/figure>\n\n\n\n<figure class=\"wp-block-gallery has-nested-images columns-default is-cropped wp-block-gallery-2 is-layout-flex wp-block-gallery-is-layout-flex\">\n<figure class=\"wp-block-image size-large\"><img decoding=\"async\" width=\"1024\" height=\"747\" data-id=\"2205\" src=\"https:\/\/centraide-rcoq.ca\/mauricie\/wp-content\/uploads\/sites\/11\/2023\/09\/Hugues-Lamarche-1024x747.jpg\" alt=\"\" class=\"wp-image-2205\" srcset=\"https:\/\/centraide-rcoq.ca\/mauricie\/wp-content\/uploads\/sites\/11\/2023\/09\/Hugues-Lamarche-1024x747.jpg 1024w, https:\/\/centraide-rcoq.ca\/mauricie\/wp-content\/uploads\/sites\/11\/2023\/09\/Hugues-Lamarche-300x219.jpg 300w, https:\/\/centraide-rcoq.ca\/mauricie\/wp-content\/uploads\/sites\/11\/2023\/09\/Hugues-Lamarche-768x560.jpg 768w, https:\/\/centraide-rcoq.ca\/mauricie\/wp-content\/uploads\/sites\/11\/2023\/09\/Hugues-Lamarche-1536x1121.jpg 1536w, https:\/\/centraide-rcoq.ca\/mauricie\/wp-content\/uploads\/sites\/11\/2023\/09\/Hugues-Lamarche-2048x1495.jpg 2048w\" sizes=\"(max-width: 1024px) 100vw, 1024px\" \/><figcaption class=\"wp-element-caption\"><mark style=\"background-color:#000000\" class=\"has-inline-color has-white-color\">Hugues Lamarche, pr\u00e9sident de la campagne <\/mark><\/figcaption><\/figure>\n\n\n\n<figure class=\"wp-block-image size-large\"><img decoding=\"async\" width=\"731\" height=\"1024\" data-id=\"2208\" src=\"https:\/\/centraide-rcoq.ca\/mauricie\/wp-content\/uploads\/sites\/11\/2023\/09\/DJP_7642-731x1024.jpg\" alt=\"\" class=\"wp-image-2208\" srcset=\"https:\/\/centraide-rcoq.ca\/mauricie\/wp-content\/uploads\/sites\/11\/2023\/09\/DJP_7642-731x1024.jpg 731w, https:\/\/centraide-rcoq.ca\/mauricie\/wp-content\/uploads\/sites\/11\/2023\/09\/DJP_7642-214x300.jpg 214w, https:\/\/centraide-rcoq.ca\/mauricie\/wp-content\/uploads\/sites\/11\/2023\/09\/DJP_7642-768x1075.jpg 768w, https:\/\/centraide-rcoq.ca\/mauricie\/wp-content\/uploads\/sites\/11\/2023\/09\/DJP_7642-1097x1536.jpg 1097w, https:\/\/centraide-rcoq.ca\/mauricie\/wp-content\/uploads\/sites\/11\/2023\/09\/DJP_7642-1463x2048.jpg 1463w, https:\/\/centraide-rcoq.ca\/mauricie\/wp-content\/uploads\/sites\/11\/2023\/09\/DJP_7642.jpg 1500w\" sizes=\"(max-width: 731px) 100vw, 731px\" \/><figcaption class=\"wp-element-caption\"><mark style=\"background-color:#000000\" class=\"has-inline-color has-white-color\">Cindy Gauvin, de la Banque Nationale, est venue t\u00e9moigner de l&rsquo;aide re\u00e7ue d&rsquo;un organisme soutenu par Centraide<\/mark>.<\/figcaption><\/figure>\n\n\n\n<figure class=\"wp-block-image size-large\"><img loading=\"lazy\" decoding=\"async\" width=\"731\" height=\"1024\" data-id=\"2210\" src=\"https:\/\/centraide-rcoq.ca\/mauricie\/wp-content\/uploads\/sites\/11\/2023\/09\/DJP_7608-731x1024.jpg\" alt=\"\" class=\"wp-image-2210\" srcset=\"https:\/\/centraide-rcoq.ca\/mauricie\/wp-content\/uploads\/sites\/11\/2023\/09\/DJP_7608-731x1024.jpg 731w, https:\/\/centraide-rcoq.ca\/mauricie\/wp-content\/uploads\/sites\/11\/2023\/09\/DJP_7608-214x300.jpg 214w, https:\/\/centraide-rcoq.ca\/mauricie\/wp-content\/uploads\/sites\/11\/2023\/09\/DJP_7608-768x1075.jpg 768w, https:\/\/centraide-rcoq.ca\/mauricie\/wp-content\/uploads\/sites\/11\/2023\/09\/DJP_7608-1097x1536.jpg 1097w, https:\/\/centraide-rcoq.ca\/mauricie\/wp-content\/uploads\/sites\/11\/2023\/09\/DJP_7608-1463x2048.jpg 1463w, https:\/\/centraide-rcoq.ca\/mauricie\/wp-content\/uploads\/sites\/11\/2023\/09\/DJP_7608.jpg 1500w\" sizes=\"(max-width: 731px) 100vw, 731px\" \/><figcaption class=\"wp-element-caption\"><mark style=\"background-color:#000000\" class=\"has-inline-color has-white-color\">Beno\u00eet Magny, conseiller en d\u00e9veloppement social \u00e0 Centraide <\/mark><\/figcaption><\/figure>\n\n\n\n<figure class=\"wp-block-image size-large\"><img loading=\"lazy\" decoding=\"async\" width=\"1024\" height=\"621\" data-id=\"2211\" src=\"https:\/\/centraide-rcoq.ca\/mauricie\/wp-content\/uploads\/sites\/11\/2023\/09\/DJP_7550-1024x621.jpg\" alt=\"\" class=\"wp-image-2211\" srcset=\"https:\/\/centraide-rcoq.ca\/mauricie\/wp-content\/uploads\/sites\/11\/2023\/09\/DJP_7550-1024x621.jpg 1024w, https:\/\/centraide-rcoq.ca\/mauricie\/wp-content\/uploads\/sites\/11\/2023\/09\/DJP_7550-300x182.jpg 300w, https:\/\/centraide-rcoq.ca\/mauricie\/wp-content\/uploads\/sites\/11\/2023\/09\/DJP_7550-768x466.jpg 768w, https:\/\/centraide-rcoq.ca\/mauricie\/wp-content\/uploads\/sites\/11\/2023\/09\/DJP_7550-1536x931.jpg 1536w, https:\/\/centraide-rcoq.ca\/mauricie\/wp-content\/uploads\/sites\/11\/2023\/09\/DJP_7550-2048x1242.jpg 2048w\" sizes=\"(max-width: 1024px) 100vw, 1024px\" \/><\/figure>\n\n\n\n<figure class=\"wp-block-image size-large\"><img loading=\"lazy\" decoding=\"async\" width=\"1024\" height=\"731\" data-id=\"2209\" src=\"https:\/\/centraide-rcoq.ca\/mauricie\/wp-content\/uploads\/sites\/11\/2023\/09\/DJP_7561-1024x731.jpg\" alt=\"\" class=\"wp-image-2209\" srcset=\"https:\/\/centraide-rcoq.ca\/mauricie\/wp-content\/uploads\/sites\/11\/2023\/09\/DJP_7561-1024x731.jpg 1024w, https:\/\/centraide-rcoq.ca\/mauricie\/wp-content\/uploads\/sites\/11\/2023\/09\/DJP_7561-300x214.jpg 300w, https:\/\/centraide-rcoq.ca\/mauricie\/wp-content\/uploads\/sites\/11\/2023\/09\/DJP_7561-768x549.jpg 768w, https:\/\/centraide-rcoq.ca\/mauricie\/wp-content\/uploads\/sites\/11\/2023\/09\/DJP_7561-1536x1097.jpg 1536w, https:\/\/centraide-rcoq.ca\/mauricie\/wp-content\/uploads\/sites\/11\/2023\/09\/DJP_7561-2048x1463.jpg 2048w\" sizes=\"(max-width: 1024px) 100vw, 1024px\" \/><\/figure>\n\n\n\n<figure class=\"wp-block-image size-large\"><img loading=\"lazy\" decoding=\"async\" width=\"1024\" height=\"731\" data-id=\"2207\" src=\"https:\/\/centraide-rcoq.ca\/mauricie\/wp-content\/uploads\/sites\/11\/2023\/09\/DJP_7760-1024x731.jpg\" alt=\"\" class=\"wp-image-2207\" srcset=\"https:\/\/centraide-rcoq.ca\/mauricie\/wp-content\/uploads\/sites\/11\/2023\/09\/DJP_7760-1024x731.jpg 1024w, https:\/\/centraide-rcoq.ca\/mauricie\/wp-content\/uploads\/sites\/11\/2023\/09\/DJP_7760-300x214.jpg 300w, https:\/\/centraide-rcoq.ca\/mauricie\/wp-content\/uploads\/sites\/11\/2023\/09\/DJP_7760-768x549.jpg 768w, https:\/\/centraide-rcoq.ca\/mauricie\/wp-content\/uploads\/sites\/11\/2023\/09\/DJP_7760-1536x1097.jpg 1536w, https:\/\/centraide-rcoq.ca\/mauricie\/wp-content\/uploads\/sites\/11\/2023\/09\/DJP_7760-2048x1463.jpg 2048w\" sizes=\"(max-width: 1024px) 100vw, 1024px\" \/><figcaption class=\"wp-element-caption\"><mark style=\"background-color:#000000\" class=\"has-inline-color has-white-color\">Zineb Norry (centre) en compagnie de Chantal Ferland, (gauche) conseill\u00e8re en d\u00e9veloppement philanthropique, et Julie Colbert, directrice g\u00e9n\u00e9rale de Centraide RCOQ<\/mark><\/figcaption><\/figure>\n\n\n\n<figure class=\"wp-block-image size-large\"><img loading=\"lazy\" decoding=\"async\" width=\"1024\" height=\"678\" data-id=\"2206\" src=\"https:\/\/centraide-rcoq.ca\/mauricie\/wp-content\/uploads\/sites\/11\/2023\/09\/Reconnaissance-a-Zineb-Norry-1024x678.jpg\" alt=\"\" class=\"wp-image-2206\" srcset=\"https:\/\/centraide-rcoq.ca\/mauricie\/wp-content\/uploads\/sites\/11\/2023\/09\/Reconnaissance-a-Zineb-Norry-1024x678.jpg 1024w, https:\/\/centraide-rcoq.ca\/mauricie\/wp-content\/uploads\/sites\/11\/2023\/09\/Reconnaissance-a-Zineb-Norry-300x198.jpg 300w, https:\/\/centraide-rcoq.ca\/mauricie\/wp-content\/uploads\/sites\/11\/2023\/09\/Reconnaissance-a-Zineb-Norry-768x508.jpg 768w, https:\/\/centraide-rcoq.ca\/mauricie\/wp-content\/uploads\/sites\/11\/2023\/09\/Reconnaissance-a-Zineb-Norry-1536x1016.jpg 1536w, https:\/\/centraide-rcoq.ca\/mauricie\/wp-content\/uploads\/sites\/11\/2023\/09\/Reconnaissance-a-Zineb-Norry-2048x1355.jpg 2048w\" sizes=\"(max-width: 1024px) 100vw, 1024px\" \/><figcaption class=\"wp-element-caption\"><mark style=\"background-color:#000000\" class=\"has-inline-color has-white-color\"><strong>Cindy Gauvin, Chantal Ferland, Zineb Norry, Isabelle De Grandpr\u00e9 et Julie Dupont<\/strong><\/mark><\/figcaption><\/figure>\n<\/figure>\n\n\n\n<p>Renseignements&nbsp;:&nbsp;&nbsp; <br>Marc H. Plante<br>Directeur D\u00e9veloppement et partenariats<br>Centraide Mauricie<br>819 690-0948<br><a rel=\"noreferrer noopener\" href=\"mailto:mhplante@centraide-rcoq.ca\" target=\"_blank\">mhplante@centraide-rcoq.ca<\/a><\/p>\n\n\n\n<p>Source&nbsp;: &nbsp;&nbsp;<br>Sylvain Rheault <br>Directeur principal \u2212 communications<br>Centraide RCOQ<br>819 699-5838<br><a href=\"mailto:srheault@centraide-rcoq.ca\">srheault@centraide-rcoq.ca<\/a><\/p>\n","protected":false},"excerpt":{"rendered":"<p>Trois-Rivi\u00e8res, septembre 2023 \u2013 Centraide Mauricie a donn\u00e9 le coup d\u2019envoi de sa campagne de financement annuelle en r\u00e9unissant ses b\u00e9n\u00e9voles de diff\u00e9rents comit\u00e9s qui soutiennent et s\u2019impliquent pour la cause. Ils ont pu en apprendre davantage sur les enjeux en lien avec la mission de Centraide et sur les actions qui seront entreprises cette [&hellip;]<\/p>\n","protected":false},"author":3,"featured_media":1069,"comment_status":"open","ping_status":"open","sticky":false,"template":"","format":"standard","meta":{"ocean_post_layout":"","ocean_both_sidebars_style":"","ocean_both_sidebars_content_width":0,"ocean_both_sidebars_sidebars_width":0,"ocean_sidebar":"","ocean_second_sidebar":"","ocean_disable_margins":"enable","ocean_add_body_class":"","ocean_shortcode_before_top_bar":"","ocean_shortcode_after_top_bar":"","ocean_shortcode_before_header":"","ocean_shortcode_after_header":"","ocean_has_shortcode":"","ocean_shortcode_after_title":"","ocean_shortcode_before_footer_widgets":"","ocean_shortcode_after_footer_widgets":"","ocean_shortcode_before_footer_bottom":"","ocean_shortcode_after_footer_bottom":"","ocean_display_top_bar":"default","ocean_display_header":"default","ocean_header_style":"","ocean_center_header_left_menu":"","ocean_custom_header_template":"","ocean_custom_logo":0,"ocean_custom_retina_logo":0,"ocean_custom_logo_max_width":0,"ocean_custom_logo_tablet_max_width":0,"ocean_custom_logo_mobile_max_width":0,"ocean_custom_logo_max_height":0,"ocean_custom_logo_tablet_max_height":0,"ocean_custom_logo_mobile_max_height":0,"ocean_header_custom_menu":"","ocean_menu_typo_font_family":"","ocean_menu_typo_font_subset":"","ocean_menu_typo_font_size":0,"ocean_menu_typo_font_size_tablet":0,"ocean_menu_typo_font_size_mobile":0,"ocean_menu_typo_font_size_unit":"px","ocean_menu_typo_font_weight":"","ocean_menu_typo_font_weight_tablet":"","ocean_menu_typo_font_weight_mobile":"","ocean_menu_typo_transform":"","ocean_menu_typo_transform_tablet":"","ocean_menu_typo_transform_mobile":"","ocean_menu_typo_line_height":0,"ocean_menu_typo_line_height_tablet":0,"ocean_menu_typo_line_height_mobile":0,"ocean_menu_typo_line_height_unit":"","ocean_menu_typo_spacing":0,"ocean_menu_typo_spacing_tablet":0,"ocean_menu_typo_spacing_mobile":0,"ocean_menu_typo_spacing_unit":"","ocean_menu_link_color":"","ocean_menu_link_color_hover":"","ocean_menu_link_color_active":"","ocean_menu_link_background":"","ocean_menu_link_hover_background":"","ocean_menu_link_active_background":"","ocean_menu_social_links_bg":"","ocean_menu_social_hover_links_bg":"","ocean_menu_social_links_color":"","ocean_menu_social_hover_links_color":"","ocean_disable_title":"default","ocean_disable_heading":"default","ocean_post_title":"","ocean_post_subheading":"","ocean_post_title_style":"","ocean_post_title_background_color":"","ocean_post_title_background":0,"ocean_post_title_bg_image_position":"","ocean_post_title_bg_image_attachment":"","ocean_post_title_bg_image_repeat":"","ocean_post_title_bg_image_size":"","ocean_post_title_height":0,"ocean_post_title_bg_overlay":0.5,"ocean_post_title_bg_overlay_color":"","ocean_disable_breadcrumbs":"default","ocean_breadcrumbs_color":"","ocean_breadcrumbs_separator_color":"","ocean_breadcrumbs_links_color":"","ocean_breadcrumbs_links_hover_color":"","ocean_display_footer_widgets":"default","ocean_display_footer_bottom":"default","ocean_custom_footer_template":"","ocean_post_oembed":"","ocean_post_self_hosted_media":"","ocean_post_video_embed":"","ocean_link_format":"","ocean_link_format_target":"self","ocean_quote_format":"","ocean_quote_format_link":"post","ocean_gallery_link_images":"off","ocean_gallery_id":[],"footnotes":""},"categories":[1],"tags":[],"class_list":["post-2189","post","type-post","status-publish","format-standard","has-post-thumbnail","hentry","category-non-classe","entry","has-media"],"_links":{"self":[{"href":"https:\/\/centraide-rcoq.ca\/mauricie\/wp-json\/wp\/v2\/posts\/2189","targetHints":{"allow":["GET"]}}],"collection":[{"href":"https:\/\/centraide-rcoq.ca\/mauricie\/wp-json\/wp\/v2\/posts"}],"about":[{"href":"https:\/\/centraide-rcoq.ca\/mauricie\/wp-json\/wp\/v2\/types\/post"}],"author":[{"embeddable":true,"href":"https:\/\/centraide-rcoq.ca\/mauricie\/wp-json\/wp\/v2\/users\/3"}],"replies":[{"embeddable":true,"href":"https:\/\/centraide-rcoq.ca\/mauricie\/wp-json\/wp\/v2\/comments?post=2189"}],"version-history":[{"count":14,"href":"https:\/\/centraide-rcoq.ca\/mauricie\/wp-json\/wp\/v2\/posts\/2189\/revisions"}],"predecessor-version":[{"id":2223,"href":"https:\/\/centraide-rcoq.ca\/mauricie\/wp-json\/wp\/v2\/posts\/2189\/revisions\/2223"}],"wp:featuredmedia":[{"embeddable":true,"href":"https:\/\/centraide-rcoq.ca\/mauricie\/wp-json\/wp\/v2\/media\/1069"}],"wp:attachment":[{"href":"https:\/\/centraide-rcoq.ca\/mauricie\/wp-json\/wp\/v2\/media?parent=2189"}],"wp:term":[{"taxonomy":"category","embeddable":true,"href":"https:\/\/centraide-rcoq.ca\/mauricie\/wp-json\/wp\/v2\/categories?post=2189"},{"taxonomy":"post_tag","embeddable":true,"href":"https:\/\/centraide-rcoq.ca\/mauricie\/wp-json\/wp\/v2\/tags?post=2189"}],"curies":[{"name":"wp","href":"https:\/\/api.w.org\/{rel}","templated":true}]}}