{"id":1726,"date":"2022-09-15T14:55:36","date_gmt":"2022-09-15T18:55:36","guid":{"rendered":"https:\/\/centraide-rcoq.ca\/mauricie\/?p=1726"},"modified":"2022-09-15T14:55:37","modified_gmt":"2022-09-15T18:55:37","slug":"centraide-mauricie-lance-sa-campagne-de-financement-annuelle","status":"publish","type":"post","link":"https:\/\/centraide-rcoq.ca\/mauricie\/centraide-mauricie-lance-sa-campagne-de-financement-annuelle\/","title":{"rendered":"Centraide Mauricie lance sa campagne de financement annuelle"},"content":{"rendered":"\n<p><\/p>\n\n\n\n<p><strong>Trois-Rivi\u00e8res, le 15 septembre 2022 \u2013<\/strong> Centraide Mauricie a donn\u00e9 le coup d\u2019envoi de sa campagne de financement annuelle dans les locaux de l\u2019organisme partenaire Point de rue, accompagn\u00e9 des membres du cabinet de campagne et de b\u00e9n\u00e9voles venus apporter leur soutien \u00e0 la cause.<\/p>\n\n\n\n<p>Le message est clair\u00a0: le poids de la pauvret\u00e9 et de l\u2019exclusion peut \u00eatre lourd \u00e0 porter. Mais gr\u00e2ce \u00e0 l\u2019entraide, ce poids peut \u00eatre all\u00e9g\u00e9. Un message que l\u2019on verra et entendra tout au long de la prochaine ann\u00e9e puisque celui-ci signera la nouvelle campagne publicitaire de l\u2019organisme.<\/p>\n\n\n\n<p>Zineb Norry, vice-pr\u00e9sidente r\u00e9gionale de la Banque Nationale r\u00e9gion Mauricie \u2212 Centre-du-Qu\u00e9bec et pr\u00e9sidente de la campagne 2022, a d\u2019entr\u00e9e de jeu incit\u00e9 les gens \u00e0 donner g\u00e9n\u00e9reusement.<\/p>\n\n\n\n<p>\u00ab J\u2019invite tous celles et ceux qui le peuvent \u00e0 donner g\u00e9n\u00e9reusement ou \u00e0 augmenter leur don si c\u2019est possible. Tout comme j\u2019invite les dirigeantes et les dirigeants d\u2019entreprise de la r\u00e9gion \u00e0 ouvrir leurs portes \u00e0 Centraide et \u00e0 donner. Si chacun d\u2019entre nous fait un petit geste, nous pouvons aider tant de gens \u00e0 s\u2019\u00e9lever\u00a0\u00bb a-t-elle affirm\u00e9.<\/p>\n\n\n\n<p><strong>Des enjeux et in\u00e9galit\u00e9s sociales, ici, en Mauricie<\/strong><\/p>\n\n\n\n<p>Dans le contexte actuel o\u00f9 nous savons que les foss\u00e9s se sont creus\u00e9s, que les enjeux reli\u00e9s \u00e0 la hausse du co\u00fbt de la vie aggravent les in\u00e9galit\u00e9s sociales, nous devons nous en pr\u00e9occuper.\u00a0 La campagne Centraide donne l\u2019occasion de conscientiser la population qu\u2019il y a de grands besoins ici-m\u00eame, en Mauricie.<\/p>\n\n\n\n<p>Comme l\u2019a mentionn\u00e9 madame Norry, \u00ab\u00a0la proportion d\u2019individus et de familles qui consacrent plus de 30 % de leur revenu au logement est en croissance en Mauricie. Lorsqu\u2019on consacre plus du tiers du revenu au logement, vous comprenez qu\u2019il en reste moins pour les autres besoins. Et quand tout augmente\u00a0: les aliments, les articles scolaires, l\u2019essence\u2026 la pression se fait sentir dans le portefeuille, \u00e7a devient une source de stress; la sant\u00e9 mentale et m\u00eame physique peut en prendre un coup. \u00bb<\/p>\n\n\n\n<p>\u00c0 son tour, Benoit Magny, conseiller en d\u00e9veloppement social de Centraide Mauricie, disait constater que les organismes communautaires ont de grands besoins pour faire face \u00e0 l\u2019augmentation des demandes de leurs utilisateurs. Une corr\u00e9lation directe avec les enjeux de logement et d\u2019inflation notamment.<\/p>\n\n\n\n<p>Rappelons que par le biais d\u2019organismes communautaires associ\u00e9s, Centraide offre de l\u2019aide aux enfants, aux familles, aux personnes \u00e2g\u00e9es et marginalis\u00e9es. \u00c0 ce sujet, il est bon de pr\u00e9ciser que les dons que Centraide Mauricie recueille sont investis avec rigueur, l\u00e0 o\u00f9 les besoins sont les plus importants en Mauricie aupr\u00e8s d\u2019organismes performants et de projets structurants.<\/p>\n\n\n\n<div class=\"wp-block-media-text alignwide is-stacked-on-mobile\" style=\"grid-template-columns:42% auto\"><figure class=\"wp-block-media-text__media\"><img fetchpriority=\"high\" decoding=\"async\" width=\"1024\" height=\"682\" src=\"https:\/\/centraide-rcoq.ca\/mauricie\/wp-content\/uploads\/sites\/11\/2022\/09\/Cabinet-de-campagne-Mauricie-lancement-2022-1024x682.jpg\" alt=\"\" class=\"wp-image-1730 size-full\" srcset=\"https:\/\/centraide-rcoq.ca\/mauricie\/wp-content\/uploads\/sites\/11\/2022\/09\/Cabinet-de-campagne-Mauricie-lancement-2022-1024x682.jpg 1024w, https:\/\/centraide-rcoq.ca\/mauricie\/wp-content\/uploads\/sites\/11\/2022\/09\/Cabinet-de-campagne-Mauricie-lancement-2022-300x200.jpg 300w, https:\/\/centraide-rcoq.ca\/mauricie\/wp-content\/uploads\/sites\/11\/2022\/09\/Cabinet-de-campagne-Mauricie-lancement-2022-768x512.jpg 768w, https:\/\/centraide-rcoq.ca\/mauricie\/wp-content\/uploads\/sites\/11\/2022\/09\/Cabinet-de-campagne-Mauricie-lancement-2022-1536x1023.jpg 1536w, https:\/\/centraide-rcoq.ca\/mauricie\/wp-content\/uploads\/sites\/11\/2022\/09\/Cabinet-de-campagne-Mauricie-lancement-2022-2048x1364.jpg 2048w\" sizes=\"(max-width: 1024px) 100vw, 1024px\" \/><\/figure><div class=\"wp-block-media-text__content\">\n<p>Quelques membres de l&rsquo;\u00e9quipe de Centraide Mauricie et du Cabinet de campagne.<br><strong>Rang\u00e9e du haut :<\/strong> Hugues Lamarche &#8211; \u00c9ric Millette &#8211; Gilles Hudon et Isabelle Milliard<br><br><strong>Rang\u00e9e du bas<\/strong><br>Chantal Ferland &#8211; Charles Massicotte Bourbeau &#8211; Zineb Norry et Claudine Turcotte<\/p>\n<\/div><\/div>\n\n\n\n<p>Madame Isabelle Milliard, directrice r\u00e9gionale de Centraide Mauricie, terminait en mentionnant que personne n\u2019est \u00e0 l\u2019abri d\u2019avoir besoin d\u2019aide. \u00ab Les initiatives cibl\u00e9es pour soutenir la r\u00e9ussite des jeunes, assurer les besoins essentiels et briser l\u2019isolement contribuent \u00e0 diminuer la pression sur les milliers de personnes dans la r\u00e9gion qui vivent en situation de pauvret\u00e9 et d\u2019exclusion&nbsp;\u00bb a-t-elle ajout\u00e9.<\/p>\n\n\n\n<p>\u00c0 go, on Centraide<\/p>\n\n\n\n<p><strong>Comment contribuer ?<\/strong><\/p>\n\n\n\n<p>En tant qu\u2019entreprise ou organisation, les dirigeants sont invit\u00e9s \u00e0 organiser une campagne aupr\u00e8s de leur personnel et joindre le mouvement afin de recueillir des dons qui serviront \u00e0 am\u00e9liorer les conditions de vie des personnes les plus vuln\u00e9rables. Il est aussi toujours possible de donner par la poste ou <a rel=\"noreferrer noopener\" href=\"https:\/\/centraide-rcoq.ca\/mauricie\/\" target=\"_blank\">via notre site<\/a>.<\/p>\n","protected":false},"excerpt":{"rendered":"<p>Trois-Rivi\u00e8res, le 15 septembre 2022 \u2013 Centraide Mauricie a donn\u00e9 le coup d\u2019envoi de sa campagne de financement annuelle dans les locaux de l\u2019organisme partenaire Point de rue, accompagn\u00e9 des membres du cabinet de campagne et de b\u00e9n\u00e9voles venus apporter leur soutien \u00e0 la cause. Le message est clair\u00a0: le poids de la pauvret\u00e9 et [&hellip;]<\/p>\n","protected":false},"author":3,"featured_media":1069,"comment_status":"open","ping_status":"open","sticky":false,"template":"","format":"standard","meta":{"ocean_post_layout":"","ocean_both_sidebars_style":"","ocean_both_sidebars_content_width":0,"ocean_both_sidebars_sidebars_width":0,"ocean_sidebar":"0","ocean_second_sidebar":"0","ocean_disable_margins":"enable","ocean_add_body_class":"","ocean_shortcode_before_top_bar":"","ocean_shortcode_after_top_bar":"","ocean_shortcode_before_header":"","ocean_shortcode_after_header":"","ocean_has_shortcode":"","ocean_shortcode_after_title":"","ocean_shortcode_before_footer_widgets":"","ocean_shortcode_after_footer_widgets":"","ocean_shortcode_before_footer_bottom":"","ocean_shortcode_after_footer_bottom":"","ocean_display_top_bar":"default","ocean_display_header":"default","ocean_header_style":"","ocean_center_header_left_menu":"0","ocean_custom_header_template":"0","ocean_custom_logo":0,"ocean_custom_retina_logo":0,"ocean_custom_logo_max_width":0,"ocean_custom_logo_tablet_max_width":0,"ocean_custom_logo_mobile_max_width":0,"ocean_custom_logo_max_height":0,"ocean_custom_logo_tablet_max_height":0,"ocean_custom_logo_mobile_max_height":0,"ocean_header_custom_menu":"0","ocean_menu_typo_font_family":"0","ocean_menu_typo_font_subset":"","ocean_menu_typo_font_size":0,"ocean_menu_typo_font_size_tablet":0,"ocean_menu_typo_font_size_mobile":0,"ocean_menu_typo_font_size_unit":"px","ocean_menu_typo_font_weight":"","ocean_menu_typo_font_weight_tablet":"","ocean_menu_typo_font_weight_mobile":"","ocean_menu_typo_transform":"","ocean_menu_typo_transform_tablet":"","ocean_menu_typo_transform_mobile":"","ocean_menu_typo_line_height":0,"ocean_menu_typo_line_height_tablet":0,"ocean_menu_typo_line_height_mobile":0,"ocean_menu_typo_line_height_unit":"","ocean_menu_typo_spacing":0,"ocean_menu_typo_spacing_tablet":0,"ocean_menu_typo_spacing_mobile":0,"ocean_menu_typo_spacing_unit":"","ocean_menu_link_color":"","ocean_menu_link_color_hover":"","ocean_menu_link_color_active":"","ocean_menu_link_background":"","ocean_menu_link_hover_background":"","ocean_menu_link_active_background":"","ocean_menu_social_links_bg":"","ocean_menu_social_hover_links_bg":"","ocean_menu_social_links_color":"","ocean_menu_social_hover_links_color":"","ocean_disable_title":"default","ocean_disable_heading":"default","ocean_post_title":"","ocean_post_subheading":"","ocean_post_title_style":"","ocean_post_title_background_color":"","ocean_post_title_background":0,"ocean_post_title_bg_image_position":"","ocean_post_title_bg_image_attachment":"","ocean_post_title_bg_image_repeat":"","ocean_post_title_bg_image_size":"","ocean_post_title_height":0,"ocean_post_title_bg_overlay":0.5,"ocean_post_title_bg_overlay_color":"","ocean_disable_breadcrumbs":"default","ocean_breadcrumbs_color":"","ocean_breadcrumbs_separator_color":"","ocean_breadcrumbs_links_color":"","ocean_breadcrumbs_links_hover_color":"","ocean_display_footer_widgets":"default","ocean_display_footer_bottom":"default","ocean_custom_footer_template":"0","ocean_post_oembed":"","ocean_post_self_hosted_media":"","ocean_post_video_embed":"","ocean_link_format":"","ocean_link_format_target":"self","ocean_quote_format":"","ocean_quote_format_link":"post","ocean_gallery_link_images":"off","ocean_gallery_id":[],"footnotes":""},"categories":[7],"tags":[],"class_list":["post-1726","post","type-post","status-publish","format-standard","has-post-thumbnail","hentry","category-nouvelles","entry","has-media"],"_links":{"self":[{"href":"https:\/\/centraide-rcoq.ca\/mauricie\/wp-json\/wp\/v2\/posts\/1726","targetHints":{"allow":["GET"]}}],"collection":[{"href":"https:\/\/centraide-rcoq.ca\/mauricie\/wp-json\/wp\/v2\/posts"}],"about":[{"href":"https:\/\/centraide-rcoq.ca\/mauricie\/wp-json\/wp\/v2\/types\/post"}],"author":[{"embeddable":true,"href":"https:\/\/centraide-rcoq.ca\/mauricie\/wp-json\/wp\/v2\/users\/3"}],"replies":[{"embeddable":true,"href":"https:\/\/centraide-rcoq.ca\/mauricie\/wp-json\/wp\/v2\/comments?post=1726"}],"version-history":[{"count":6,"href":"https:\/\/centraide-rcoq.ca\/mauricie\/wp-json\/wp\/v2\/posts\/1726\/revisions"}],"predecessor-version":[{"id":1733,"href":"https:\/\/centraide-rcoq.ca\/mauricie\/wp-json\/wp\/v2\/posts\/1726\/revisions\/1733"}],"wp:featuredmedia":[{"embeddable":true,"href":"https:\/\/centraide-rcoq.ca\/mauricie\/wp-json\/wp\/v2\/media\/1069"}],"wp:attachment":[{"href":"https:\/\/centraide-rcoq.ca\/mauricie\/wp-json\/wp\/v2\/media?parent=1726"}],"wp:term":[{"taxonomy":"category","embeddable":true,"href":"https:\/\/centraide-rcoq.ca\/mauricie\/wp-json\/wp\/v2\/categories?post=1726"},{"taxonomy":"post_tag","embeddable":true,"href":"https:\/\/centraide-rcoq.ca\/mauricie\/wp-json\/wp\/v2\/tags?post=1726"}],"curies":[{"name":"wp","href":"https:\/\/api.w.org\/{rel}","templated":true}]}}