{"id":1368,"date":"2022-02-25T08:00:39","date_gmt":"2022-02-25T13:00:39","guid":{"rendered":"https:\/\/centraide-rcoq.ca\/mauricie\/?p=1368"},"modified":"2022-02-25T09:11:12","modified_gmt":"2022-02-25T14:11:12","slug":"une-nouvelle-directrice-regionale-pour-centraide-mauricie","status":"publish","type":"post","link":"https:\/\/centraide-rcoq.ca\/mauricie\/une-nouvelle-directrice-regionale-pour-centraide-mauricie\/","title":{"rendered":"Une nouvelle directrice r\u00e9gionale pour Centraide Mauricie"},"content":{"rendered":"\n<p><strong>Trois-Rivi\u00e8res, le 25 f\u00e9vrier 2022<\/strong> <strong>\u2014<\/strong> Centraide Mauricie annonce la nomination de Madame Isabelle Milliard \u00e0 titre de directrice r\u00e9gionale de Centraide Mauricie, l\u2019une des six r\u00e9gions formant Centraide R\u00e9gions Centre-ouest du Qu\u00e9bec (RCOQ). Madame Milliard est \u00e9galement directrice r\u00e9gionale de Centraide Lanaudi\u00e8re et veillera donc \u00e0 la destin\u00e9e de ces deux bureaux.<\/p>\n\n\n\n<p>Madame Milliard, qui s\u2019est jointe \u00e0 l\u2019\u00e9quipe de Centraide RCOQ en juillet dernier, a \u0153uvr\u00e9 durant plus de vingt ans en \u00e9v\u00e9nementiel, en gestion de b\u00e9n\u00e9voles ainsi qu\u2019en animation dans le r\u00e9seau de la Sant\u00e9. Elle a \u00e9galement \u00e9volu\u00e9 dans les milieux communautaire et municipal, occupant divers postes de gestion de projets&nbsp;majeurs et de d\u00e9veloppement philanthropique.<\/p>\n\n\n\n<p>M. Olivier Drainville, pr\u00e9sident-directeur g\u00e9n\u00e9ral par int\u00e9rim et directeur principal finances et op\u00e9rations de Centraide RCOQ, a affirm\u00e9 avoir pleinement confiance en la capacit\u00e9 de Mme Milliard de g\u00e9rer \u00e0 la fois les bureaux de Lanaudi\u00e8re et de la Mauricie, mentionnant que ses expertises d\u00e9velopp\u00e9es au fil des ans seront des atouts importants pour poursuivre le d\u00e9veloppement et le rayonnement de Centraide Mauricie.<\/p>\n\n\n\n<p>Il a aussi profit\u00e9 de l\u2019occasion pour remercier chaleureusement Mme Chantal Ferland, qui a assur\u00e9 l\u2019int\u00e9rim \u00e0 la direction r\u00e9gionale durant plusieurs mois, tout en poursuivant son travail \u00e0 titre de conseill\u00e8re en d\u00e9veloppement philanthropique. <\/p>\n\n\n\n<p>Madame Milliard se dit tr\u00e8s motiv\u00e9e par ce nouveau d\u00e9fi, car il combine plusieurs de ses passions\u202fdont le travail collaboratif, la cr\u00e9ation de relations privil\u00e9gi\u00e9es et la culture philanthropique. Elle se dit aussi enchant\u00e9e de pouvoir travailler de concert avec un duo aguerri form\u00e9 de Mme Ferland et de M. Benoit Magny, conseiller en d\u00e9veloppement social, ajoutant qu\u2019avec une telle \u00e9quipe, elle ne pouvait \u00eatre mieux entour\u00e9e pour faire rayonner Centraide dans la r\u00e9gion et soutenir les dizaines d\u2019organismes-partenaires qui \u0153uvrent en Mauricie. <\/p>\n\n\n\n<p style=\"text-align:center\">&#8211; 30 &#8211;<\/p>\n\n\n\n<p> <\/p>\n\n\n\n<p><strong>\u00c0 propos de Centraide Mauricie<\/strong><br><em>Apr\u00e8s une r\u00e9flexion approfondie pour accentuer positivement leur action dans la communaut\u00e9, six Centraide du Qu\u00e9bec, <strong>dont Centraide Mauricie<\/strong>, ont fusionn\u00e9 en 2017 pour former <strong>Centraide des R\u00e9gions du centre-ouest du Qu\u00e9bec.<\/strong> En unissant leurs forces, cette approche partag\u00e9e permet d\u2019accro\u00eetre localement leur mission en \u00e9tant plus efficaces sur le plan administratif. Elle renforce aussi leur action dans chacune de leur r\u00e9gion et assure que chaque dollar investi demeure dans la communaut\u00e9 o\u00f9 il a \u00e9t\u00e9 amass\u00e9.<\/em><\/p>\n\n\n\n<p><strong>\u00c0 propos du mouvement Centraide<\/strong><br><em>Toutes les r\u00e9gions du Qu\u00e9bec sont desservies par les Centraide et chacun d&rsquo;eux&nbsp;recueille des dons&nbsp;sur son territoire pour les&nbsp;y investir afin d&rsquo;agir sur la pauvret\u00e9 et l&rsquo;exclusion sociale. Les Centraide soutiennent environ 1 500 organismes et projets communautaires qui viennent en aide \u00e0 pr\u00e8s de&nbsp;1,5 million de personnes au Qu\u00e9bec.<\/em><\/p>\n\n\n\n<p><strong>Renseignements :<\/strong><br>Isabelle Milliard<br>Directrice r\u00e9gionale <br>Centraide Mauricie<br>819 374-6207 poste 120 <br><a href=\"chantal.ferland@centraidemauricie.ca\">imilliard@centraide-rcoq.ca<\/a><\/p>\n\n\n\n<p> <strong>Source :<\/strong><br> St\u00e9phanie Bombardier Conseill\u00e8re principale \u2013 communications<br> Centraide des r\u00e9gions centre-ouest du Qu\u00e9bec <br> 819 477-0505 p.116 <br><a href=\"mailto:sbombardier@centraide-rcoq.ca\"> sbombardier@centraide-rcoq.ca<\/a> <br><\/p>\n\n\n\n<p><br><\/p>\n","protected":false},"excerpt":{"rendered":"<p>Trois-Rivi\u00e8res, le 25 f\u00e9vrier 2022 \u2014 Centraide Mauricie annonce la nomination de Madame Isabelle Milliard \u00e0 titre de directrice r\u00e9gionale de Centraide Mauricie, l\u2019une des six r\u00e9gions formant Centraide R\u00e9gions Centre-ouest du Qu\u00e9bec (RCOQ). Madame Milliard est \u00e9galement directrice r\u00e9gionale de Centraide Lanaudi\u00e8re et veillera donc \u00e0 la destin\u00e9e de ces deux bureaux. Madame Milliard, [&hellip;]<\/p>\n","protected":false},"author":3,"featured_media":1069,"comment_status":"open","ping_status":"open","sticky":false,"template":"","format":"standard","meta":{"ocean_post_layout":"","ocean_both_sidebars_style":"","ocean_both_sidebars_content_width":0,"ocean_both_sidebars_sidebars_width":0,"ocean_sidebar":"0","ocean_second_sidebar":"0","ocean_disable_margins":"enable","ocean_add_body_class":"","ocean_shortcode_before_top_bar":"","ocean_shortcode_after_top_bar":"","ocean_shortcode_before_header":"","ocean_shortcode_after_header":"","ocean_has_shortcode":"","ocean_shortcode_after_title":"","ocean_shortcode_before_footer_widgets":"","ocean_shortcode_after_footer_widgets":"","ocean_shortcode_before_footer_bottom":"","ocean_shortcode_after_footer_bottom":"","ocean_display_top_bar":"default","ocean_display_header":"default","ocean_header_style":"","ocean_center_header_left_menu":"0","ocean_custom_header_template":"0","ocean_custom_logo":0,"ocean_custom_retina_logo":0,"ocean_custom_logo_max_width":0,"ocean_custom_logo_tablet_max_width":0,"ocean_custom_logo_mobile_max_width":0,"ocean_custom_logo_max_height":0,"ocean_custom_logo_tablet_max_height":0,"ocean_custom_logo_mobile_max_height":0,"ocean_header_custom_menu":"0","ocean_menu_typo_font_family":"0","ocean_menu_typo_font_subset":"","ocean_menu_typo_font_size":0,"ocean_menu_typo_font_size_tablet":0,"ocean_menu_typo_font_size_mobile":0,"ocean_menu_typo_font_size_unit":"px","ocean_menu_typo_font_weight":"","ocean_menu_typo_font_weight_tablet":"","ocean_menu_typo_font_weight_mobile":"","ocean_menu_typo_transform":"","ocean_menu_typo_transform_tablet":"","ocean_menu_typo_transform_mobile":"","ocean_menu_typo_line_height":0,"ocean_menu_typo_line_height_tablet":0,"ocean_menu_typo_line_height_mobile":0,"ocean_menu_typo_line_height_unit":"","ocean_menu_typo_spacing":0,"ocean_menu_typo_spacing_tablet":0,"ocean_menu_typo_spacing_mobile":0,"ocean_menu_typo_spacing_unit":"","ocean_menu_link_color":"","ocean_menu_link_color_hover":"","ocean_menu_link_color_active":"","ocean_menu_link_background":"","ocean_menu_link_hover_background":"","ocean_menu_link_active_background":"","ocean_menu_social_links_bg":"","ocean_menu_social_hover_links_bg":"","ocean_menu_social_links_color":"","ocean_menu_social_hover_links_color":"","ocean_disable_title":"default","ocean_disable_heading":"default","ocean_post_title":"","ocean_post_subheading":"","ocean_post_title_style":"","ocean_post_title_background_color":"","ocean_post_title_background":0,"ocean_post_title_bg_image_position":"","ocean_post_title_bg_image_attachment":"","ocean_post_title_bg_image_repeat":"","ocean_post_title_bg_image_size":"","ocean_post_title_height":0,"ocean_post_title_bg_overlay":0.5,"ocean_post_title_bg_overlay_color":"","ocean_disable_breadcrumbs":"default","ocean_breadcrumbs_color":"","ocean_breadcrumbs_separator_color":"","ocean_breadcrumbs_links_color":"","ocean_breadcrumbs_links_hover_color":"","ocean_display_footer_widgets":"default","ocean_display_footer_bottom":"default","ocean_custom_footer_template":"0","ocean_post_oembed":"","ocean_post_self_hosted_media":"","ocean_post_video_embed":"","ocean_link_format":"","ocean_link_format_target":"self","ocean_quote_format":"","ocean_quote_format_link":"post","ocean_gallery_link_images":"off","ocean_gallery_id":[],"footnotes":""},"categories":[7],"tags":[],"class_list":["post-1368","post","type-post","status-publish","format-standard","has-post-thumbnail","hentry","category-nouvelles","entry","has-media"],"_links":{"self":[{"href":"https:\/\/centraide-rcoq.ca\/mauricie\/wp-json\/wp\/v2\/posts\/1368","targetHints":{"allow":["GET"]}}],"collection":[{"href":"https:\/\/centraide-rcoq.ca\/mauricie\/wp-json\/wp\/v2\/posts"}],"about":[{"href":"https:\/\/centraide-rcoq.ca\/mauricie\/wp-json\/wp\/v2\/types\/post"}],"author":[{"embeddable":true,"href":"https:\/\/centraide-rcoq.ca\/mauricie\/wp-json\/wp\/v2\/users\/3"}],"replies":[{"embeddable":true,"href":"https:\/\/centraide-rcoq.ca\/mauricie\/wp-json\/wp\/v2\/comments?post=1368"}],"version-history":[{"count":4,"href":"https:\/\/centraide-rcoq.ca\/mauricie\/wp-json\/wp\/v2\/posts\/1368\/revisions"}],"predecessor-version":[{"id":1374,"href":"https:\/\/centraide-rcoq.ca\/mauricie\/wp-json\/wp\/v2\/posts\/1368\/revisions\/1374"}],"wp:featuredmedia":[{"embeddable":true,"href":"https:\/\/centraide-rcoq.ca\/mauricie\/wp-json\/wp\/v2\/media\/1069"}],"wp:attachment":[{"href":"https:\/\/centraide-rcoq.ca\/mauricie\/wp-json\/wp\/v2\/media?parent=1368"}],"wp:term":[{"taxonomy":"category","embeddable":true,"href":"https:\/\/centraide-rcoq.ca\/mauricie\/wp-json\/wp\/v2\/categories?post=1368"},{"taxonomy":"post_tag","embeddable":true,"href":"https:\/\/centraide-rcoq.ca\/mauricie\/wp-json\/wp\/v2\/tags?post=1368"}],"curies":[{"name":"wp","href":"https:\/\/api.w.org\/{rel}","templated":true}]}}