{"id":606,"date":"2019-09-27T13:52:21","date_gmt":"2019-09-27T17:52:21","guid":{"rendered":"https:\/\/centraide-rcoq.ca\/lanaudiere\/?p=606"},"modified":"2019-09-27T13:53:00","modified_gmt":"2019-09-27T17:53:00","slug":"la-marche-des-parapluies","status":"publish","type":"post","link":"https:\/\/centraide-rcoq.ca\/lanaudiere\/la-marche-des-parapluies\/","title":{"rendered":"La Marche des Parapluies"},"content":{"rendered":"\t\t<div data-elementor-type=\"wp-post\" data-elementor-id=\"606\" class=\"elementor elementor-606\" data-elementor-post-type=\"post\">\n\t\t\t\t\t\t<section class=\"elementor-section elementor-top-section elementor-element elementor-element-711490c elementor-section-boxed elementor-section-height-default elementor-section-height-default\" data-id=\"711490c\" data-element_type=\"section\" data-e-type=\"section\">\n\t\t\t\t\t\t<div class=\"elementor-container elementor-column-gap-default\">\n\t\t\t\t\t<div class=\"elementor-column elementor-col-100 elementor-top-column elementor-element elementor-element-1357a5c\" data-id=\"1357a5c\" data-element_type=\"column\" data-e-type=\"column\">\n\t\t\t<div class=\"elementor-widget-wrap elementor-element-populated\">\n\t\t\t\t\t\t<div class=\"elementor-element elementor-element-e42adb0 elementor-widget elementor-widget-text-editor\" data-id=\"e42adb0\" data-element_type=\"widget\" data-e-type=\"widget\" data-widget_type=\"text-editor.default\">\n\t\t\t\t<div class=\"elementor-widget-container\">\n\t\t\t\t\t\t\t\t\t<table border=\"0\" cellspacing=\"0\" cellpadding=\"0\">\n<tbody>\n<tr style=\"mso-yfti-irow: 0; mso-yfti-firstrow: yes; mso-yfti-lastrow: yes; height: 12.1pt;\">\n<td style=\"width: 408.45pt; padding: 0cm 5.4pt 0cm 5.4pt; height: 12.1pt;\" valign=\"top\" width=\"545\">\n<p><span style=\"font-family: Georgia, serif; font-size: 16px; letter-spacing: 0.2px;\">Pour le temps d&rsquo;une marche, mettez-vous dans la peau de quelqu&rsquo;un qui \u00ab\u00a0a une c\u00f4te \u00e0 remonter\u00a0\u00bb. Beau temps, mauvais temps, sortez vos parapluies pour souligner l&rsquo;importance du d\u00e9veloppement social dans nos vies.<\/span><\/p>\n<p><span style=\"font-family: 'Georgia',serif;\">Pour cet \u00e9v\u00e9nement, les sentiers du <\/span><a href=\"https:\/\/www.parcsregionaux.org\/parcs-regionaux\/parcs\/parc-regional-de-la-chute-a-bull\/\"><span style=\"font-family: 'Georgia',serif; color: black;\">Parc r\u00e9gional de la Chute-\u00e0-Bull<\/span><\/a> <span style=\"font-family: 'Georgia',serif;\">seront exceptionnellement gratuits (inscription obligatoire) et une collation vous sera servie \u00e0 la fin de la marche.<\/span><span style=\"font-family: Georgia, serif; font-size: 16px; letter-spacing: 0.2px;\">&nbsp;<\/span><\/p>\n<p style=\"text-align: center; text-autospace: none;\" align=\"center\"><a href=\"https:\/\/www.jedonneenligne.org\/centraidelanaudiere\/MP2019\/\"><span style=\"font-size: 14.0pt; font-family: 'Georgia',serif; color: #fc5e3e;\">Cliquez ici<\/span><\/a><span style=\"font-size: 14.0pt; font-family: 'Georgia',serif;\"> pour vous inscrire.<\/span><span style=\"font-family: Georgia, serif; font-size: 16px; text-align: left; letter-spacing: 0.2px;\">&nbsp;<\/span><\/p>\n<p><b><span style=\"font-family: 'Georgia',serif; color: #fc5e3e;\">Nous vous demandons&nbsp;:<\/span><\/b><\/p>\n<ul>\n<li><span style=\"font-family: Georgia, serif; font-size: 16px; text-indent: -18pt; letter-spacing: 0.2px;\">d\u2019avoir de bons souliers de marche<\/span><\/li>\n<li><span style=\"font-family: 'Georgia',serif;\">d\u2019apporter votre gourde d\u2019eau<\/span><\/li>\n<li><span style=\"font-family: 'Georgia',serif;\">de favoriser le covoiturage<\/span><\/li>\n<\/ul>\n<p style=\"margin-left: 36.0pt; line-height: 105%; text-autospace: none;\"><span style=\"font-family: 'Georgia',serif;\">&nbsp;<\/span><\/p>\n<p><b><span style=\"font-family: 'Georgia',serif; color: #fc5e3e;\">Accueil<\/span><\/b><b> <\/b><b><span style=\"font-family: 'Georgia',serif; color: black;\">entre 9h30 et 10h30&nbsp;&nbsp;&nbsp;&nbsp;&nbsp; <\/span><\/b><b><span style=\"font-family: 'Georgia',serif; color: #fc5e3e;\">D\u00e9part<\/span><\/b><b> <\/b><b><span style=\"font-family: 'Georgia',serif; color: black;\">\u00e0 10h30<\/span><\/b><b style=\"font-size: 16px; letter-spacing: 0.2px;\"><span style=\"font-family: 'Georgia',serif; color: #fc5e3e;\">&nbsp;<\/span><\/b><\/p>\n<p><b><span style=\"font-family: 'Georgia',serif; color: #fc5e3e;\">Distance&nbsp;\u00e0 parcourir<\/span><\/b><b><span style=\"font-family: 'Georgia',serif;\">: 2 km<\/span><\/b><span style=\"font-family: 'Georgia',serif;\"> (1 km aller et 1 km retour) sur le <span style=\"color: black;\">\u00ab sentier du belv\u00e9d\u00e8re&nbsp;\u00bb <\/span>cat\u00e9gorie d\u00e9butant-interm\u00e9diaire.<\/span><span style=\"color: black; font-family: Georgia, serif; font-size: 16px; letter-spacing: 0.2px;\">&nbsp;<\/span><\/p>\n<p><b><span style=\"font-family: 'Georgia',serif; color: #fc5e3e;\">Nous d\u00e9sirons remercier pour leur soutien<\/span><\/b><span style=\"font-family: 'Georgia',serif;\">, M. Sylvain Breton, pr\u00e9fet de la MRC de Matawinie, M. Martin Bordeleau, maire de Saint-C\u00f4me, la Municipalit\u00e9 de Saint-C\u00f4me, le Parc r\u00e9gional de la Chute-\u00e0-Bull et les March\u00e9s Tradition de Saint-C\u00f4me.<\/span><span style=\"font-family: Georgia, serif; font-size: 16px; letter-spacing: 0.2px;\">&nbsp;<\/span><\/p>\n<p><span style=\"font-family: Georgia, serif; font-size: 16px; letter-spacing: 0.2px;\">* Les sentiers ne permettent pas l&rsquo;acc\u00e8s aux fauteuils roulants ni aux poussettes.&nbsp;<\/span><\/p>\n<p><span style=\"font-family: 'Georgia',serif;\">Pour de plus amples renseignements, veuillez contacter<\/span><span style=\"font-family: Georgia, serif; font-size: inherit;\">&nbsp;<\/span><\/p>\n<p><span style=\"font-family: 'Georgia',serif;\"><strong>Luc Charpentier<\/strong>&nbsp;&nbsp;&nbsp;&nbsp;&nbsp;&nbsp;&nbsp; ou&nbsp;&nbsp;&nbsp;&nbsp;&nbsp;&nbsp;<strong>&nbsp;Maude-\u00c9rica Desjardins<\/strong><\/span><\/p>\n<p><span style=\"font-family: 'Georgia',serif;\">514&nbsp;546-9008&nbsp;&nbsp;&nbsp;&nbsp;&nbsp;&nbsp;&nbsp;&nbsp;&nbsp;&nbsp;&nbsp;&nbsp;&nbsp;&nbsp;&nbsp;&nbsp;&nbsp;&nbsp;&nbsp;&nbsp;&nbsp;&nbsp; 450 271-3091<\/span><\/p>\n<\/td>\n<\/tr>\n<\/tbody>\n<\/table>\t\t\t\t\t\t\t\t<\/div>\n\t\t\t\t<\/div>\n\t\t\t\t\t<\/div>\n\t\t<\/div>\n\t\t\t\t\t<\/div>\n\t\t<\/section>\n\t\t\t\t<\/div>\n\t\t","protected":false},"excerpt":{"rendered":"<p>Pour le temps d&rsquo;une marche, mettez-vous dans la peau de quelqu&rsquo;un qui \u00ab\u00a0a une c\u00f4te \u00e0 remonter\u00a0\u00bb. Beau temps, mauvais temps, sortez vos parapluies pour souligner l&rsquo;importance du d\u00e9veloppement social dans nos vies. Pour cet \u00e9v\u00e9nement, les sentiers du Parc r\u00e9gional de la Chute-\u00e0-Bull seront exceptionnellement gratuits (inscription obligatoire) et une collation vous sera servie [&hellip;]<\/p>\n","protected":false},"author":2,"featured_media":605,"comment_status":"closed","ping_status":"open","sticky":false,"template":"","format":"standard","meta":{"ocean_post_layout":"","ocean_both_sidebars_style":"","ocean_both_sidebars_content_width":0,"ocean_both_sidebars_sidebars_width":0,"ocean_sidebar":"0","ocean_second_sidebar":"0","ocean_disable_margins":"enable","ocean_add_body_class":"","ocean_shortcode_before_top_bar":"","ocean_shortcode_after_top_bar":"","ocean_shortcode_before_header":"","ocean_shortcode_after_header":"","ocean_has_shortcode":"","ocean_shortcode_after_title":"","ocean_shortcode_before_footer_widgets":"","ocean_shortcode_after_footer_widgets":"","ocean_shortcode_before_footer_bottom":"","ocean_shortcode_after_footer_bottom":"","ocean_display_top_bar":"default","ocean_display_header":"default","ocean_header_style":"","ocean_center_header_left_menu":"0","ocean_custom_header_template":"0","ocean_custom_logo":0,"ocean_custom_retina_logo":0,"ocean_custom_logo_max_width":0,"ocean_custom_logo_tablet_max_width":0,"ocean_custom_logo_mobile_max_width":0,"ocean_custom_logo_max_height":0,"ocean_custom_logo_tablet_max_height":0,"ocean_custom_logo_mobile_max_height":0,"ocean_header_custom_menu":"0","ocean_menu_typo_font_family":"0","ocean_menu_typo_font_subset":"","ocean_menu_typo_font_size":0,"ocean_menu_typo_font_size_tablet":0,"ocean_menu_typo_font_size_mobile":0,"ocean_menu_typo_font_size_unit":"px","ocean_menu_typo_font_weight":"","ocean_menu_typo_font_weight_tablet":"","ocean_menu_typo_font_weight_mobile":"","ocean_menu_typo_transform":"","ocean_menu_typo_transform_tablet":"","ocean_menu_typo_transform_mobile":"","ocean_menu_typo_line_height":0,"ocean_menu_typo_line_height_tablet":0,"ocean_menu_typo_line_height_mobile":0,"ocean_menu_typo_line_height_unit":"","ocean_menu_typo_spacing":0,"ocean_menu_typo_spacing_tablet":0,"ocean_menu_typo_spacing_mobile":0,"ocean_menu_typo_spacing_unit":"","ocean_menu_link_color":"","ocean_menu_link_color_hover":"","ocean_menu_link_color_active":"","ocean_menu_link_background":"","ocean_menu_link_hover_background":"","ocean_menu_link_active_background":"","ocean_menu_social_links_bg":"","ocean_menu_social_hover_links_bg":"","ocean_menu_social_links_color":"","ocean_menu_social_hover_links_color":"","ocean_disable_title":"default","ocean_disable_heading":"default","ocean_post_title":"","ocean_post_subheading":"","ocean_post_title_style":"","ocean_post_title_background_color":"","ocean_post_title_background":0,"ocean_post_title_bg_image_position":"","ocean_post_title_bg_image_attachment":"","ocean_post_title_bg_image_repeat":"","ocean_post_title_bg_image_size":"","ocean_post_title_height":0,"ocean_post_title_bg_overlay":0.5,"ocean_post_title_bg_overlay_color":"","ocean_disable_breadcrumbs":"default","ocean_breadcrumbs_color":"","ocean_breadcrumbs_separator_color":"","ocean_breadcrumbs_links_color":"","ocean_breadcrumbs_links_hover_color":"","ocean_display_footer_widgets":"default","ocean_display_footer_bottom":"default","ocean_custom_footer_template":"0","ocean_post_oembed":"","ocean_post_self_hosted_media":"","ocean_post_video_embed":"","ocean_link_format":"","ocean_link_format_target":"self","ocean_quote_format":"","ocean_quote_format_link":"post","ocean_gallery_link_images":"off","ocean_gallery_id":[],"footnotes":""},"categories":[7],"tags":[],"class_list":["post-606","post","type-post","status-publish","format-standard","has-post-thumbnail","hentry","category-nouvelles","entry","has-media"],"_links":{"self":[{"href":"https:\/\/centraide-rcoq.ca\/lanaudiere\/wp-json\/wp\/v2\/posts\/606","targetHints":{"allow":["GET"]}}],"collection":[{"href":"https:\/\/centraide-rcoq.ca\/lanaudiere\/wp-json\/wp\/v2\/posts"}],"about":[{"href":"https:\/\/centraide-rcoq.ca\/lanaudiere\/wp-json\/wp\/v2\/types\/post"}],"author":[{"embeddable":true,"href":"https:\/\/centraide-rcoq.ca\/lanaudiere\/wp-json\/wp\/v2\/users\/2"}],"replies":[{"embeddable":true,"href":"https:\/\/centraide-rcoq.ca\/lanaudiere\/wp-json\/wp\/v2\/comments?post=606"}],"version-history":[{"count":3,"href":"https:\/\/centraide-rcoq.ca\/lanaudiere\/wp-json\/wp\/v2\/posts\/606\/revisions"}],"predecessor-version":[{"id":609,"href":"https:\/\/centraide-rcoq.ca\/lanaudiere\/wp-json\/wp\/v2\/posts\/606\/revisions\/609"}],"wp:featuredmedia":[{"embeddable":true,"href":"https:\/\/centraide-rcoq.ca\/lanaudiere\/wp-json\/wp\/v2\/media\/605"}],"wp:attachment":[{"href":"https:\/\/centraide-rcoq.ca\/lanaudiere\/wp-json\/wp\/v2\/media?parent=606"}],"wp:term":[{"taxonomy":"category","embeddable":true,"href":"https:\/\/centraide-rcoq.ca\/lanaudiere\/wp-json\/wp\/v2\/categories?post=606"},{"taxonomy":"post_tag","embeddable":true,"href":"https:\/\/centraide-rcoq.ca\/lanaudiere\/wp-json\/wp\/v2\/tags?post=606"}],"curies":[{"name":"wp","href":"https:\/\/api.w.org\/{rel}","templated":true}]}}