{"id":3093,"date":"2025-12-08T10:33:42","date_gmt":"2025-12-08T15:33:42","guid":{"rendered":"https:\/\/centraide-rcoq.ca\/lanaudiere\/?p=3093"},"modified":"2025-12-08T10:34:21","modified_gmt":"2025-12-08T15:34:21","slug":"mardi-je-donne-une-mobilisation-forte-grace-a-la-generosite-de-la-communaute-et-au-jumelage-offert-par-experience-matha-et-groupe-jette-assurances","status":"publish","type":"post","link":"https:\/\/centraide-rcoq.ca\/lanaudiere\/mardi-je-donne-une-mobilisation-forte-grace-a-la-generosite-de-la-communaute-et-au-jumelage-offert-par-experience-matha-et-groupe-jette-assurances\/","title":{"rendered":"Mardi Je Donne : une mobilisation forte gr\u00e2ce \u00e0 la g\u00e9n\u00e9rosit\u00e9 de la communaut\u00e9 et au jumelage offert par\u00a0Exp\u00e9rience Matha et Groupe\u00a0Jett\u00e9\u00a0Assurances\u00a0"},"content":{"rendered":"\n<p>Centraide&nbsp;Lanaudi\u00e8re&nbsp;tient \u00e0 remercier chaleureusement la population, les donateurs, les b\u00e9n\u00e9voles&nbsp;et les partenaires qui ont particip\u00e9 \u00e0 l\u2019\u00e9dition 2025 de&nbsp;Mardi&nbsp;Je Donne.&nbsp;Gr\u00e2ce \u00e0 l\u2019engagement d\u2019Exp\u00e9rience Matha et de Groupe&nbsp;Jett\u00e9&nbsp;Assurances&nbsp;les&nbsp;dons&nbsp;vers\u00e9s&nbsp;entre le 24 novembre et le 4 d\u00e9cembre&nbsp;ont&nbsp;\u00e9t\u00e9 doubl\u00e9s&nbsp;jusqu\u2019\u00e0 concurrence de&nbsp;10\u202f000 $,&nbsp;ce qui a&nbsp;permis d\u2019amasser plus de&nbsp;45\u202f910&nbsp;$.&nbsp;<\/p>\n\n\n\n<p><strong>Une solidarit\u00e9 qui fait du bien<\/strong>&nbsp;<\/p>\n\n\n\n<p>La mobilisation observ\u00e9e au cours de cette p\u00e9riode d\u00e9montre, encore une fois, la force du collectif. Les dons re\u00e7us permettront de renforcer le soutien offert aux organismes communautaires qui travaillent chaque jour \u00e0 briser le cycle de la pauvret\u00e9 et de l\u2019exclusion sociale dans la r\u00e9gion.&nbsp;<\/p>\n\n\n\n<p>\u00ab La communaut\u00e9 s\u2019est rassembl\u00e9e autour d\u2019un objectif commun : aider celles et ceux qui vivent une p\u00e9riode difficile. Gr\u00e2ce au jumelage offert par&nbsp;Exp\u00e9rience Matha et Groupe&nbsp;Jett\u00e9&nbsp;Assurances,&nbsp;l\u2019impact des dons a \u00e9t\u00e9&nbsp;amplifi\u00e9, ce qui permettra d\u2019en faire encore plus sur le terrain. Merci \u00e0 toutes les personnes qui ont contribu\u00e9, de pr\u00e8s ou de loin \u00bb, souligne&nbsp;Isabelle Milliard,&nbsp;directrice&nbsp;du d\u00e9veloppement et des partenariats chez Centraide&nbsp;Lanaudi\u00e8re.&nbsp;<\/p>\n\n\n\n<p><strong>Mobilisation locale<\/strong>&nbsp;<\/p>\n\n\n\n<p>Mardi je donne a \u00e9galement pris une couleur bien locale\u00a0encore\u00a0cette ann\u00e9e. Gr\u00e2ce \u00e0 l\u2019implication de\u00a013\u00a0b\u00e9n\u00e9voles, l\u2019\u00e9quipe a r\u00e9alis\u00e9\u00a0plus de 400 appels<strong>\u00a0<\/strong>pour rejoindre la communaut\u00e9.\u00a0Des partenaires ont aussi accept\u00e9 de prendre les dons\u00a0pour l\u2019occasion\u00a0:\u00a0ville de\u00a0Repentigny,\u00a0municipalit\u00e9\u00a0de\u00a0Saint-Calixte,\u00a0municipalit\u00e9\u00a0de\u00a0St-C\u00f4me\u00a0et Bourgeois Chevrolet\u00a0Buick GMC.\u00a0Le O\u00a0103,5 Arsenal Media a aussi diffus\u00e9 des capsules radio\u00a0toute la journ\u00e9e\u00a0afin d\u2019inviter les gens \u00e0 \u00eatre\u00a0g\u00e9n\u00e9reux envers la cause.\u00a0Cette mobilisation est au c\u0153ur de l\u2019esprit de Centraide : des gens qui tendent la main pour soutenir d\u2019autres gens de leur milieu. Nous tenons \u00e0 remercier chaleureusement tous les b\u00e9n\u00e9voles, partenaires et employ\u00e9s qui ont contribu\u00e9 \u00e0 donner vie \u00e0 cette journ\u00e9e de solidarit\u00e9.\u00a0<\/p>\n\n\n\n<p><strong>Merci \u00e0 toute la communaut\u00e9<\/strong>&nbsp;<\/p>\n\n\n\n<p>Centraide remercie les donateurs, les b\u00e9n\u00e9voles, les entreprises, les partenaires et toutes les personnes qui ont pris part au mouvement&nbsp;Mardi&nbsp;Je Donne, que ce soit en donnant, ou en la faisant rayonner dans leur entourage.<\/p>\n","protected":false},"excerpt":{"rendered":"<p>Centraide&nbsp;Lanaudi\u00e8re&nbsp;tient \u00e0 remercier chaleureusement la population, les donateurs, les b\u00e9n\u00e9voles&nbsp;et les partenaires qui ont particip\u00e9 \u00e0 l\u2019\u00e9dition 2025 de&nbsp;Mardi&nbsp;Je Donne.&nbsp;Gr\u00e2ce \u00e0 l\u2019engagement d\u2019Exp\u00e9rience Matha et de Groupe&nbsp;Jett\u00e9&nbsp;Assurances&nbsp;les&nbsp;dons&nbsp;vers\u00e9s&nbsp;entre le 24 novembre et le 4 d\u00e9cembre&nbsp;ont&nbsp;\u00e9t\u00e9 doubl\u00e9s&nbsp;jusqu\u2019\u00e0 concurrence de&nbsp;10\u202f000 $,&nbsp;ce qui a&nbsp;permis d\u2019amasser plus de&nbsp;45\u202f910&nbsp;$.&nbsp; Une solidarit\u00e9 qui fait du bien&nbsp; La mobilisation observ\u00e9e au cours de [&hellip;]<\/p>\n","protected":false},"author":2,"featured_media":3094,"comment_status":"closed","ping_status":"closed","sticky":false,"template":"","format":"standard","meta":{"ocean_post_layout":"","ocean_both_sidebars_style":"","ocean_both_sidebars_content_width":0,"ocean_both_sidebars_sidebars_width":0,"ocean_sidebar":"","ocean_second_sidebar":"","ocean_disable_margins":"enable","ocean_add_body_class":"","ocean_shortcode_before_top_bar":"","ocean_shortcode_after_top_bar":"","ocean_shortcode_before_header":"","ocean_shortcode_after_header":"","ocean_has_shortcode":"","ocean_shortcode_after_title":"","ocean_shortcode_before_footer_widgets":"","ocean_shortcode_after_footer_widgets":"","ocean_shortcode_before_footer_bottom":"","ocean_shortcode_after_footer_bottom":"","ocean_display_top_bar":"default","ocean_display_header":"default","ocean_header_style":"","ocean_center_header_left_menu":"","ocean_custom_header_template":"","ocean_custom_logo":0,"ocean_custom_retina_logo":0,"ocean_custom_logo_max_width":0,"ocean_custom_logo_tablet_max_width":0,"ocean_custom_logo_mobile_max_width":0,"ocean_custom_logo_max_height":0,"ocean_custom_logo_tablet_max_height":0,"ocean_custom_logo_mobile_max_height":0,"ocean_header_custom_menu":"","ocean_menu_typo_font_family":"","ocean_menu_typo_font_subset":"","ocean_menu_typo_font_size":0,"ocean_menu_typo_font_size_tablet":0,"ocean_menu_typo_font_size_mobile":0,"ocean_menu_typo_font_size_unit":"px","ocean_menu_typo_font_weight":"","ocean_menu_typo_font_weight_tablet":"","ocean_menu_typo_font_weight_mobile":"","ocean_menu_typo_transform":"","ocean_menu_typo_transform_tablet":"","ocean_menu_typo_transform_mobile":"","ocean_menu_typo_line_height":0,"ocean_menu_typo_line_height_tablet":0,"ocean_menu_typo_line_height_mobile":0,"ocean_menu_typo_line_height_unit":"","ocean_menu_typo_spacing":0,"ocean_menu_typo_spacing_tablet":0,"ocean_menu_typo_spacing_mobile":0,"ocean_menu_typo_spacing_unit":"","ocean_menu_link_color":"","ocean_menu_link_color_hover":"","ocean_menu_link_color_active":"","ocean_menu_link_background":"","ocean_menu_link_hover_background":"","ocean_menu_link_active_background":"","ocean_menu_social_links_bg":"","ocean_menu_social_hover_links_bg":"","ocean_menu_social_links_color":"","ocean_menu_social_hover_links_color":"","ocean_disable_title":"default","ocean_disable_heading":"default","ocean_post_title":"","ocean_post_subheading":"","ocean_post_title_style":"","ocean_post_title_background_color":"","ocean_post_title_background":0,"ocean_post_title_bg_image_position":"","ocean_post_title_bg_image_attachment":"","ocean_post_title_bg_image_repeat":"","ocean_post_title_bg_image_size":"","ocean_post_title_height":0,"ocean_post_title_bg_overlay":0.5,"ocean_post_title_bg_overlay_color":"","ocean_disable_breadcrumbs":"default","ocean_breadcrumbs_color":"","ocean_breadcrumbs_separator_color":"","ocean_breadcrumbs_links_color":"","ocean_breadcrumbs_links_hover_color":"","ocean_display_footer_widgets":"default","ocean_display_footer_bottom":"default","ocean_custom_footer_template":"","ocean_post_oembed":"","ocean_post_self_hosted_media":"","ocean_post_video_embed":"","ocean_link_format":"","ocean_link_format_target":"self","ocean_quote_format":"","ocean_quote_format_link":"post","ocean_gallery_link_images":"on","ocean_gallery_id":[],"footnotes":""},"categories":[1],"tags":[],"class_list":["post-3093","post","type-post","status-publish","format-standard","has-post-thumbnail","hentry","category-non-classe","entry","has-media"],"_links":{"self":[{"href":"https:\/\/centraide-rcoq.ca\/lanaudiere\/wp-json\/wp\/v2\/posts\/3093","targetHints":{"allow":["GET"]}}],"collection":[{"href":"https:\/\/centraide-rcoq.ca\/lanaudiere\/wp-json\/wp\/v2\/posts"}],"about":[{"href":"https:\/\/centraide-rcoq.ca\/lanaudiere\/wp-json\/wp\/v2\/types\/post"}],"author":[{"embeddable":true,"href":"https:\/\/centraide-rcoq.ca\/lanaudiere\/wp-json\/wp\/v2\/users\/2"}],"replies":[{"embeddable":true,"href":"https:\/\/centraide-rcoq.ca\/lanaudiere\/wp-json\/wp\/v2\/comments?post=3093"}],"version-history":[{"count":2,"href":"https:\/\/centraide-rcoq.ca\/lanaudiere\/wp-json\/wp\/v2\/posts\/3093\/revisions"}],"predecessor-version":[{"id":3096,"href":"https:\/\/centraide-rcoq.ca\/lanaudiere\/wp-json\/wp\/v2\/posts\/3093\/revisions\/3096"}],"wp:featuredmedia":[{"embeddable":true,"href":"https:\/\/centraide-rcoq.ca\/lanaudiere\/wp-json\/wp\/v2\/media\/3094"}],"wp:attachment":[{"href":"https:\/\/centraide-rcoq.ca\/lanaudiere\/wp-json\/wp\/v2\/media?parent=3093"}],"wp:term":[{"taxonomy":"category","embeddable":true,"href":"https:\/\/centraide-rcoq.ca\/lanaudiere\/wp-json\/wp\/v2\/categories?post=3093"},{"taxonomy":"post_tag","embeddable":true,"href":"https:\/\/centraide-rcoq.ca\/lanaudiere\/wp-json\/wp\/v2\/tags?post=3093"}],"curies":[{"name":"wp","href":"https:\/\/api.w.org\/{rel}","templated":true}]}}