{"id":2287,"date":"2024-06-11T15:42:57","date_gmt":"2024-06-11T19:42:57","guid":{"rendered":"https:\/\/centraide-rcoq.ca\/lanaudiere\/?p=2287"},"modified":"2024-06-11T15:47:28","modified_gmt":"2024-06-11T19:47:28","slug":"centraide-lanaudiere-investira-pres-de-1m-dans-la-communaute","status":"publish","type":"post","link":"https:\/\/centraide-rcoq.ca\/lanaudiere\/centraide-lanaudiere-investira-pres-de-1m-dans-la-communaute\/","title":{"rendered":"CENTRAIDE LANAUDI\u00c8RE INVESTIRA PR\u00c8S DE 1M $ DANS LA COMMUNAUT\u00c9"},"content":{"rendered":"\n<p><strong>Joliette, le 11 juin 2024 <\/strong>\u2013 Centraide Lanaudi\u00e8re annonce aujourd\u2019hui qu\u2019un investissement social de pr\u00e8s de 1M$ sera r\u00e9alis\u00e9 cette ann\u00e9e aupr\u00e8s des communaut\u00e9s de son territoire.<\/p>\n\n\n\n<p>Ce montant servira \u00e0 soutenir <strong>58 organismes et initiatives<\/strong> dans l\u2019un ou l\u2019autre de ces champs d\u2019action : \u00ab Soutenir la r\u00e9ussite des jeunes \u00bb, \u00ab Assurer l\u2019essentiel \u00bb, \u00ab B\u00e2tir des milieux de vie rassembleurs \u00bb et \u00ab Briser l\u2019isolement social \u00bb. Centraide demeure ainsi fid\u00e8le \u00e0 sa mission premi\u00e8re qui consiste \u00e0 lutter <strong>contre la pauvret\u00e9 et l\u2019exclusion sociale<\/strong>.<\/p>\n\n\n\n<p><strong>Mme Isabelle Milliard<\/strong>, directrice D\u00e9veloppement et partenariats, pr\u00e9cise que \u00ab la r\u00e9gion est confront\u00e9e \u00e0 des <strong>enjeux s\u00e9rieux qui touchent directement la qualit\u00e9 de vie des moins bien nantis<\/strong>, en plus de freiner s\u00e9rieusement le d\u00e9veloppement de leur plein potentiel. Cette somme permettra assur\u00e9ment de changer la trajectoire de vie des personnes les plus vuln\u00e9rables. \u00bb<\/p>\n\n\n\n<p>On note de <strong>belles avanc\u00e9es<\/strong> pour Centraide sur le plan du renforcement de son r\u00f4le dans le milieu et de ses relations avec ses partenaires. Les organismes sont nombreux \u00e0 <strong>exprimer leur fiert\u00e9 d\u2019\u00eatre soutenus par une organisation rigoureuse<\/strong> qui mise d\u2019abord sur la stabilit\u00e9 du financement et qui priorise le <strong>d\u00e9veloppement des communaut\u00e9s<\/strong>.<\/p>\n\n\n\n<p>Il faut noter que les demandes sont \u00e0 la hausse pour presque tous les organismes, ce qui d\u00e9montre que <strong>les besoins sont nombreux et sans cesse croissants<\/strong>. Le soutien de Centraide renforce ind\u00e9niablement le tissu social de la r\u00e9gion.<\/p>\n\n\n\n<figure class=\"wp-block-image size-large\"><img fetchpriority=\"high\" decoding=\"async\" width=\"1024\" height=\"682\" src=\"https:\/\/centraide-rcoq.ca\/lanaudiere\/wp-content\/uploads\/sites\/10\/2024\/06\/Equipe-Lanau-1024x682.jpg\" alt=\"\" class=\"wp-image-2288\" srcset=\"https:\/\/centraide-rcoq.ca\/lanaudiere\/wp-content\/uploads\/sites\/10\/2024\/06\/Equipe-Lanau-1024x682.jpg 1024w, https:\/\/centraide-rcoq.ca\/lanaudiere\/wp-content\/uploads\/sites\/10\/2024\/06\/Equipe-Lanau-300x200.jpg 300w, https:\/\/centraide-rcoq.ca\/lanaudiere\/wp-content\/uploads\/sites\/10\/2024\/06\/Equipe-Lanau-768x512.jpg 768w, https:\/\/centraide-rcoq.ca\/lanaudiere\/wp-content\/uploads\/sites\/10\/2024\/06\/Equipe-Lanau.jpg 1300w\" sizes=\"(max-width: 1024px) 100vw, 1024px\" \/><figcaption class=\"wp-element-caption\">Isabelle Milliard, directrice D\u00e9veloppement et partenariats, en compagnie de Dave Ferland-B\u00e9rard, conseiller en d\u00e9veloppement social<\/figcaption><\/figure>\n\n\n\n<p>Mais concr\u00e8tement, <strong>quel est l\u2019impact de Centraide sur le terrain<\/strong> ? Parmi les histoires inspirantes de la derni\u00e8re ann\u00e9e, notons la pr\u00e9sence active sur le terrain, que ce soit par la <strong>participation aux comit\u00e9s locaux de d\u00e9veloppement social<\/strong> ou encore par la participation <strong>aux AGA<\/strong>. Cette pr\u00e9sence a permis d\u2019augmenter le rayonnement de Centraide dans le milieu communautaire, ce qui explique s\u00fbrement en partie <strong>le grand nombre de nouvelles demandes re\u00e7ues<\/strong>.<\/p>\n\n\n\n<p>Mme Milliard a tenu \u00e0 souligner le travail de <strong>M. Dave Ferland-B\u00e9rard<\/strong>, conseiller en d\u00e9veloppement social, qui a su d\u00e9velopper et entretenir de pr\u00e9cieuses collaborations avec les partenaires du milieu et faire une v\u00e9ritable diff\u00e9rence dans la vie des gens. Elle a aussi remerci\u00e9 les pr\u00e9cieux collaborateurs b\u00e9n\u00e9voles membres du Comit\u00e9 d\u2019analyse et de relations avec les organismes, sous la gouverne de <strong>M. Louis-Marie Laplante<\/strong> et ceux du Cabinet de campagne. Ces collaborateurs au grand c\u0153ur ont une valeur inestimable pour Centraide.<\/p>\n","protected":false},"excerpt":{"rendered":"<p>Joliette, le 11 juin 2024 \u2013 Centraide Lanaudi\u00e8re annonce aujourd\u2019hui qu\u2019un investissement social de pr\u00e8s de 1M$ sera r\u00e9alis\u00e9 cette ann\u00e9e aupr\u00e8s des communaut\u00e9s de son territoire. Ce montant servira \u00e0 soutenir 58 organismes et initiatives dans l\u2019un ou l\u2019autre de ces champs d\u2019action : \u00ab Soutenir la r\u00e9ussite des jeunes \u00bb, \u00ab Assurer l\u2019essentiel [&hellip;]<\/p>\n","protected":false},"author":3,"featured_media":1049,"comment_status":"closed","ping_status":"closed","sticky":false,"template":"","format":"standard","meta":{"ocean_post_layout":"","ocean_both_sidebars_style":"","ocean_both_sidebars_content_width":0,"ocean_both_sidebars_sidebars_width":0,"ocean_sidebar":"","ocean_second_sidebar":"","ocean_disable_margins":"enable","ocean_add_body_class":"","ocean_shortcode_before_top_bar":"","ocean_shortcode_after_top_bar":"","ocean_shortcode_before_header":"","ocean_shortcode_after_header":"","ocean_has_shortcode":"","ocean_shortcode_after_title":"","ocean_shortcode_before_footer_widgets":"","ocean_shortcode_after_footer_widgets":"","ocean_shortcode_before_footer_bottom":"","ocean_shortcode_after_footer_bottom":"","ocean_display_top_bar":"default","ocean_display_header":"default","ocean_header_style":"","ocean_center_header_left_menu":"","ocean_custom_header_template":"","ocean_custom_logo":0,"ocean_custom_retina_logo":0,"ocean_custom_logo_max_width":0,"ocean_custom_logo_tablet_max_width":0,"ocean_custom_logo_mobile_max_width":0,"ocean_custom_logo_max_height":0,"ocean_custom_logo_tablet_max_height":0,"ocean_custom_logo_mobile_max_height":0,"ocean_header_custom_menu":"","ocean_menu_typo_font_family":"","ocean_menu_typo_font_subset":"","ocean_menu_typo_font_size":0,"ocean_menu_typo_font_size_tablet":0,"ocean_menu_typo_font_size_mobile":0,"ocean_menu_typo_font_size_unit":"px","ocean_menu_typo_font_weight":"","ocean_menu_typo_font_weight_tablet":"","ocean_menu_typo_font_weight_mobile":"","ocean_menu_typo_transform":"","ocean_menu_typo_transform_tablet":"","ocean_menu_typo_transform_mobile":"","ocean_menu_typo_line_height":0,"ocean_menu_typo_line_height_tablet":0,"ocean_menu_typo_line_height_mobile":0,"ocean_menu_typo_line_height_unit":"","ocean_menu_typo_spacing":0,"ocean_menu_typo_spacing_tablet":0,"ocean_menu_typo_spacing_mobile":0,"ocean_menu_typo_spacing_unit":"","ocean_menu_link_color":"","ocean_menu_link_color_hover":"","ocean_menu_link_color_active":"","ocean_menu_link_background":"","ocean_menu_link_hover_background":"","ocean_menu_link_active_background":"","ocean_menu_social_links_bg":"","ocean_menu_social_hover_links_bg":"","ocean_menu_social_links_color":"","ocean_menu_social_hover_links_color":"","ocean_disable_title":"default","ocean_disable_heading":"default","ocean_post_title":"","ocean_post_subheading":"","ocean_post_title_style":"","ocean_post_title_background_color":"","ocean_post_title_background":0,"ocean_post_title_bg_image_position":"","ocean_post_title_bg_image_attachment":"","ocean_post_title_bg_image_repeat":"","ocean_post_title_bg_image_size":"","ocean_post_title_height":0,"ocean_post_title_bg_overlay":0.5,"ocean_post_title_bg_overlay_color":"","ocean_disable_breadcrumbs":"default","ocean_breadcrumbs_color":"","ocean_breadcrumbs_separator_color":"","ocean_breadcrumbs_links_color":"","ocean_breadcrumbs_links_hover_color":"","ocean_display_footer_widgets":"default","ocean_display_footer_bottom":"default","ocean_custom_footer_template":"","ocean_post_oembed":"","ocean_post_self_hosted_media":"","ocean_post_video_embed":"","ocean_link_format":"","ocean_link_format_target":"self","ocean_quote_format":"","ocean_quote_format_link":"post","ocean_gallery_link_images":"on","ocean_gallery_id":[],"footnotes":""},"categories":[1],"tags":[],"class_list":["post-2287","post","type-post","status-publish","format-standard","has-post-thumbnail","hentry","category-non-classe","entry","has-media"],"_links":{"self":[{"href":"https:\/\/centraide-rcoq.ca\/lanaudiere\/wp-json\/wp\/v2\/posts\/2287","targetHints":{"allow":["GET"]}}],"collection":[{"href":"https:\/\/centraide-rcoq.ca\/lanaudiere\/wp-json\/wp\/v2\/posts"}],"about":[{"href":"https:\/\/centraide-rcoq.ca\/lanaudiere\/wp-json\/wp\/v2\/types\/post"}],"author":[{"embeddable":true,"href":"https:\/\/centraide-rcoq.ca\/lanaudiere\/wp-json\/wp\/v2\/users\/3"}],"replies":[{"embeddable":true,"href":"https:\/\/centraide-rcoq.ca\/lanaudiere\/wp-json\/wp\/v2\/comments?post=2287"}],"version-history":[{"count":3,"href":"https:\/\/centraide-rcoq.ca\/lanaudiere\/wp-json\/wp\/v2\/posts\/2287\/revisions"}],"predecessor-version":[{"id":2291,"href":"https:\/\/centraide-rcoq.ca\/lanaudiere\/wp-json\/wp\/v2\/posts\/2287\/revisions\/2291"}],"wp:featuredmedia":[{"embeddable":true,"href":"https:\/\/centraide-rcoq.ca\/lanaudiere\/wp-json\/wp\/v2\/media\/1049"}],"wp:attachment":[{"href":"https:\/\/centraide-rcoq.ca\/lanaudiere\/wp-json\/wp\/v2\/media?parent=2287"}],"wp:term":[{"taxonomy":"category","embeddable":true,"href":"https:\/\/centraide-rcoq.ca\/lanaudiere\/wp-json\/wp\/v2\/categories?post=2287"},{"taxonomy":"post_tag","embeddable":true,"href":"https:\/\/centraide-rcoq.ca\/lanaudiere\/wp-json\/wp\/v2\/tags?post=2287"}],"curies":[{"name":"wp","href":"https:\/\/api.w.org\/{rel}","templated":true}]}}