{"id":1925,"date":"2023-06-19T10:50:52","date_gmt":"2023-06-19T14:50:52","guid":{"rendered":"https:\/\/centraide-rcoq.ca\/lanaudiere\/?p=1925"},"modified":"2023-06-19T10:50:52","modified_gmt":"2023-06-19T14:50:52","slug":"centraide-lanaudiere-investit-plus-de-900-000-dans-la-communaute","status":"publish","type":"post","link":"https:\/\/centraide-rcoq.ca\/lanaudiere\/centraide-lanaudiere-investit-plus-de-900-000-dans-la-communaute\/","title":{"rendered":"Centraide Lanaudi\u00e8re investit plus de 900\u00a0000 $ dans la communaut\u00e9\u00a0"},"content":{"rendered":"\n<p><strong>Joliette, juin 2023<\/strong> \u2013 Centraide d\u00e9voile un investissement social de plus de 900 000 $ aupr\u00e8s des communaut\u00e9s de Lanaudi\u00e8re. Cette contribution renforcera ind\u00e9niablement le tissu social de nos r\u00e9gions, soutenant ainsi des organismes et des projets communautaires visant \u00e0 briser le cycle de la pauvret\u00e9 et de l&rsquo;exclusion sociale.<\/p>\n\n\n\n<p>Isabelle Milliard, directrice D\u00e9veloppement et partenariats, a indiqu\u00e9 que ces sommes \u00ab seront investies dans des actions et des initiatives pertinentes et structurantes visant \u00e0 changer v\u00e9ritablement la trajectoire de vie des personnes les plus vuln\u00e9rables. \u00bb<\/p>\n\n\n\n<p>Mme Milliard a rappel\u00e9 que la population est confront\u00e9e \u00e0 des enjeux sociaux majeurs. \u00ab L\u2019\u00e9tendue du territoire et le manque de transport rendent difficiles l\u2019acc\u00e8s aux services, alors que la r\u00e9ussite \u00e9ducative et de la s\u00e9curit\u00e9 alimentaire sont des priorit\u00e9s. \u00bb<\/p>\n\n\n\n<p>Ces lacunes se r\u00e9percutent directement sur l\u2019ensemble de la vie familiale. \u00c0 titre d\u2019exemple, Mme Milliard a mentionn\u00e9 que trois enfants sur cinq ne sont pas pr\u00eats \u00e0 d\u00e9buter la maternelle quand arrive leur tour, ce qui peut avoir une incidence sur leur futur parcours scolaire.<\/p>\n\n\n\n<p>Comme pour confirmer cette pr\u00e9misse, les statistiques compil\u00e9es dans la r\u00e9gion indiquent que les 18-25 ans sont deux fois moins nombreux \u00e0 obtenir un dipl\u00f4me universitaire que dans le reste du Qu\u00e9bec.<\/p>\n\n\n\n<p>\u00c0 cela s\u2019ajoutent les probl\u00e8mes li\u00e9s \u00e0 l\u2019alimentation, alors qu\u2019un grand nombre de personnes peinent \u00e0 se nourrir convenablement compte tenu de l\u2019augmention majeure du prix des denr\u00e9es de base combin\u00e9e \u00e0 l\u2019explosion du co\u00fbt des loyers.<\/p>\n\n\n\n<p>Pour Isabelle Milliard, il est essentiel d\u2019aplanir les in\u00e9galit\u00e9s sociales que subit une partie de la population lanaudoise. Elle a profit\u00e9 de cette annonce pour souligner le travail de M. Dave Ferland-B\u00e9rard, conseiller en d\u00e9veloppement social, qui s\u2019assure que Centraide fait une v\u00e9ritable diff\u00e9rence dans la vie des plus vuln\u00e9rables en soutenant plusieurs organismes communautaires.<\/p>\n\n\n\n<p class=\"has-text-align-left\">Elle a aussi remerci\u00e9 les pr\u00e9cieux collaborateurs b\u00e9n\u00e9voles membres du Comit\u00e9 d\u2019analyse et de relations avec les organismes et du Cabinet de campagne. <\/p>\n\n\n\n<p class=\"has-text-align-center\">-30-<\/p>\n\n\n\n<p><br>Renseignements\u00a0:\u00a0\u00a0 Isabelle Milliard<br>Directrice D\u00e9veloppement et partenariats<br>Centraide Lanaudi\u00e8re<br>450 752-1999 poste 120<br><a href=\"mailto:imilliard@centraide-lanaudiere.com\">imilliard@centraide-lanaudiere.com<\/a><\/p>\n\n\n\n<p>Source\u00a0: \u00a0\u00a0Sylvain Rheault <br>Directeur principal \u2212 communications<br>Centraide RCOQ<br>819 699-5838<br><a href=\"mailto:srheault@centraide-rcoq.ca\">srheault@centraide-rcoq.ca<\/a><\/p>\n\n\n\n<p class=\"has-text-align-left\"><br><\/p>\n","protected":false},"excerpt":{"rendered":"<p>Joliette, juin 2023 \u2013 Centraide d\u00e9voile un investissement social de plus de 900 000 $ aupr\u00e8s des communaut\u00e9s de Lanaudi\u00e8re. Cette contribution renforcera ind\u00e9niablement le tissu social de nos r\u00e9gions, soutenant ainsi des organismes et des projets communautaires visant \u00e0 briser le cycle de la pauvret\u00e9 et de l&rsquo;exclusion sociale. Isabelle Milliard, directrice D\u00e9veloppement et [&hellip;]<\/p>\n","protected":false},"author":3,"featured_media":1049,"comment_status":"closed","ping_status":"open","sticky":false,"template":"","format":"standard","meta":{"ocean_post_layout":"","ocean_both_sidebars_style":"","ocean_both_sidebars_content_width":0,"ocean_both_sidebars_sidebars_width":0,"ocean_sidebar":"","ocean_second_sidebar":"","ocean_disable_margins":"enable","ocean_add_body_class":"","ocean_shortcode_before_top_bar":"","ocean_shortcode_after_top_bar":"","ocean_shortcode_before_header":"","ocean_shortcode_after_header":"","ocean_has_shortcode":"","ocean_shortcode_after_title":"","ocean_shortcode_before_footer_widgets":"","ocean_shortcode_after_footer_widgets":"","ocean_shortcode_before_footer_bottom":"","ocean_shortcode_after_footer_bottom":"","ocean_display_top_bar":"default","ocean_display_header":"default","ocean_header_style":"","ocean_center_header_left_menu":"","ocean_custom_header_template":"","ocean_custom_logo":0,"ocean_custom_retina_logo":0,"ocean_custom_logo_max_width":0,"ocean_custom_logo_tablet_max_width":0,"ocean_custom_logo_mobile_max_width":0,"ocean_custom_logo_max_height":0,"ocean_custom_logo_tablet_max_height":0,"ocean_custom_logo_mobile_max_height":0,"ocean_header_custom_menu":"","ocean_menu_typo_font_family":"","ocean_menu_typo_font_subset":"","ocean_menu_typo_font_size":0,"ocean_menu_typo_font_size_tablet":0,"ocean_menu_typo_font_size_mobile":0,"ocean_menu_typo_font_size_unit":"px","ocean_menu_typo_font_weight":"","ocean_menu_typo_font_weight_tablet":"","ocean_menu_typo_font_weight_mobile":"","ocean_menu_typo_transform":"","ocean_menu_typo_transform_tablet":"","ocean_menu_typo_transform_mobile":"","ocean_menu_typo_line_height":0,"ocean_menu_typo_line_height_tablet":0,"ocean_menu_typo_line_height_mobile":0,"ocean_menu_typo_line_height_unit":"","ocean_menu_typo_spacing":0,"ocean_menu_typo_spacing_tablet":0,"ocean_menu_typo_spacing_mobile":0,"ocean_menu_typo_spacing_unit":"","ocean_menu_link_color":"","ocean_menu_link_color_hover":"","ocean_menu_link_color_active":"","ocean_menu_link_background":"","ocean_menu_link_hover_background":"","ocean_menu_link_active_background":"","ocean_menu_social_links_bg":"","ocean_menu_social_hover_links_bg":"","ocean_menu_social_links_color":"","ocean_menu_social_hover_links_color":"","ocean_disable_title":"default","ocean_disable_heading":"default","ocean_post_title":"","ocean_post_subheading":"","ocean_post_title_style":"","ocean_post_title_background_color":"","ocean_post_title_background":0,"ocean_post_title_bg_image_position":"","ocean_post_title_bg_image_attachment":"","ocean_post_title_bg_image_repeat":"","ocean_post_title_bg_image_size":"","ocean_post_title_height":0,"ocean_post_title_bg_overlay":0.5,"ocean_post_title_bg_overlay_color":"","ocean_disable_breadcrumbs":"default","ocean_breadcrumbs_color":"","ocean_breadcrumbs_separator_color":"","ocean_breadcrumbs_links_color":"","ocean_breadcrumbs_links_hover_color":"","ocean_display_footer_widgets":"default","ocean_display_footer_bottom":"default","ocean_custom_footer_template":"","ocean_post_oembed":"","ocean_post_self_hosted_media":"","ocean_post_video_embed":"","ocean_link_format":"","ocean_link_format_target":"self","ocean_quote_format":"","ocean_quote_format_link":"post","ocean_gallery_link_images":"off","ocean_gallery_id":[],"footnotes":""},"categories":[1],"tags":[],"class_list":["post-1925","post","type-post","status-publish","format-standard","has-post-thumbnail","hentry","category-non-classe","entry","has-media"],"_links":{"self":[{"href":"https:\/\/centraide-rcoq.ca\/lanaudiere\/wp-json\/wp\/v2\/posts\/1925","targetHints":{"allow":["GET"]}}],"collection":[{"href":"https:\/\/centraide-rcoq.ca\/lanaudiere\/wp-json\/wp\/v2\/posts"}],"about":[{"href":"https:\/\/centraide-rcoq.ca\/lanaudiere\/wp-json\/wp\/v2\/types\/post"}],"author":[{"embeddable":true,"href":"https:\/\/centraide-rcoq.ca\/lanaudiere\/wp-json\/wp\/v2\/users\/3"}],"replies":[{"embeddable":true,"href":"https:\/\/centraide-rcoq.ca\/lanaudiere\/wp-json\/wp\/v2\/comments?post=1925"}],"version-history":[{"count":3,"href":"https:\/\/centraide-rcoq.ca\/lanaudiere\/wp-json\/wp\/v2\/posts\/1925\/revisions"}],"predecessor-version":[{"id":1928,"href":"https:\/\/centraide-rcoq.ca\/lanaudiere\/wp-json\/wp\/v2\/posts\/1925\/revisions\/1928"}],"wp:featuredmedia":[{"embeddable":true,"href":"https:\/\/centraide-rcoq.ca\/lanaudiere\/wp-json\/wp\/v2\/media\/1049"}],"wp:attachment":[{"href":"https:\/\/centraide-rcoq.ca\/lanaudiere\/wp-json\/wp\/v2\/media?parent=1925"}],"wp:term":[{"taxonomy":"category","embeddable":true,"href":"https:\/\/centraide-rcoq.ca\/lanaudiere\/wp-json\/wp\/v2\/categories?post=1925"},{"taxonomy":"post_tag","embeddable":true,"href":"https:\/\/centraide-rcoq.ca\/lanaudiere\/wp-json\/wp\/v2\/tags?post=1925"}],"curies":[{"name":"wp","href":"https:\/\/api.w.org\/{rel}","templated":true}]}}