{"id":1702,"date":"2022-09-26T16:25:27","date_gmt":"2022-09-26T20:25:27","guid":{"rendered":"https:\/\/centraide-rcoq.ca\/lanaudiere\/?p=1702"},"modified":"2022-09-26T16:56:48","modified_gmt":"2022-09-26T20:56:48","slug":"centraide-lanaudiere-lance-sa-nouvelle-campagne-de-collecte-de-fonds-annuelle","status":"publish","type":"post","link":"https:\/\/centraide-rcoq.ca\/lanaudiere\/centraide-lanaudiere-lance-sa-nouvelle-campagne-de-collecte-de-fonds-annuelle\/","title":{"rendered":"Centraide Lanaudi\u00e8re lance sa nouvelle campagne de collecte de fonds annuelle"},"content":{"rendered":"\n<p><strong>Joliette, septembre 2022<\/strong> \u2013 Centraide Lanaudi\u00e8re a donn\u00e9 le coup d\u2019envoi de sa campagne de collecte de fonds annuelle lors d\u2019un \u00e9v\u00e9nement qui s\u2019est tenu dans les locaux de la Maison des jeunes de l\u2019\u00c9piphanie et qui a r\u00e9uni de nombreux b\u00e9n\u00e9voles, donateurs et partenaires venus apporter leur soutien \u00e0 la cause.<\/p>\n\n\n\n<p>Les gens pr\u00e9sents ont pu en apprendre davantage sur la mission de Centraide et sur les actions qui seront entreprises en lien avec la nouvelle campagne publicitaire dont le message est clair\u00a0: le poids de la pauvret\u00e9 et de l\u2019exclusion peut \u00eatre lourd \u00e0 porter. Mais gr\u00e2ce \u00e0 l\u2019entraide, ce poids peut \u00eatre all\u00e9g\u00e9. Un message que l\u2019on verra et entendra tout au long de la prochaine ann\u00e9e.<\/p>\n\n\n\n<figure class=\"wp-block-embed is-type-video is-provider-youtube wp-block-embed-youtube wp-embed-aspect-16-9 wp-has-aspect-ratio\"><div class=\"wp-block-embed__wrapper\">\n<p class=\"responsive-video-wrap clr\"><iframe title=\"Centraide Lanaudi\u00e8re - Campagne S&#039;\u00e9lever_60 sec.\" width=\"1200\" height=\"675\" src=\"https:\/\/www.youtube.com\/embed\/jEkF2qUIONY?feature=oembed\" frameborder=\"0\" allow=\"accelerometer; autoplay; clipboard-write; encrypted-media; gyroscope; picture-in-picture\" allowfullscreen><\/iframe><\/p>\n<\/div><\/figure>\n\n\n\n<p>Comme l\u2019a mentionn\u00e9 Isabelle Milliard, directrice r\u00e9gionale de Centraide Lanaudi\u00e8re, \u00ab la campagne permet de soutenir les personnes les plus vuln\u00e9rables de notre territoire, alors que les besoins augmentent constamment. \u00bb<\/p>\n\n\n\n<p>Madame Milliard s\u2019est montr\u00e9e pr\u00e9occup\u00e9e par le plus r\u00e9cent Bilan-faim \u00e9mis par les Banques alimentaires du Qu\u00e9bec qui indique que dans Lanaudi\u00e8re, les demandes mensuelles d\u2019aide alimentaire \u00e9taient de 23 717 avant la pand\u00e9mie et que ce chiffre a aujourd\u2019hui grimp\u00e9 \u00e0 42\u00a0000 demandes.<\/p>\n\n\n\n<p>Elle a aussi mis en exergue un sondage L\u00e9ger r\u00e9alis\u00e9 pour le compte de l\u2019Observatoire des tout-petits qui affirme que plus de 60 % des gens doivent changer drastiquement leurs habitudes de consommation pour arriver \u00e0 payer leur loyer, ce qui affecte leurs autres besoins de base.<\/p>\n\n\n\n<p>Isabelle Milliard a \u00e9galement mentionn\u00e9 que de choisir la Maison des jeunes de l\u2019\u00c9piphanie pour lancer cette campagne n\u2019\u00e9tait pas le fruit du hasard, souhaitant faire rayonner \u00ab la beaut\u00e9 de ces jeunes \u00bb qui ont \u00e9t\u00e9 partie prenante dans l\u2019organisation de cette soir\u00e9e sp\u00e9ciale.<\/p>\n\n\n\n<p><strong>Comment contribuer ?<\/strong><\/p>\n\n\n\n<p>En tant qu\u2019entreprise ou organisation, les dirigeants sont invit\u00e9s \u00e0 organiser une campagne aupr\u00e8s de leur personnel et joindre le mouvement afin de recueillir des dons qui serviront \u00e0 am\u00e9liorer les conditions de vie des personnes les plus vuln\u00e9rables. Il est aussi toujours possible de donner de fa\u00e7on individuelle. Pour en savoir plus sur les possibilit\u00e9s qui s\u2019offrent \u00e0 vous ou pour contribuer d\u00e8s maintenant, visitez le <a href=\"http:\/\/www.centraide-lanaudiere.com\/\" target=\"_blank\" rel=\"noreferrer noopener\">centraide-lanaudiere.com<\/a><\/p>\n","protected":false},"excerpt":{"rendered":"<p>Joliette, septembre 2022 \u2013 Centraide Lanaudi\u00e8re a donn\u00e9 le coup d\u2019envoi de sa campagne de collecte de fonds annuelle lors d\u2019un \u00e9v\u00e9nement qui s\u2019est tenu dans les locaux de la Maison des jeunes de l\u2019\u00c9piphanie et qui a r\u00e9uni de nombreux b\u00e9n\u00e9voles, donateurs et partenaires venus apporter leur soutien \u00e0 la cause. Les gens pr\u00e9sents [&hellip;]<\/p>\n","protected":false},"author":3,"featured_media":1049,"comment_status":"closed","ping_status":"open","sticky":false,"template":"","format":"standard","meta":{"ocean_post_layout":"","ocean_both_sidebars_style":"","ocean_both_sidebars_content_width":0,"ocean_both_sidebars_sidebars_width":0,"ocean_sidebar":"0","ocean_second_sidebar":"0","ocean_disable_margins":"enable","ocean_add_body_class":"","ocean_shortcode_before_top_bar":"","ocean_shortcode_after_top_bar":"","ocean_shortcode_before_header":"","ocean_shortcode_after_header":"","ocean_has_shortcode":"","ocean_shortcode_after_title":"","ocean_shortcode_before_footer_widgets":"","ocean_shortcode_after_footer_widgets":"","ocean_shortcode_before_footer_bottom":"","ocean_shortcode_after_footer_bottom":"","ocean_display_top_bar":"default","ocean_display_header":"default","ocean_header_style":"","ocean_center_header_left_menu":"0","ocean_custom_header_template":"0","ocean_custom_logo":0,"ocean_custom_retina_logo":0,"ocean_custom_logo_max_width":0,"ocean_custom_logo_tablet_max_width":0,"ocean_custom_logo_mobile_max_width":0,"ocean_custom_logo_max_height":0,"ocean_custom_logo_tablet_max_height":0,"ocean_custom_logo_mobile_max_height":0,"ocean_header_custom_menu":"0","ocean_menu_typo_font_family":"0","ocean_menu_typo_font_subset":"","ocean_menu_typo_font_size":0,"ocean_menu_typo_font_size_tablet":0,"ocean_menu_typo_font_size_mobile":0,"ocean_menu_typo_font_size_unit":"px","ocean_menu_typo_font_weight":"","ocean_menu_typo_font_weight_tablet":"","ocean_menu_typo_font_weight_mobile":"","ocean_menu_typo_transform":"","ocean_menu_typo_transform_tablet":"","ocean_menu_typo_transform_mobile":"","ocean_menu_typo_line_height":0,"ocean_menu_typo_line_height_tablet":0,"ocean_menu_typo_line_height_mobile":0,"ocean_menu_typo_line_height_unit":"","ocean_menu_typo_spacing":0,"ocean_menu_typo_spacing_tablet":0,"ocean_menu_typo_spacing_mobile":0,"ocean_menu_typo_spacing_unit":"","ocean_menu_link_color":"","ocean_menu_link_color_hover":"","ocean_menu_link_color_active":"","ocean_menu_link_background":"","ocean_menu_link_hover_background":"","ocean_menu_link_active_background":"","ocean_menu_social_links_bg":"","ocean_menu_social_hover_links_bg":"","ocean_menu_social_links_color":"","ocean_menu_social_hover_links_color":"","ocean_disable_title":"default","ocean_disable_heading":"default","ocean_post_title":"","ocean_post_subheading":"","ocean_post_title_style":"","ocean_post_title_background_color":"","ocean_post_title_background":0,"ocean_post_title_bg_image_position":"","ocean_post_title_bg_image_attachment":"","ocean_post_title_bg_image_repeat":"","ocean_post_title_bg_image_size":"","ocean_post_title_height":0,"ocean_post_title_bg_overlay":0.5,"ocean_post_title_bg_overlay_color":"","ocean_disable_breadcrumbs":"default","ocean_breadcrumbs_color":"","ocean_breadcrumbs_separator_color":"","ocean_breadcrumbs_links_color":"","ocean_breadcrumbs_links_hover_color":"","ocean_display_footer_widgets":"default","ocean_display_footer_bottom":"default","ocean_custom_footer_template":"0","ocean_post_oembed":"","ocean_post_self_hosted_media":"","ocean_post_video_embed":"","ocean_link_format":"","ocean_link_format_target":"self","ocean_quote_format":"","ocean_quote_format_link":"post","ocean_gallery_link_images":"off","ocean_gallery_id":[],"footnotes":""},"categories":[7],"tags":[],"class_list":["post-1702","post","type-post","status-publish","format-standard","has-post-thumbnail","hentry","category-nouvelles","entry","has-media"],"_links":{"self":[{"href":"https:\/\/centraide-rcoq.ca\/lanaudiere\/wp-json\/wp\/v2\/posts\/1702","targetHints":{"allow":["GET"]}}],"collection":[{"href":"https:\/\/centraide-rcoq.ca\/lanaudiere\/wp-json\/wp\/v2\/posts"}],"about":[{"href":"https:\/\/centraide-rcoq.ca\/lanaudiere\/wp-json\/wp\/v2\/types\/post"}],"author":[{"embeddable":true,"href":"https:\/\/centraide-rcoq.ca\/lanaudiere\/wp-json\/wp\/v2\/users\/3"}],"replies":[{"embeddable":true,"href":"https:\/\/centraide-rcoq.ca\/lanaudiere\/wp-json\/wp\/v2\/comments?post=1702"}],"version-history":[{"count":2,"href":"https:\/\/centraide-rcoq.ca\/lanaudiere\/wp-json\/wp\/v2\/posts\/1702\/revisions"}],"predecessor-version":[{"id":1706,"href":"https:\/\/centraide-rcoq.ca\/lanaudiere\/wp-json\/wp\/v2\/posts\/1702\/revisions\/1706"}],"wp:featuredmedia":[{"embeddable":true,"href":"https:\/\/centraide-rcoq.ca\/lanaudiere\/wp-json\/wp\/v2\/media\/1049"}],"wp:attachment":[{"href":"https:\/\/centraide-rcoq.ca\/lanaudiere\/wp-json\/wp\/v2\/media?parent=1702"}],"wp:term":[{"taxonomy":"category","embeddable":true,"href":"https:\/\/centraide-rcoq.ca\/lanaudiere\/wp-json\/wp\/v2\/categories?post=1702"},{"taxonomy":"post_tag","embeddable":true,"href":"https:\/\/centraide-rcoq.ca\/lanaudiere\/wp-json\/wp\/v2\/tags?post=1702"}],"curies":[{"name":"wp","href":"https:\/\/api.w.org\/{rel}","templated":true}]}}