{"id":2920,"date":"2025-11-18T08:00:11","date_gmt":"2025-11-18T13:00:11","guid":{"rendered":"https:\/\/centraide-rcoq.ca\/hl\/?p=2920"},"modified":"2025-11-19T14:37:10","modified_gmt":"2025-11-19T19:37:10","slug":"la-guignolee-des-medias-la-solidarite-cest-maintenant","status":"publish","type":"post","link":"https:\/\/centraide-rcoq.ca\/hl\/la-guignolee-des-medias-la-solidarite-cest-maintenant\/","title":{"rendered":"La Guignol\u00e9e des m\u00e9dias de la MRC des Laurentides\u00a0"},"content":{"rendered":"\n<p>La grande Guignol\u00e9e des m\u00e9dias revient dans la MRC des Laurentides&nbsp;<strong>le jeudi 4 d\u00e9cembre&nbsp;prochain<\/strong>.&nbsp;Celle-ci&nbsp;permettra&nbsp;d\u2019amasser des denr\u00e9es non p\u00e9rissables ainsi que des dons en argent afin de soutenir une partie de la population aux prises avec&nbsp;des enjeux reli\u00e9s \u00e0&nbsp;l\u2019augmentation du co\u00fbt de la vie.&nbsp;<\/p>\n\n\n\n<p>Cette \u00e9dition se d\u00e9roulera sous la co-pr\u00e9sidence d\u2019honneur de&nbsp;<strong>Fr\u00e9d\u00e9ric&nbsp;Brou\u00e9<\/strong>, maire de Sainte-Agathe-des-Monts,&nbsp;<strong>Fr\u00e9d\u00e9rick Samuel<\/strong>, propri\u00e9taire des Mercenaires culinaires, et&nbsp;<strong>Val\u00e9rie T\u00e9treault<\/strong>, CPA auditrice et associ\u00e9e chez Amyot G\u00e9linas.&nbsp;<\/p>\n\n\n\n<p>Les automobilistes retrouveront les&nbsp;<strong>barrages routiers traditionnels<\/strong>&nbsp;\u00e0 Val-David, Sainte-Agathe-des-Monts, Labelle et Br\u00e9beuf. Les dons&nbsp;d&rsquo;argent seront possibles via les&nbsp;<strong>terminaux Tip-Tap<\/strong>&nbsp;(paiement sans contact), ainsi que par&nbsp;<strong>code QR pour contribuer en ligne<\/strong>.&nbsp;&nbsp;<\/p>\n\n\n\n<p><strong>Une solidarit\u00e9 n\u00e9cessaire<\/strong>&nbsp;<\/p>\n\n\n\n<p>\u00ab&nbsp;<strong>L\u2019\u00e9picerie co\u00fbte cher et les prix des loyers explosent.&nbsp;<\/strong>R\u00e9sultat : des familles, des a\u00een\u00e9s, des travailleurs se retrouvent \u00e0 faire des choix impossibles pour garder la t\u00eate hors de l\u2019eau. Et \u00e7a ne se limite pas aux \u201cautres\u201d\u2026&nbsp;Un sondage r\u00e9cent men\u00e9 par L\u00e9ger pour Centraide r\u00e9v\u00e8le que&nbsp;<strong>19 % des r\u00e9pondants du Qu\u00e9bec ont eux-m\u00eames manqu\u00e9 de ressources pour r\u00e9pondre \u00e0 leurs besoins de base<\/strong>&nbsp;et que&nbsp;<strong>25 % ont \u00e9t\u00e9 t\u00e9moins d\u2019une situation similaire dans leur entourage<\/strong>&nbsp;au cours des 12 derniers mois.&nbsp;<\/p>\n\n\n\n<p>Participer \u00e0 la Guignol\u00e9e,&nbsp;que ce soit en donnant ou en offrant du temps,&nbsp;c\u2019est envoyer un message clair : personne ne devrait avoir \u00e0 choisir entre se nourrir et se loger. En se mobilisant ensemble,&nbsp;<strong>on redonne du pouvoir d\u2019agir et de la dignit\u00e9<\/strong>, avant que les difficult\u00e9s ne deviennent irr\u00e9versibles.&nbsp;\u00bb&nbsp;mentionne&nbsp;Laure Voilquin, directrice D\u00e9veloppement et partenariats, Centraide Hautes-Laurentides.&nbsp;&nbsp;<br>&nbsp;<\/p>\n\n\n\n<p>\u00ab Ce qui fait la force de la Guignol\u00e9e, c\u2019est la chaleur humaine. On sent une r\u00e9elle envie d\u2019aider. Chacun trouve sa mani\u00e8re : donner un peu de temps, offrir une bo\u00eete de conserve ou organiser une collecte \u00e0 l\u2019\u00e9cole ou en entreprise. \u00bb Guillaume Richard, Directeur g\u00e9n\u00e9ral de Moisson Laurentides.&nbsp;<br>&nbsp;<\/p>\n\n\n\n<p>\u00ab&nbsp;La Grande guignol\u00e9e est un mouvement de solidarit\u00e9 \u00e0 l\u2019approche des F\u00eates.&nbsp;Au nom de toute notre \u00e9quipe, je tiens \u00e0 dire \u00e0 quel point nous sommes fiers de participer \u00e0 cette initiative.&nbsp;Derri\u00e8re chaque don, il y a un geste de partage.&nbsp;En unissant nos efforts, nous d\u00e9montrons que&nbsp;<strong>chaque geste compte<\/strong>&nbsp;et que la vraie force de notre communaut\u00e9 est de se soutenir les uns les autres, notamment, en appuyant nos banques&nbsp;alimentaires \u00bb&nbsp;pr\u00e9cise Val\u00e9rie T\u00e9treault.&nbsp;&nbsp;<\/p>\n\n\n\n<p>\u00ab Ayant&nbsp;toujours \u0153uvr\u00e9 dans le domaine de la restauration, j\u2019ai eu la chance d\u2019avoir un acc\u00e8s privil\u00e9gi\u00e9 \u00e0 la nourriture. Il m\u2019est impensable de savoir que des gens, tout pr\u00e8s de nous, souffrent encore de la faim. C\u2019est ce qui m\u2019a pouss\u00e9 \u00e0 m\u2019impliquer concr\u00e8tement et \u00e0 inviter chacun \u00e0 contribuer, \u00e0 sa fa\u00e7on, pour changer cette&nbsp;r\u00e9alit\u00e9 \u00bb&nbsp;rench\u00e9rit Fr\u00e9d\u00e9rick Samuel.&nbsp;&nbsp;&nbsp;<\/p>\n\n\n\n<p><strong>Les m\u00e9dias, complices sur le terrain<\/strong>&nbsp;<\/p>\n\n\n\n<p>Afin d\u2019honorer le nom de cette activit\u00e9, des repr\u00e9sentants(e)s des m\u00e9dias&nbsp;de CIME FM et de&nbsp;Medialo&nbsp;L\u2019Info du Nord, accompagn\u00e9s de b\u00e9n\u00e9voles, seront bien s\u00fbr&nbsp;sur le terrain&nbsp;afin d\u2019aller \u00e0 la rencontre des gens d\u2019affaires de Mont-Tremblant et de cueillir leurs g\u00e9n\u00e9reux dons.&nbsp;<br>&nbsp;<\/p>\n\n\n\n<p><strong>Une mobilisation massive<\/strong>&nbsp;<\/p>\n\n\n\n<p>Ce sont encore plus de&nbsp;<strong>200 b\u00e9n\u00e9voles<\/strong>&nbsp;qui se mobiliseront pour que cette grande op\u00e9ration se d\u00e9roule efficacement et chaleureusement dans toute la&nbsp;MRC. Les&nbsp;organismes b\u00e9n\u00e9ficiaires, Moisson Laurentides et Centraide Hautes-Laurentides, vous invitent \u00e0 participer g\u00e9n\u00e9reusement \u00e0 cette importante journ\u00e9e et \u00e0 d\u00e9montrer votre solidarit\u00e9 envers celles et ceux pour qui le quotidien est un d\u00e9fi en soi.&nbsp;&nbsp;&nbsp;<\/p>\n\n\n\n<p><strong>Remerciements<\/strong>&nbsp;<\/p>\n\n\n\n<p>Les organismes organisateurs remercient chaleureusement&nbsp;<strong>les b\u00e9n\u00e9voles<\/strong>,&nbsp;<strong>les donateurs<\/strong>,&nbsp;<strong>les commer\u00e7ants participants<\/strong>,&nbsp;<strong>les commanditaires<\/strong>&nbsp;ainsi que&nbsp;<strong>les \u00e9quipes des m\u00e9dias<\/strong>&nbsp;qui contribuent \u00e0 faire de la Guignol\u00e9e des m\u00e9dias un moment de solidarit\u00e9 essentiel pour la s\u00e9curit\u00e9 alimentaire dans la r\u00e9gion.&nbsp;<\/p>\n","protected":false},"excerpt":{"rendered":"<p>La grande Guignol\u00e9e des m\u00e9dias revient dans la MRC des Laurentides&nbsp;le jeudi 4 d\u00e9cembre&nbsp;prochain.&nbsp;Celle-ci&nbsp;permettra&nbsp;d\u2019amasser des denr\u00e9es non p\u00e9rissables ainsi que des dons en argent afin de soutenir une partie de la population aux prises avec&nbsp;des enjeux reli\u00e9s \u00e0&nbsp;l\u2019augmentation du co\u00fbt de la vie.&nbsp; Cette \u00e9dition se d\u00e9roulera sous la co-pr\u00e9sidence d\u2019honneur de&nbsp;Fr\u00e9d\u00e9ric&nbsp;Brou\u00e9, maire de Sainte-Agathe-des-Monts,&nbsp;Fr\u00e9d\u00e9rick [&hellip;]<\/p>\n","protected":false},"author":2,"featured_media":2921,"comment_status":"closed","ping_status":"closed","sticky":false,"template":"","format":"standard","meta":{"ocean_post_layout":"","ocean_both_sidebars_style":"","ocean_both_sidebars_content_width":0,"ocean_both_sidebars_sidebars_width":0,"ocean_sidebar":"","ocean_second_sidebar":"","ocean_disable_margins":"enable","ocean_add_body_class":"","ocean_shortcode_before_top_bar":"","ocean_shortcode_after_top_bar":"","ocean_shortcode_before_header":"","ocean_shortcode_after_header":"","ocean_has_shortcode":"","ocean_shortcode_after_title":"","ocean_shortcode_before_footer_widgets":"","ocean_shortcode_after_footer_widgets":"","ocean_shortcode_before_footer_bottom":"","ocean_shortcode_after_footer_bottom":"","ocean_display_top_bar":"default","ocean_display_header":"default","ocean_header_style":"","ocean_center_header_left_menu":"","ocean_custom_header_template":"","ocean_custom_logo":0,"ocean_custom_retina_logo":0,"ocean_custom_logo_max_width":0,"ocean_custom_logo_tablet_max_width":0,"ocean_custom_logo_mobile_max_width":0,"ocean_custom_logo_max_height":0,"ocean_custom_logo_tablet_max_height":0,"ocean_custom_logo_mobile_max_height":0,"ocean_header_custom_menu":"","ocean_menu_typo_font_family":"","ocean_menu_typo_font_subset":"","ocean_menu_typo_font_size":0,"ocean_menu_typo_font_size_tablet":0,"ocean_menu_typo_font_size_mobile":0,"ocean_menu_typo_font_size_unit":"px","ocean_menu_typo_font_weight":"","ocean_menu_typo_font_weight_tablet":"","ocean_menu_typo_font_weight_mobile":"","ocean_menu_typo_transform":"","ocean_menu_typo_transform_tablet":"","ocean_menu_typo_transform_mobile":"","ocean_menu_typo_line_height":0,"ocean_menu_typo_line_height_tablet":0,"ocean_menu_typo_line_height_mobile":0,"ocean_menu_typo_line_height_unit":"","ocean_menu_typo_spacing":0,"ocean_menu_typo_spacing_tablet":0,"ocean_menu_typo_spacing_mobile":0,"ocean_menu_typo_spacing_unit":"","ocean_menu_link_color":"","ocean_menu_link_color_hover":"","ocean_menu_link_color_active":"","ocean_menu_link_background":"","ocean_menu_link_hover_background":"","ocean_menu_link_active_background":"","ocean_menu_social_links_bg":"","ocean_menu_social_hover_links_bg":"","ocean_menu_social_links_color":"","ocean_menu_social_hover_links_color":"","ocean_disable_title":"default","ocean_disable_heading":"default","ocean_post_title":"","ocean_post_subheading":"","ocean_post_title_style":"","ocean_post_title_background_color":"","ocean_post_title_background":0,"ocean_post_title_bg_image_position":"","ocean_post_title_bg_image_attachment":"","ocean_post_title_bg_image_repeat":"","ocean_post_title_bg_image_size":"","ocean_post_title_height":0,"ocean_post_title_bg_overlay":0.5,"ocean_post_title_bg_overlay_color":"","ocean_disable_breadcrumbs":"default","ocean_breadcrumbs_color":"","ocean_breadcrumbs_separator_color":"","ocean_breadcrumbs_links_color":"","ocean_breadcrumbs_links_hover_color":"","ocean_display_footer_widgets":"default","ocean_display_footer_bottom":"default","ocean_custom_footer_template":"","ocean_post_oembed":"","ocean_post_self_hosted_media":"","ocean_post_video_embed":"","ocean_link_format":"","ocean_link_format_target":"self","ocean_quote_format":"","ocean_quote_format_link":"post","ocean_gallery_link_images":"on","ocean_gallery_id":[],"footnotes":""},"categories":[7],"tags":[],"class_list":["post-2920","post","type-post","status-publish","format-standard","has-post-thumbnail","hentry","category-nouvelles","entry","has-media"],"_links":{"self":[{"href":"https:\/\/centraide-rcoq.ca\/hl\/wp-json\/wp\/v2\/posts\/2920","targetHints":{"allow":["GET"]}}],"collection":[{"href":"https:\/\/centraide-rcoq.ca\/hl\/wp-json\/wp\/v2\/posts"}],"about":[{"href":"https:\/\/centraide-rcoq.ca\/hl\/wp-json\/wp\/v2\/types\/post"}],"author":[{"embeddable":true,"href":"https:\/\/centraide-rcoq.ca\/hl\/wp-json\/wp\/v2\/users\/2"}],"replies":[{"embeddable":true,"href":"https:\/\/centraide-rcoq.ca\/hl\/wp-json\/wp\/v2\/comments?post=2920"}],"version-history":[{"count":2,"href":"https:\/\/centraide-rcoq.ca\/hl\/wp-json\/wp\/v2\/posts\/2920\/revisions"}],"predecessor-version":[{"id":2932,"href":"https:\/\/centraide-rcoq.ca\/hl\/wp-json\/wp\/v2\/posts\/2920\/revisions\/2932"}],"wp:featuredmedia":[{"embeddable":true,"href":"https:\/\/centraide-rcoq.ca\/hl\/wp-json\/wp\/v2\/media\/2921"}],"wp:attachment":[{"href":"https:\/\/centraide-rcoq.ca\/hl\/wp-json\/wp\/v2\/media?parent=2920"}],"wp:term":[{"taxonomy":"category","embeddable":true,"href":"https:\/\/centraide-rcoq.ca\/hl\/wp-json\/wp\/v2\/categories?post=2920"},{"taxonomy":"post_tag","embeddable":true,"href":"https:\/\/centraide-rcoq.ca\/hl\/wp-json\/wp\/v2\/tags?post=2920"}],"curies":[{"name":"wp","href":"https:\/\/api.w.org\/{rel}","templated":true}]}}