{"id":2449,"date":"2024-09-27T09:21:24","date_gmt":"2024-09-27T13:21:24","guid":{"rendered":"https:\/\/centraide-rcoq.ca\/hl\/?p=2449"},"modified":"2024-09-27T09:21:24","modified_gmt":"2024-09-27T13:21:24","slug":"la-campagne-de-financement-2024-debute","status":"publish","type":"post","link":"https:\/\/centraide-rcoq.ca\/hl\/la-campagne-de-financement-2024-debute\/","title":{"rendered":"LA CAMPAGNE DE FINANCEMENT 2024 D\u00c9BUTE!"},"content":{"rendered":"\n<p>Au cours des prochaines semaines, Centraide Hautes-Laurentides sollicitera la population dans le cadre de sa campagne de financement 2024, dont l\u2019objectif ultime est de soutenir les personnes les plus vuln\u00e9rables de son territoire.<\/p>\n\n\n\n<p>Soutenu par des ambassadrices et des ambassadeurs engag\u00e9s ainsi que de nombreux b\u00e9n\u00e9voles, Centraide Hautes-Laurentides lutte quotidiennement contre la pauvret\u00e9 et l\u2019exclusion sociale. Cet effort collectif est plus important que jamais, en raison des nombreux enjeux sociaux auxquels nous sommes confront\u00e9s dans notre r\u00e9gion. Nous constatons en effet que :<\/p>\n\n\n\n<p>La sant\u00e9 mentale est pr\u00e9occupante d\u2019une mani\u00e8re g\u00e9n\u00e9rale et tout particuli\u00e8rement chez les jeunes et les a\u00een\u00e9s;<\/p>\n\n\n\n<p>Les demandes en s\u00e9curit\u00e9 alimentaire ne cessent d\u2019augmenter;<\/p>\n\n\n\n<p>Le logement est un enjeu prioritaire tant dans la MRC des Laurentides que dans la MRC Antoine-Labelle;<\/p>\n\n\n\n<p>Plus du tiers des enfants pr\u00e9sentent de la vuln\u00e9rabilit\u00e9 dans au moins un domaine de d\u00e9veloppement, avant m\u00eame la maternelle;<\/p>\n\n\n\n<p>Les personnes de la communaut\u00e9 2SLGBTQ+ sont surrepr\u00e9sent\u00e9es en itin\u00e9rance et en sant\u00e9 mentale notamment.<\/p>\n\n\n\n<p><em>\u00ab En unissant nos forces, nous pouvons accomplir des r\u00e9alisations incroyables qui auront un impact durable. Notre connaissance approfondie des enjeux sociaux des Hautes-Laurentides et notre expertise nous permettent d\u2019investir l\u00e0 o\u00f9 les besoins sont les plus importants et d\u2019ainsi, contribuer \u00e0 transformer notre communaut\u00e9 \u00bb<\/em>, d\u2019affirmer Mme Laure Voilquin, directrice d\u00e9veloppement et partenariats \u00e0 Centraide Hautes-Laurentides.<\/p>\n\n\n\n<p><strong>Pourquoi donner \u00e0 Centraide ?<\/strong><\/p>\n\n\n\n<p>Pour soutenir les plus vuln\u00e9rables de notre communaut\u00e9\u202f: En contribuant \u00e0 Centraide, vous soutenez directement les personnes et les familles les plus d\u00e9munies d\u2019ici.<\/p>\n\n\n\n<p>Pour renforcer la solidarit\u00e9 locale\u202f: Faire un don \u00e0 Centraide, c\u2019est participer \u00e0 un mouvement de solidarit\u00e9 qui renforce les liens dans notre communaut\u00e9.<\/p>\n\n\n\n<p>Pour avoir un impact concret et mesurable\u202f: Centraide s\u2019assure que chaque dollar est utilis\u00e9 de mani\u00e8re efficace et transparente.<\/p>\n\n\n\n<p><strong>Comment contribuer ?<\/strong><\/p>\n\n\n\n<p>Les dirigeants d\u2019entreprises et d\u2019organisations sont encourag\u00e9s \u00e0 s\u2019engager dans cet important mouvement de solidarit\u00e9 en lan\u00e7ant une campagne de collecte de fonds au sein de leur personnel.<\/p>\n\n\n\n<p>Les entreprises peuvent aussi d\u00e9montrer leur engagement social en effectuant des dons corporatifs, contribuant ainsi directement au soutien des programmes essentiels dans lesquels Centraide investit.<\/p>\n\n\n\n<p>Enfin, les membres de la communaut\u00e9 sont invit\u00e9s \u00e0 se joindre \u00e0 cet \u00e9lan de solidarit\u00e9 en effectuant un don individuel, quelle que soit la somme.<\/p>\n\n\n\n<p>En choisissant de donner, vous devenez un acteur du changement et soutenez des projets ayant un impact direct dans notre r\u00e9gion. Ensemble, nous pouvons cr\u00e9er une soci\u00e9t\u00e9 plus \u00e9quitable et faire une r\u00e9elle diff\u00e9rence d\u00e8s aujourd&rsquo;hui.<\/p>\n","protected":false},"excerpt":{"rendered":"<p>Au cours des prochaines semaines, Centraide Hautes-Laurentides sollicitera la population dans le cadre de sa campagne de financement 2024, dont l\u2019objectif ultime est de soutenir les personnes les plus vuln\u00e9rables de son territoire. Soutenu par des ambassadrices et des ambassadeurs engag\u00e9s ainsi que de nombreux b\u00e9n\u00e9voles, Centraide Hautes-Laurentides lutte quotidiennement contre la pauvret\u00e9 et l\u2019exclusion [&hellip;]<\/p>\n","protected":false},"author":13,"featured_media":2450,"comment_status":"closed","ping_status":"closed","sticky":false,"template":"","format":"standard","meta":{"ocean_post_layout":"","ocean_both_sidebars_style":"","ocean_both_sidebars_content_width":0,"ocean_both_sidebars_sidebars_width":0,"ocean_sidebar":"","ocean_second_sidebar":"","ocean_disable_margins":"enable","ocean_add_body_class":"","ocean_shortcode_before_top_bar":"","ocean_shortcode_after_top_bar":"","ocean_shortcode_before_header":"","ocean_shortcode_after_header":"","ocean_has_shortcode":"","ocean_shortcode_after_title":"","ocean_shortcode_before_footer_widgets":"","ocean_shortcode_after_footer_widgets":"","ocean_shortcode_before_footer_bottom":"","ocean_shortcode_after_footer_bottom":"","ocean_display_top_bar":"default","ocean_display_header":"default","ocean_header_style":"","ocean_center_header_left_menu":"","ocean_custom_header_template":"","ocean_custom_logo":0,"ocean_custom_retina_logo":0,"ocean_custom_logo_max_width":0,"ocean_custom_logo_tablet_max_width":0,"ocean_custom_logo_mobile_max_width":0,"ocean_custom_logo_max_height":0,"ocean_custom_logo_tablet_max_height":0,"ocean_custom_logo_mobile_max_height":0,"ocean_header_custom_menu":"","ocean_menu_typo_font_family":"","ocean_menu_typo_font_subset":"","ocean_menu_typo_font_size":0,"ocean_menu_typo_font_size_tablet":0,"ocean_menu_typo_font_size_mobile":0,"ocean_menu_typo_font_size_unit":"px","ocean_menu_typo_font_weight":"","ocean_menu_typo_font_weight_tablet":"","ocean_menu_typo_font_weight_mobile":"","ocean_menu_typo_transform":"","ocean_menu_typo_transform_tablet":"","ocean_menu_typo_transform_mobile":"","ocean_menu_typo_line_height":0,"ocean_menu_typo_line_height_tablet":0,"ocean_menu_typo_line_height_mobile":0,"ocean_menu_typo_line_height_unit":"","ocean_menu_typo_spacing":0,"ocean_menu_typo_spacing_tablet":0,"ocean_menu_typo_spacing_mobile":0,"ocean_menu_typo_spacing_unit":"","ocean_menu_link_color":"","ocean_menu_link_color_hover":"","ocean_menu_link_color_active":"","ocean_menu_link_background":"","ocean_menu_link_hover_background":"","ocean_menu_link_active_background":"","ocean_menu_social_links_bg":"","ocean_menu_social_hover_links_bg":"","ocean_menu_social_links_color":"","ocean_menu_social_hover_links_color":"","ocean_disable_title":"default","ocean_disable_heading":"default","ocean_post_title":"","ocean_post_subheading":"","ocean_post_title_style":"","ocean_post_title_background_color":"","ocean_post_title_background":0,"ocean_post_title_bg_image_position":"","ocean_post_title_bg_image_attachment":"","ocean_post_title_bg_image_repeat":"","ocean_post_title_bg_image_size":"","ocean_post_title_height":0,"ocean_post_title_bg_overlay":0.5,"ocean_post_title_bg_overlay_color":"","ocean_disable_breadcrumbs":"default","ocean_breadcrumbs_color":"","ocean_breadcrumbs_separator_color":"","ocean_breadcrumbs_links_color":"","ocean_breadcrumbs_links_hover_color":"","ocean_display_footer_widgets":"default","ocean_display_footer_bottom":"default","ocean_custom_footer_template":"","ocean_post_oembed":"","ocean_post_self_hosted_media":"","ocean_post_video_embed":"","ocean_link_format":"","ocean_link_format_target":"self","ocean_quote_format":"","ocean_quote_format_link":"post","ocean_gallery_link_images":"on","ocean_gallery_id":[],"footnotes":""},"categories":[1],"tags":[],"class_list":["post-2449","post","type-post","status-publish","format-standard","has-post-thumbnail","hentry","category-non-classe","entry","has-media"],"_links":{"self":[{"href":"https:\/\/centraide-rcoq.ca\/hl\/wp-json\/wp\/v2\/posts\/2449","targetHints":{"allow":["GET"]}}],"collection":[{"href":"https:\/\/centraide-rcoq.ca\/hl\/wp-json\/wp\/v2\/posts"}],"about":[{"href":"https:\/\/centraide-rcoq.ca\/hl\/wp-json\/wp\/v2\/types\/post"}],"author":[{"embeddable":true,"href":"https:\/\/centraide-rcoq.ca\/hl\/wp-json\/wp\/v2\/users\/13"}],"replies":[{"embeddable":true,"href":"https:\/\/centraide-rcoq.ca\/hl\/wp-json\/wp\/v2\/comments?post=2449"}],"version-history":[{"count":1,"href":"https:\/\/centraide-rcoq.ca\/hl\/wp-json\/wp\/v2\/posts\/2449\/revisions"}],"predecessor-version":[{"id":2451,"href":"https:\/\/centraide-rcoq.ca\/hl\/wp-json\/wp\/v2\/posts\/2449\/revisions\/2451"}],"wp:featuredmedia":[{"embeddable":true,"href":"https:\/\/centraide-rcoq.ca\/hl\/wp-json\/wp\/v2\/media\/2450"}],"wp:attachment":[{"href":"https:\/\/centraide-rcoq.ca\/hl\/wp-json\/wp\/v2\/media?parent=2449"}],"wp:term":[{"taxonomy":"category","embeddable":true,"href":"https:\/\/centraide-rcoq.ca\/hl\/wp-json\/wp\/v2\/categories?post=2449"},{"taxonomy":"post_tag","embeddable":true,"href":"https:\/\/centraide-rcoq.ca\/hl\/wp-json\/wp\/v2\/tags?post=2449"}],"curies":[{"name":"wp","href":"https:\/\/api.w.org\/{rel}","templated":true}]}}