{"id":2279,"date":"2024-05-29T16:48:38","date_gmt":"2024-05-29T20:48:38","guid":{"rendered":"https:\/\/centraide-rcoq.ca\/hl\/?p=2279"},"modified":"2024-05-29T16:52:37","modified_gmt":"2024-05-29T20:52:37","slug":"les-partenaires-de-centraide-hautes-laurentides-mis-a-lhonneur-au-cours-de-ledition-evenement-reconnaissance-2024","status":"publish","type":"post","link":"https:\/\/centraide-rcoq.ca\/hl\/les-partenaires-de-centraide-hautes-laurentides-mis-a-lhonneur-au-cours-de-ledition-evenement-reconnaissance-2024\/","title":{"rendered":"Les partenaires de Centraide Hautes-Laurentides mis \u00e0 l\u2019honneur au cours de l\u2019\u00e9dition \u00c9v\u00e9nement Reconnaissance 2024"},"content":{"rendered":"\n<p><strong>Mont-Laurier, 29 mai 2024<\/strong> \u2013 Centraide Hautes-Laurentides a proc\u00e9d\u00e9 aujourd\u2019hui \u00e0 la remise de ses <strong>prix Reconnaissance<\/strong>, destin\u00e9s \u00e0 mettre en lumi\u00e8re le travail r\u00e9alis\u00e9 par ses partenaires au cours des 12 derniers mois qui viennent de s\u2019\u00e9couler et \u00e0 c\u00e9l\u00e9brer l\u2019engagement exceptionnel de personnes et d\u2019organisations envers leur communaut\u00e9.<\/p>\n\n\n\n<p>La remise des prix, qui s\u2019est faite de fa\u00e7on virtuelle, a permis \u00e0 quatre r\u00e9cipiendaires de se distinguer dans les cat\u00e9gories <strong>Impact, \u00c9tincelle, Distinction et Coup de c\u0153ur<\/strong>.<\/p>\n\n\n\n<p>Le premier prix, dans la cat\u00e9gorie <strong>IMPACT<\/strong>, a \u00e9t\u00e9 rafl\u00e9 par le <strong>Groupe Cr\u00eate<\/strong>, qui a d\u00e9montr\u00e9 l\u2019importance de redonner et de soutenir la communaut\u00e9. Les \u00e9quipes de Centraide Lanaudi\u00e8re et Centraide Hautes-Laurentides ont remis conjointement ce prix \u00e0 <strong>M. S\u00e9bastien Cr\u00eate<\/strong>, l\u2019entreprise qu\u2019il repr\u00e9sente \u00e9tant active dans les deux r\u00e9gions.<\/p>\n\n\n\n<p>Le prix <strong>\u00c9TINCELLE<\/strong> a par la suite \u00e9t\u00e9 remis \u00e0 <strong>L\u2019Envol\u00e9e Ressource Alternative en Sant\u00e9 Mentale (RASM)<\/strong>. L\u2019organisme offre des interventions favorisant le d\u00e9veloppement du pouvoir d\u2019agir des personnes aux prises avec un enjeu de sant\u00e9 mentale et conna\u00eet tr\u00e8s bien la r\u00e9alit\u00e9 de la client\u00e8le qu\u2019il dessert et ne m\u00e9nage aucun effort pour r\u00e9pondre aux besoins \u00e9mergents. \u00c0 l\u2019heure o\u00f9 la sant\u00e9 mentale des jeunes s\u2019av\u00e8re plus pr\u00e9occupante, L\u2019Envol\u00e9e a mis en place les conditions n\u00e9cessaires pour accueillir cette nouvelle client\u00e8le, qui fait d\u00e9sormais partie de son quotidien.<\/p>\n\n\n\n<p>La c\u00e9r\u00e9monie virtuelle s\u2019est ensuite poursuivie avec l\u2019attribution du prix <strong>DISTINCTION<\/strong>. Et c\u2019est \u00e0 <strong>Marisol Nadeau<\/strong>, que l\u2019honneur est revenu. Directrice adjointe \u00e9nergique au <strong>Super C Mont-Tremblant<\/strong>, elle fixe des objectifs ambitieux \u00e0 son \u00e9quipe et met tout en \u0153uvre pour les atteindre. Cette ann\u00e9e, la campagne du Super C a bondi de 43 % gr\u00e2ce \u00e0 son \u00e9quipe, qu\u2019elle a su mobiliser en leader humaine et sensible aux enjeux sociaux v\u00e9cus par la population qui l\u2019entoure.<\/p>\n\n\n\n<div class=\"wp-block-media-text is-stacked-on-mobile\"><figure class=\"wp-block-media-text__media\"><img fetchpriority=\"high\" decoding=\"async\" width=\"1024\" height=\"768\" src=\"https:\/\/centraide-rcoq.ca\/hl\/wp-content\/uploads\/sites\/13\/2024\/05\/Coup-de-coeur-Richard-Charbonneau-1024x768.jpg\" alt=\"\" class=\"wp-image-2280 size-full\" srcset=\"https:\/\/centraide-rcoq.ca\/hl\/wp-content\/uploads\/sites\/13\/2024\/05\/Coup-de-coeur-Richard-Charbonneau-1024x768.jpg 1024w, https:\/\/centraide-rcoq.ca\/hl\/wp-content\/uploads\/sites\/13\/2024\/05\/Coup-de-coeur-Richard-Charbonneau-300x225.jpg 300w, https:\/\/centraide-rcoq.ca\/hl\/wp-content\/uploads\/sites\/13\/2024\/05\/Coup-de-coeur-Richard-Charbonneau-768x576.jpg 768w, https:\/\/centraide-rcoq.ca\/hl\/wp-content\/uploads\/sites\/13\/2024\/05\/Coup-de-coeur-Richard-Charbonneau-1536x1152.jpg 1536w, https:\/\/centraide-rcoq.ca\/hl\/wp-content\/uploads\/sites\/13\/2024\/05\/Coup-de-coeur-Richard-Charbonneau-2048x1536.jpg 2048w\" sizes=\"(max-width: 1024px) 100vw, 1024px\" \/><\/figure><div class=\"wp-block-media-text__content\">\n<p>Le dernier prix remis fut le <strong>Coup de c\u0153ur, attribu\u00e9 \u00e0 M. Richard Charbonneau<\/strong>, un homme g\u00e9n\u00e9reux qui sait mener \u00e0 terme et avec succ\u00e8s les projets qu\u2019il entreprend. Comme celui de monter un spectacle de talents locaux \u00e0 Mont-Laurier qu\u2019il a appel\u00e9 \u00ab Pour une derni\u00e8re fois \u00bb et pr\u00e9sent\u00e9 deux fois devant une salle comble. Ce b\u00e9n\u00e9vole et donateur d\u00e9vou\u00e9 a \u00e9t\u00e9 choisi unanimement pour le prix Coup de C\u0153ur, qu\u2019il a amplement m\u00e9rit\u00e9.<\/p>\n<\/div><\/div>\n\n\n\n<p>L\u2019\u00c9v\u00e9nement Reconnaissance \u00e9tant le moment tout indiqu\u00e9 pour souligner le travail colossal accompli quotidiennement pour venir en aide aux personnes les plus vuln\u00e9rables, la direction de Centraide Hautes-Laurentides a \u00e9galement tenu \u00e0 remercier tous ceux et celles qui, d\u2019une mani\u00e8re ou d\u2019une autre, ont contribu\u00e9 \u00e0 la cause au cours de l\u2019ann\u00e9e.<\/p>\n\n\n\n<p>Il est aussi \u00e0 noter que les troph\u00e9es offerts aux personnes gagnantes ont \u00e9t\u00e9 r\u00e9alis\u00e9s par <strong>La Boutik<\/strong>, un plateau de travail de la <strong>Maison Lyse-Beauchamp<\/strong>, qui offre des services en sant\u00e9 mentale, itin\u00e9rance et d\u00e9pendances dans la MRC d\u2019Antoine-Labelle dans les Hautes-Laurentides.<\/p>\n\n\n\n<figure class=\"wp-block-gallery has-nested-images columns-default is-cropped wp-block-gallery-1 is-layout-flex wp-block-gallery-is-layout-flex\">\n<figure class=\"wp-block-image size-large\"><img decoding=\"async\" width=\"768\" height=\"1024\" data-id=\"2283\" src=\"https:\/\/centraide-rcoq.ca\/hl\/wp-content\/uploads\/sites\/13\/2024\/05\/Evenement-1-768x1024.jpg\" alt=\"\" class=\"wp-image-2283\" srcset=\"https:\/\/centraide-rcoq.ca\/hl\/wp-content\/uploads\/sites\/13\/2024\/05\/Evenement-1-768x1024.jpg 768w, https:\/\/centraide-rcoq.ca\/hl\/wp-content\/uploads\/sites\/13\/2024\/05\/Evenement-1-225x300.jpg 225w, https:\/\/centraide-rcoq.ca\/hl\/wp-content\/uploads\/sites\/13\/2024\/05\/Evenement-1-1152x1536.jpg 1152w, https:\/\/centraide-rcoq.ca\/hl\/wp-content\/uploads\/sites\/13\/2024\/05\/Evenement-1-1536x2048.jpg 1536w, https:\/\/centraide-rcoq.ca\/hl\/wp-content\/uploads\/sites\/13\/2024\/05\/Evenement-1-scaled.jpg 1920w\" sizes=\"(max-width: 768px) 100vw, 768px\" \/><figcaption class=\"wp-element-caption\">Pierre-Claude V\u00e9zina<br>Pr\u00e9sident du conseil d\u2019administration de Centraide RCOQ<\/figcaption><\/figure>\n\n\n\n<figure class=\"wp-block-image size-large\"><img decoding=\"async\" width=\"853\" height=\"1024\" data-id=\"2282\" src=\"https:\/\/centraide-rcoq.ca\/hl\/wp-content\/uploads\/sites\/13\/2024\/05\/evenement-2_Crope-853x1024.jpg\" alt=\"\" class=\"wp-image-2282\" srcset=\"https:\/\/centraide-rcoq.ca\/hl\/wp-content\/uploads\/sites\/13\/2024\/05\/evenement-2_Crope-853x1024.jpg 853w, https:\/\/centraide-rcoq.ca\/hl\/wp-content\/uploads\/sites\/13\/2024\/05\/evenement-2_Crope-250x300.jpg 250w, https:\/\/centraide-rcoq.ca\/hl\/wp-content\/uploads\/sites\/13\/2024\/05\/evenement-2_Crope-768x922.jpg 768w, https:\/\/centraide-rcoq.ca\/hl\/wp-content\/uploads\/sites\/13\/2024\/05\/evenement-2_Crope-1279x1536.jpg 1279w, https:\/\/centraide-rcoq.ca\/hl\/wp-content\/uploads\/sites\/13\/2024\/05\/evenement-2_Crope-1706x2048.jpg 1706w, https:\/\/centraide-rcoq.ca\/hl\/wp-content\/uploads\/sites\/13\/2024\/05\/evenement-2_Crope.jpg 2009w\" sizes=\"(max-width: 853px) 100vw, 853px\" \/><figcaption class=\"wp-element-caption\">Notre ma\u00eetre de c\u00e9r\u00e9monie, Alex Trudel, morning-man \u00e0 la station CJSO de Sorel-Tracy<\/figcaption><\/figure>\n\n\n\n<figure class=\"wp-block-image size-large\"><img loading=\"lazy\" decoding=\"async\" width=\"368\" height=\"495\" data-id=\"2281\" src=\"https:\/\/centraide-rcoq.ca\/hl\/wp-content\/uploads\/sites\/13\/2024\/05\/evenement-4.jpg\" alt=\"\" class=\"wp-image-2281\" srcset=\"https:\/\/centraide-rcoq.ca\/hl\/wp-content\/uploads\/sites\/13\/2024\/05\/evenement-4.jpg 368w, https:\/\/centraide-rcoq.ca\/hl\/wp-content\/uploads\/sites\/13\/2024\/05\/evenement-4-223x300.jpg 223w\" sizes=\"(max-width: 368px) 100vw, 368px\" \/><figcaption class=\"wp-element-caption\">Pierre-Claude et Alex accompagnent Julie Colbert, directrice g\u00e9n\u00e9rale de Centraide RCOQ<\/figcaption><\/figure>\n<\/figure>\n","protected":false},"excerpt":{"rendered":"<p>Mont-Laurier, 29 mai 2024 \u2013 Centraide Hautes-Laurentides a proc\u00e9d\u00e9 aujourd\u2019hui \u00e0 la remise de ses prix Reconnaissance, destin\u00e9s \u00e0 mettre en lumi\u00e8re le travail r\u00e9alis\u00e9 par ses partenaires au cours des 12 derniers mois qui viennent de s\u2019\u00e9couler et \u00e0 c\u00e9l\u00e9brer l\u2019engagement exceptionnel de personnes et d\u2019organisations envers leur communaut\u00e9. La remise des prix, qui [&hellip;]<\/p>\n","protected":false},"author":3,"featured_media":1791,"comment_status":"closed","ping_status":"closed","sticky":false,"template":"","format":"standard","meta":{"ocean_post_layout":"","ocean_both_sidebars_style":"","ocean_both_sidebars_content_width":0,"ocean_both_sidebars_sidebars_width":0,"ocean_sidebar":"","ocean_second_sidebar":"","ocean_disable_margins":"enable","ocean_add_body_class":"","ocean_shortcode_before_top_bar":"","ocean_shortcode_after_top_bar":"","ocean_shortcode_before_header":"","ocean_shortcode_after_header":"","ocean_has_shortcode":"","ocean_shortcode_after_title":"","ocean_shortcode_before_footer_widgets":"","ocean_shortcode_after_footer_widgets":"","ocean_shortcode_before_footer_bottom":"","ocean_shortcode_after_footer_bottom":"","ocean_display_top_bar":"default","ocean_display_header":"default","ocean_header_style":"","ocean_center_header_left_menu":"","ocean_custom_header_template":"","ocean_custom_logo":0,"ocean_custom_retina_logo":0,"ocean_custom_logo_max_width":0,"ocean_custom_logo_tablet_max_width":0,"ocean_custom_logo_mobile_max_width":0,"ocean_custom_logo_max_height":0,"ocean_custom_logo_tablet_max_height":0,"ocean_custom_logo_mobile_max_height":0,"ocean_header_custom_menu":"","ocean_menu_typo_font_family":"","ocean_menu_typo_font_subset":"","ocean_menu_typo_font_size":0,"ocean_menu_typo_font_size_tablet":0,"ocean_menu_typo_font_size_mobile":0,"ocean_menu_typo_font_size_unit":"px","ocean_menu_typo_font_weight":"","ocean_menu_typo_font_weight_tablet":"","ocean_menu_typo_font_weight_mobile":"","ocean_menu_typo_transform":"","ocean_menu_typo_transform_tablet":"","ocean_menu_typo_transform_mobile":"","ocean_menu_typo_line_height":0,"ocean_menu_typo_line_height_tablet":0,"ocean_menu_typo_line_height_mobile":0,"ocean_menu_typo_line_height_unit":"","ocean_menu_typo_spacing":0,"ocean_menu_typo_spacing_tablet":0,"ocean_menu_typo_spacing_mobile":0,"ocean_menu_typo_spacing_unit":"","ocean_menu_link_color":"","ocean_menu_link_color_hover":"","ocean_menu_link_color_active":"","ocean_menu_link_background":"","ocean_menu_link_hover_background":"","ocean_menu_link_active_background":"","ocean_menu_social_links_bg":"","ocean_menu_social_hover_links_bg":"","ocean_menu_social_links_color":"","ocean_menu_social_hover_links_color":"","ocean_disable_title":"default","ocean_disable_heading":"default","ocean_post_title":"","ocean_post_subheading":"","ocean_post_title_style":"","ocean_post_title_background_color":"","ocean_post_title_background":0,"ocean_post_title_bg_image_position":"","ocean_post_title_bg_image_attachment":"","ocean_post_title_bg_image_repeat":"","ocean_post_title_bg_image_size":"","ocean_post_title_height":0,"ocean_post_title_bg_overlay":0.5,"ocean_post_title_bg_overlay_color":"","ocean_disable_breadcrumbs":"default","ocean_breadcrumbs_color":"","ocean_breadcrumbs_separator_color":"","ocean_breadcrumbs_links_color":"","ocean_breadcrumbs_links_hover_color":"","ocean_display_footer_widgets":"default","ocean_display_footer_bottom":"default","ocean_custom_footer_template":"","ocean_post_oembed":"","ocean_post_self_hosted_media":"","ocean_post_video_embed":"","ocean_link_format":"","ocean_link_format_target":"self","ocean_quote_format":"","ocean_quote_format_link":"post","ocean_gallery_link_images":"on","ocean_gallery_id":[],"footnotes":""},"categories":[1],"tags":[],"class_list":["post-2279","post","type-post","status-publish","format-standard","has-post-thumbnail","hentry","category-non-classe","entry","has-media"],"_links":{"self":[{"href":"https:\/\/centraide-rcoq.ca\/hl\/wp-json\/wp\/v2\/posts\/2279","targetHints":{"allow":["GET"]}}],"collection":[{"href":"https:\/\/centraide-rcoq.ca\/hl\/wp-json\/wp\/v2\/posts"}],"about":[{"href":"https:\/\/centraide-rcoq.ca\/hl\/wp-json\/wp\/v2\/types\/post"}],"author":[{"embeddable":true,"href":"https:\/\/centraide-rcoq.ca\/hl\/wp-json\/wp\/v2\/users\/3"}],"replies":[{"embeddable":true,"href":"https:\/\/centraide-rcoq.ca\/hl\/wp-json\/wp\/v2\/comments?post=2279"}],"version-history":[{"count":1,"href":"https:\/\/centraide-rcoq.ca\/hl\/wp-json\/wp\/v2\/posts\/2279\/revisions"}],"predecessor-version":[{"id":2284,"href":"https:\/\/centraide-rcoq.ca\/hl\/wp-json\/wp\/v2\/posts\/2279\/revisions\/2284"}],"wp:featuredmedia":[{"embeddable":true,"href":"https:\/\/centraide-rcoq.ca\/hl\/wp-json\/wp\/v2\/media\/1791"}],"wp:attachment":[{"href":"https:\/\/centraide-rcoq.ca\/hl\/wp-json\/wp\/v2\/media?parent=2279"}],"wp:term":[{"taxonomy":"category","embeddable":true,"href":"https:\/\/centraide-rcoq.ca\/hl\/wp-json\/wp\/v2\/categories?post=2279"},{"taxonomy":"post_tag","embeddable":true,"href":"https:\/\/centraide-rcoq.ca\/hl\/wp-json\/wp\/v2\/tags?post=2279"}],"curies":[{"name":"wp","href":"https:\/\/api.w.org\/{rel}","templated":true}]}}