{"id":2268,"date":"2024-01-29T15:12:32","date_gmt":"2024-01-29T20:12:32","guid":{"rendered":"https:\/\/centraide-rcoq.ca\/hl\/?p=2268"},"modified":"2024-01-29T15:12:32","modified_gmt":"2024-01-29T20:12:32","slug":"la-guignolee-des-medias-plus-pertinente-que-jamais-2","status":"publish","type":"post","link":"https:\/\/centraide-rcoq.ca\/hl\/la-guignolee-des-medias-plus-pertinente-que-jamais-2\/","title":{"rendered":"La Guignol\u00e9e des M\u00e9dias plus pertinente que jamais"},"content":{"rendered":"\n<p><strong>Mont-Laurier, le lundi 29 janvier 2024 &#8211; <\/strong>C\u2019est avec enthousiasme qu&rsquo;a \u00e9t\u00e9 annonc\u00e9 la reprise de la Guignol\u00e9e des m\u00e9dias au profit de Centraide Hautes-Laurentides et Moisson Laurentides, initialement pr\u00e9vue le 7 d\u00e9cembre \u00e0 Mont-Laurier, et qui sera reprise le jeudi 22 f\u00e9vrier prochain.<\/p>\n\n\n\n<p>Rappellons que ce changement a \u00e9t\u00e9 motiv\u00e9 par la situation pr\u00e9occupante li\u00e9e \u00e0 la digue Morier dans la MRC Antoine-Labelle, exigeant une r\u00e9ponse solidaire en soutien aux personnes \u00e9vacu\u00e9es. Dans ce contexte d&rsquo;urgence, Moisson Laurentides et Centraide Hautes-Laurentides avaient pris la d\u00e9cision de reporter la collecte sur rue de la Guignol\u00e9e des m\u00e9dias, permettant ainsi de mobiliser toutes les \u00e9nergies sur la situation de crise en cours en d\u00e9cembre dernier.<\/p>\n\n\n\n<p>Bien que la situation d&rsquo;urgence ait \u00e9t\u00e9 g\u00e9r\u00e9e avec succ\u00e8s, Centraide Hautes-Laurentides et Moisson Laurentides reconnaissent l&rsquo;importance de maintenir cet \u00e9v\u00e9nement majeur et essentiel dans Antoine-Labelle pour soulager la faim dans notre communaut\u00e9.<\/p>\n\n\n\n<p>Les organismes b\u00e9n\u00e9ficiaires ont exprim\u00e9 d\u2019une m\u00eame voix \u00eatre  heureux que la situation ait \u00e9t\u00e9 prise en charge et que tous les habitants aient pu r\u00e9int\u00e9grer leur domicile en toute s\u00e9curit\u00e9. \u00ab Il est temps de continuer la tradition en r\u00e9it\u00e9rant la pr\u00e9sentation de cet \u00e9v\u00e9nement, qui supporte les personnes souffrant d\u2019ins\u00e9curit\u00e9 alimentaire sur le territoire \u00bb ont soulign\u00e9 les organisateurs.<\/p>\n\n\n\n<p>Pour une deuxi\u00e8me ann\u00e9e cons\u00e9cutive, c\u2019est sous la copr\u00e9sidence de l\u2019entrepreneure en communication et consultante, Julie Auger, et de Martin Cl\u00e9ment, propri\u00e9taire de Lebeau Vitres d\u2019auto et pr\u00e9sident de la Chambre de commerce de Mont-Laurier, que se tient l\u2019\u00e9v\u00e9nement report\u00e9. Celui-ci permettra d\u2019amasser des denr\u00e9es non p\u00e9rissables ainsi que des dons en argent afin de soutenir une partie de la population aux prises avec l\u2019augmentation du co\u00fbt de la vie qui tarde \u00e0 se r\u00e9sorber malgr\u00e9 les actions mises en place pour la contenir.<\/p>\n\n\n\n<p>\u00c0 l\u2019unisson, Julie Auger et Martin Cl\u00e9ment ont mentionn\u00e9 que \u00ab dans l\u2019Autre Laurentides, les gens sont tr\u00e8s g\u00e9n\u00e9reux et solidaires. Le succ\u00e8s de la Guignol\u00e9e des m\u00e9dias des derni\u00e8res ann\u00e9es en est la preuve. \u00bb <\/p>\n\n\n\n<p>\u00ab Les besoins sont bien pr\u00e9sents tout au long de l\u2019ann\u00e9e et nous pouvons faire une r\u00e9elle diff\u00e9rence et d\u00e9montrer notre bienveillance envers les gens qui ont faim. Joignez-vous \u00e0 nous et donnons g\u00e9n\u00e9reusement ! \u00bb ont-ils clam\u00e9.<\/p>\n\n\n\n<p><strong>Le d\u00e9roulement du 22 f\u00e9vrier en d\u00e9tails<\/strong><\/p>\n\n\n\n<p>Les automobilistes croiseront les barrages routiers habituels dans la Ville de Mont-Laurier et pourront contribuer de fa\u00e7on traditionnelle en argent comptant. L\u2019utilisation d\u2019un code QR pour t\u00e9l\u00e9phone intelligent et don en ligne sera aussi disponible. De leur c\u00f4t\u00e9, les deux copr\u00e9sidents effectueront la tourn\u00e9e des commer\u00e7ants au cours de la journ\u00e9e, alors qu\u2019ils seront respectivement accompagn\u00e9s de repr\u00e9sentants des m\u00e9dias \u00e0 bord des v\u00e9hicules promotionnels de la radio CFLO et de M\u00e9dialo L\u2019Info de la Li\u00e8vre.<\/p>\n\n\n\n<p>Une centaine de b\u00e9n\u00e9voles mettront la main \u00e0 la p\u00e2te pour s\u2019assurer que cette importante activit\u00e9 se d\u00e9roule rondement tout au long de la journ\u00e9e. Les organismes b\u00e9n\u00e9ficiaires, Moisson Laurentides et Centraide Hautes-Laurentides, vous invitent \u00e0 participer g\u00e9n\u00e9reusement \u00e0 cette importante journ\u00e9e et \u00e0 d\u00e9montrer votre solidarit\u00e9 envers celles et ceux pour qui le quotidien est un d\u00e9fi en soi.<\/p>\n\n\n\n<p>Annie B\u00e9langer, directrice g\u00e9n\u00e9rale de Moisson Laurentides, a rappel\u00e9 que la faim continue de gagner du terrain dans la r\u00e9gion des Laurentides. \u00ab Les r\u00e9sultats du dernier bilan faim d\u00e9montrent une augmentation de la demande d\u2019aide alimentaire de 10 %. La proportion des enfants ayant recours \u00e0 nos services a litt\u00e9ralement explos\u00e9 en enregistrant une hausse de 30 % pour les services de d\u00e9pannage alimentaire et plus de 121 % de hausse pour les services de repas. Plus que jamais, l\u2019inflation qui nous affecte tous et qui engendre une hausse du prix du panier d\u2019\u00e9picerie a un impact direct sur la qualit\u00e9 de l\u2019alimentation des personnes d\u00e9munies et des m\u00e9nages \u00e0 faible revenu. Nous avons besoin de votre aide. Si vous le pouvez, soyez nombreux \u00e0 donner le 22 f\u00e9vrier prochain. \u00bb<\/p>\n\n\n\n<p>Pour sa part, Laure Voilquin, directrice D\u00e9veloppement et partenariats de Centraide Hautes-Laurentides, a soulev\u00e9 le point du prix et de la raret\u00e9 des logements qui, au m\u00eame titre que la nourriture, a pris une pente ascendante vertigineuse. Mme Voilquin a pr\u00e9cis\u00e9 que le logement est devenu, et de loin, \u00ab la d\u00e9pense la plus importante des personnes en situation de pauvret\u00e9, et elle n\u2019est pas compressible. Lorsqu\u2019il est trop \u00e9lev\u00e9, le co\u00fbt du logement hypoth\u00e8que la qualit\u00e9 de vie et met en p\u00e9ril la capacit\u00e9 des personnes et des familles \u00e0 r\u00e9pondre \u00e0 d\u2019autres besoins de base comme l\u2019alimentation. 28 % des m\u00e9nages locataires de la MRC d\u00e9pensent 30 % ou plus de leur revenu pour se loger. C\u2019est en gardant en t\u00eate ces chiffres fort r\u00e9v\u00e9lateurs que Centraide travaille en amont, de concert avec ses organismes partenaires, pour mettre en place des initiatives qui favoriseront la reprise du pouvoir d\u2019agir. \u00bb<\/p>\n\n\n\n<p class=\"has-text-align-left\">En conclusion, l&rsquo;organisation a tenu \u00e0 remercier ses nombreux b\u00e9n\u00e9voles et g\u00e9n\u00e9reux donateurs, les commer\u00e7ants participants, les commanditaires et les m\u00e9dias, tous mobilis\u00e9s pour favoriser la s\u00e9curit\u00e9 alimentaire dans la MRC Antoine-Labelle.<\/p>\n\n\n<div class=\"wp-block-image is-style-default\">\n<figure class=\"aligncenter size-full\"><img fetchpriority=\"high\" decoding=\"async\" width=\"500\" height=\"763\" src=\"https:\/\/centraide-rcoq.ca\/hl\/wp-content\/uploads\/sites\/13\/2024\/01\/Guignolee_Antoine-Labelle_500.jpg\" alt=\"\" class=\"wp-image-2272\" srcset=\"https:\/\/centraide-rcoq.ca\/hl\/wp-content\/uploads\/sites\/13\/2024\/01\/Guignolee_Antoine-Labelle_500.jpg 500w, https:\/\/centraide-rcoq.ca\/hl\/wp-content\/uploads\/sites\/13\/2024\/01\/Guignolee_Antoine-Labelle_500-197x300.jpg 197w\" sizes=\"(max-width: 500px) 100vw, 500px\" \/><\/figure>\n<\/div>\n\n\n<p class=\"has-text-align-center\">-30-<br><\/p>\n","protected":false},"excerpt":{"rendered":"<p>Mont-Laurier, le lundi 29 janvier 2024 &#8211; C\u2019est avec enthousiasme qu&rsquo;a \u00e9t\u00e9 annonc\u00e9 la reprise de la Guignol\u00e9e des m\u00e9dias au profit de Centraide Hautes-Laurentides et Moisson Laurentides, initialement pr\u00e9vue le 7 d\u00e9cembre \u00e0 Mont-Laurier, et qui sera reprise le jeudi 22 f\u00e9vrier prochain. Rappellons que ce changement a \u00e9t\u00e9 motiv\u00e9 par la situation pr\u00e9occupante [&hellip;]<\/p>\n","protected":false},"author":3,"featured_media":1791,"comment_status":"closed","ping_status":"open","sticky":false,"template":"","format":"standard","meta":{"ocean_post_layout":"","ocean_both_sidebars_style":"","ocean_both_sidebars_content_width":0,"ocean_both_sidebars_sidebars_width":0,"ocean_sidebar":"","ocean_second_sidebar":"","ocean_disable_margins":"enable","ocean_add_body_class":"","ocean_shortcode_before_top_bar":"","ocean_shortcode_after_top_bar":"","ocean_shortcode_before_header":"","ocean_shortcode_after_header":"","ocean_has_shortcode":"","ocean_shortcode_after_title":"","ocean_shortcode_before_footer_widgets":"","ocean_shortcode_after_footer_widgets":"","ocean_shortcode_before_footer_bottom":"","ocean_shortcode_after_footer_bottom":"","ocean_display_top_bar":"default","ocean_display_header":"default","ocean_header_style":"","ocean_center_header_left_menu":"","ocean_custom_header_template":"","ocean_custom_logo":0,"ocean_custom_retina_logo":0,"ocean_custom_logo_max_width":0,"ocean_custom_logo_tablet_max_width":0,"ocean_custom_logo_mobile_max_width":0,"ocean_custom_logo_max_height":0,"ocean_custom_logo_tablet_max_height":0,"ocean_custom_logo_mobile_max_height":0,"ocean_header_custom_menu":"","ocean_menu_typo_font_family":"","ocean_menu_typo_font_subset":"","ocean_menu_typo_font_size":0,"ocean_menu_typo_font_size_tablet":0,"ocean_menu_typo_font_size_mobile":0,"ocean_menu_typo_font_size_unit":"px","ocean_menu_typo_font_weight":"","ocean_menu_typo_font_weight_tablet":"","ocean_menu_typo_font_weight_mobile":"","ocean_menu_typo_transform":"","ocean_menu_typo_transform_tablet":"","ocean_menu_typo_transform_mobile":"","ocean_menu_typo_line_height":0,"ocean_menu_typo_line_height_tablet":0,"ocean_menu_typo_line_height_mobile":0,"ocean_menu_typo_line_height_unit":"","ocean_menu_typo_spacing":0,"ocean_menu_typo_spacing_tablet":0,"ocean_menu_typo_spacing_mobile":0,"ocean_menu_typo_spacing_unit":"","ocean_menu_link_color":"","ocean_menu_link_color_hover":"","ocean_menu_link_color_active":"","ocean_menu_link_background":"","ocean_menu_link_hover_background":"","ocean_menu_link_active_background":"","ocean_menu_social_links_bg":"","ocean_menu_social_hover_links_bg":"","ocean_menu_social_links_color":"","ocean_menu_social_hover_links_color":"","ocean_disable_title":"default","ocean_disable_heading":"default","ocean_post_title":"","ocean_post_subheading":"","ocean_post_title_style":"","ocean_post_title_background_color":"","ocean_post_title_background":0,"ocean_post_title_bg_image_position":"","ocean_post_title_bg_image_attachment":"","ocean_post_title_bg_image_repeat":"","ocean_post_title_bg_image_size":"","ocean_post_title_height":0,"ocean_post_title_bg_overlay":0.5,"ocean_post_title_bg_overlay_color":"","ocean_disable_breadcrumbs":"default","ocean_breadcrumbs_color":"","ocean_breadcrumbs_separator_color":"","ocean_breadcrumbs_links_color":"","ocean_breadcrumbs_links_hover_color":"","ocean_display_footer_widgets":"default","ocean_display_footer_bottom":"default","ocean_custom_footer_template":"","ocean_post_oembed":"","ocean_post_self_hosted_media":"","ocean_post_video_embed":"","ocean_link_format":"","ocean_link_format_target":"self","ocean_quote_format":"","ocean_quote_format_link":"post","ocean_gallery_link_images":"on","ocean_gallery_id":[],"footnotes":""},"categories":[1],"tags":[],"class_list":["post-2268","post","type-post","status-publish","format-standard","has-post-thumbnail","hentry","category-non-classe","entry","has-media"],"_links":{"self":[{"href":"https:\/\/centraide-rcoq.ca\/hl\/wp-json\/wp\/v2\/posts\/2268","targetHints":{"allow":["GET"]}}],"collection":[{"href":"https:\/\/centraide-rcoq.ca\/hl\/wp-json\/wp\/v2\/posts"}],"about":[{"href":"https:\/\/centraide-rcoq.ca\/hl\/wp-json\/wp\/v2\/types\/post"}],"author":[{"embeddable":true,"href":"https:\/\/centraide-rcoq.ca\/hl\/wp-json\/wp\/v2\/users\/3"}],"replies":[{"embeddable":true,"href":"https:\/\/centraide-rcoq.ca\/hl\/wp-json\/wp\/v2\/comments?post=2268"}],"version-history":[{"count":4,"href":"https:\/\/centraide-rcoq.ca\/hl\/wp-json\/wp\/v2\/posts\/2268\/revisions"}],"predecessor-version":[{"id":2274,"href":"https:\/\/centraide-rcoq.ca\/hl\/wp-json\/wp\/v2\/posts\/2268\/revisions\/2274"}],"wp:featuredmedia":[{"embeddable":true,"href":"https:\/\/centraide-rcoq.ca\/hl\/wp-json\/wp\/v2\/media\/1791"}],"wp:attachment":[{"href":"https:\/\/centraide-rcoq.ca\/hl\/wp-json\/wp\/v2\/media?parent=2268"}],"wp:term":[{"taxonomy":"category","embeddable":true,"href":"https:\/\/centraide-rcoq.ca\/hl\/wp-json\/wp\/v2\/categories?post=2268"},{"taxonomy":"post_tag","embeddable":true,"href":"https:\/\/centraide-rcoq.ca\/hl\/wp-json\/wp\/v2\/tags?post=2268"}],"curies":[{"name":"wp","href":"https:\/\/api.w.org\/{rel}","templated":true}]}}