{"id":2223,"date":"2023-11-16T15:38:21","date_gmt":"2023-11-16T20:38:21","guid":{"rendered":"https:\/\/centraide-rcoq.ca\/hl\/?p=2223"},"modified":"2023-11-16T16:29:33","modified_gmt":"2023-11-16T21:29:33","slug":"la-guignolee-des-medias-plus-pertinente-que-jamais","status":"publish","type":"post","link":"https:\/\/centraide-rcoq.ca\/hl\/la-guignolee-des-medias-plus-pertinente-que-jamais\/","title":{"rendered":"La Guignol\u00e9e des m\u00e9dias\u00a0: plus pertinente que jamais"},"content":{"rendered":"\n<p><strong>Sainte-Agathe-des-Monts, le 16 novembre 2023&nbsp; \u2013 &nbsp;&nbsp;<\/strong>C\u2019est sous la pr\u00e9sidence d\u2019honneur de l\u2019ensemble du Conseil de ville de Sainte-Agathe-des-Monts que se tiendra la toute nouvelle \u00e9dition de la Guignol\u00e9e des m\u00e9dias qui aura lieu le jeudi 7 d\u00e9cembre prochain. Celle-ci permettra d\u2019amasser des denr\u00e9es non p\u00e9rissables ainsi que des dons en argent afin de soutenir une partie de la population aux prises avec l\u2019augmentation du co\u00fbt de la vie qui tarde \u00e0 se r\u00e9sorber malgr\u00e9 les actions mises en place pour la contenir.<\/p>\n\n\n\n<p>Les automobilistes croiseront les barrages routiers habituels \u00e0 Val-David, Sainte-Agathe-des-Monts, Labelle ainsi qu\u2019\u00e0 Br\u00e9beuf, alors que les terminaux de paiement sans contact TipTap, permettant les dons par cartes cr\u00e9dit ou d\u00e9bit, seront encore disponibles \u00e0 l\u2019intersection de certaines rues. L\u2019utilisation d\u2019un code QR pour faire un don en ligne sera aussi en fonction.<\/p>\n\n\n\n<p>Outre les membres du Conseil de ville Sainte-Agathe-des-Monts, plus de 200 b\u00e9n\u00e9voles mettront la main \u00e0 la p\u00e2te pour s\u2019assurer que cette importante activit\u00e9 se d\u00e9roule rondement tout au long de la journ\u00e9e. Les organismes b\u00e9n\u00e9ficiaires, Moisson Laurentides et Centraide Hautes-Laurentides, vous invitent \u00e0 participer g\u00e9n\u00e9reusement \u00e0 cette importante journ\u00e9e et \u00e0 d\u00e9montrer votre solidarit\u00e9 envers celles et ceux pour qui le quotidien est un d\u00e9fi en soi.<\/p>\n\n\n\n<p>Annie B\u00e9langer, directrice g\u00e9n\u00e9rale de Moisson Laurentides, a rappel\u00e9 que la faim continue de gagner du terrain dans la r\u00e9gion des Laurentides et que personne n\u2019est \u00e0 l\u2019abri d\u2019une situation difficile.&nbsp; Les r\u00e9sultats du dernier bilan faim d\u00e9montrent une augmentation de la demande d\u2019aide alimentaire de 10 %. La proportion des enfants ayant recours aux services de Moisson a litt\u00e9ralement explos\u00e9 en enregistrant une hausse de 30 % pour les services de d\u00e9pannage alimentaire et plus de 121 %&nbsp;de hausse pour les services de repas. Le portrait des personnes change alors que 22 % du nombre d\u2019usagers disposent d\u2019un revenu d\u2019emploi comparativement \u00e0 12,8% l&rsquo;an dernier.<\/p>\n\n\n\n<p>\u00ab C\u2019est du jamais vu. Jamais dans notre histoire, ni Moisson Laurentides, ni les organismes n\u2019auront connu une aussi grande pression. Avec les hausses successives du co\u00fbt de la vie et une possible r\u00e9cession, nous devons \u00eatre conscients que le pire est encore \u00e0 venir. Comme banque alimentaire, Moisson Laurentides et les organismes qu\u2019elle dessert doivent avoir les ressources n\u00e9cessaires pour r\u00e9aliser&nbsp;leur mission et soutenir les personnes vuln\u00e9rables et plus d\u00e9munies.&nbsp;Plus que jamais, l\u2019inflation qui nous affecte tous et qui engendre une hausse du prix du panier d\u2019\u00e9picerie a un impact direct sur la qualit\u00e9 de l\u2019alimentation des personnes d\u00e9munies et des m\u00e9nages \u00e0 faible revenu. Nous avons besoin de votre aide. Si vous le pouvez, soyez nombreux \u00e0 donner le 7 d\u00e9cembre prochain. \u00bb a d\u00e9clar\u00e9 Mme B\u00e9langer.<\/p>\n\n\n\n<p>De son c\u00f4t\u00e9, Laure Voilquin, directrice D\u00e9veloppement et partenariat, a affirm\u00e9 que \u00ab se loger est de loin la d\u00e9pense la plus importante des personnes en situation de pauvret\u00e9 et elle n\u2019est pas compressible. Lorsqu\u2019il est trop \u00e9lev\u00e9, le co\u00fbt du logement hypoth\u00e8que la qualit\u00e9 de vie et met en p\u00e9ril la capacit\u00e9 des personnes et des familles \u00e0 r\u00e9pondre \u00e0 d\u2019autres besoins de base comme l\u2019alimentation. 28 % des m\u00e9nages locataires de la MRC d\u00e9pensent 30 % ou plus de leur revenu pour se loger. <br>Centraide travaille en amont, sur les causes de la pauvret\u00e9 et de l\u2019exclusion avec des organismes et des initiatives qui favorisent la reprise du pouvoir d\u2019agir et l\u2019autonomie \u00bb.<\/p>\n\n\n\n<figure class=\"wp-block-image size-large is-resized\"><img fetchpriority=\"high\" decoding=\"async\" src=\"https:\/\/centraide-rcoq.ca\/hl\/wp-content\/uploads\/sites\/13\/2023\/11\/Conf-presse-GM-Laurentides-1024x768.jpg\" alt=\"\" class=\"wp-image-2226\" width=\"768\" height=\"576\" srcset=\"https:\/\/centraide-rcoq.ca\/hl\/wp-content\/uploads\/sites\/13\/2023\/11\/Conf-presse-GM-Laurentides-1024x768.jpg 1024w, https:\/\/centraide-rcoq.ca\/hl\/wp-content\/uploads\/sites\/13\/2023\/11\/Conf-presse-GM-Laurentides-300x225.jpg 300w, https:\/\/centraide-rcoq.ca\/hl\/wp-content\/uploads\/sites\/13\/2023\/11\/Conf-presse-GM-Laurentides-768x576.jpg 768w, https:\/\/centraide-rcoq.ca\/hl\/wp-content\/uploads\/sites\/13\/2023\/11\/Conf-presse-GM-Laurentides.jpg 1231w\" sizes=\"(max-width: 768px) 100vw, 768px\" \/><figcaption class=\"wp-element-caption\">Toute l&rsquo;\u00e9quipe de la Guignol\u00e9e des M\u00e9dias sera \u00e0 pied d&rsquo;oeuvre le 7 d\u00e9cembre prochain<\/figcaption><\/figure>\n\n\n\n<p><strong>Les m\u00e9dias toujours \u00e0 l\u2019\u0153uvre<\/strong> <br>Afin d\u2019honorer le nom de cette activit\u00e9, des repr\u00e9sentants(e)s des m\u00e9dias, <strong>Alain Cyr de CIME FM<\/strong> ainsi que <strong>Chantal Roussel et \u00c9lise L\u00e9onard de M\u00e9dialo L\u2019Info du Nord<\/strong>, accompagn\u00e9s de b\u00e9n\u00e9voles, seront bien s\u00fbr en activit\u00e9 afin d\u2019aller \u00e0 la rencontre des gens d\u2019affaires de Mont-Tremblant et cueillir leurs g\u00e9n\u00e9reux dons.<\/p>\n\n\n\n<figure class=\"wp-block-image size-full\"><img decoding=\"async\" width=\"675\" height=\"212\" src=\"https:\/\/centraide-rcoq.ca\/hl\/wp-content\/uploads\/sites\/13\/2023\/11\/Sans-titre-2.png\" alt=\"\" class=\"wp-image-2234\" srcset=\"https:\/\/centraide-rcoq.ca\/hl\/wp-content\/uploads\/sites\/13\/2023\/11\/Sans-titre-2.png 675w, https:\/\/centraide-rcoq.ca\/hl\/wp-content\/uploads\/sites\/13\/2023\/11\/Sans-titre-2-300x94.png 300w\" sizes=\"(max-width: 675px) 100vw, 675px\" \/><\/figure>\n\n\n\n<p><strong>Remerciements<\/strong><br>Nous tenons ensemble \u00e0 remercier nos nombreux b\u00e9n\u00e9voles, nos g\u00e9n\u00e9reux donateurs, les commer\u00e7ants participants, les commanditaires et les m\u00e9dias mobilis\u00e9s pour favoriser la s\u00e9curit\u00e9 alimentaire dans la MRC des Laurentides.<\/p>\n\n\n\n<p class=\"has-text-align-center\"><br>-30 \u2013<\/p>\n\n\n\n<p><strong>Renseignements&nbsp;:<\/strong>&nbsp;&nbsp;&nbsp;&nbsp;&nbsp;&nbsp;&nbsp;&nbsp;&nbsp;&nbsp;&nbsp;&nbsp;&nbsp;&nbsp;&nbsp;&nbsp;&nbsp;&nbsp;&nbsp;&nbsp;&nbsp;&nbsp;&nbsp;&nbsp;&nbsp;<br>Laure Voilquin<br>Directrice D\u00e9veloppement et partenariats<br>Centraide Hautes-Laurentides<br>819&nbsp;623-4090<br><a href=\"mailto:direction@centraidehl.ca\">direction@centraidehl.ca<\/a><\/p>\n\n\n\n<p><\/p>\n","protected":false},"excerpt":{"rendered":"<p>Sainte-Agathe-des-Monts, le 16 novembre 2023&nbsp; \u2013 &nbsp;&nbsp;C\u2019est sous la pr\u00e9sidence d\u2019honneur de l\u2019ensemble du Conseil de ville de Sainte-Agathe-des-Monts que se tiendra la toute nouvelle \u00e9dition de la Guignol\u00e9e des m\u00e9dias qui aura lieu le jeudi 7 d\u00e9cembre prochain. Celle-ci permettra d\u2019amasser des denr\u00e9es non p\u00e9rissables ainsi que des dons en argent afin de soutenir [&hellip;]<\/p>\n","protected":false},"author":3,"featured_media":2228,"comment_status":"closed","ping_status":"open","sticky":false,"template":"","format":"standard","meta":{"ocean_post_layout":"","ocean_both_sidebars_style":"","ocean_both_sidebars_content_width":0,"ocean_both_sidebars_sidebars_width":0,"ocean_sidebar":"","ocean_second_sidebar":"","ocean_disable_margins":"enable","ocean_add_body_class":"","ocean_shortcode_before_top_bar":"","ocean_shortcode_after_top_bar":"","ocean_shortcode_before_header":"","ocean_shortcode_after_header":"","ocean_has_shortcode":"","ocean_shortcode_after_title":"","ocean_shortcode_before_footer_widgets":"","ocean_shortcode_after_footer_widgets":"","ocean_shortcode_before_footer_bottom":"","ocean_shortcode_after_footer_bottom":"","ocean_display_top_bar":"default","ocean_display_header":"default","ocean_header_style":"","ocean_center_header_left_menu":"","ocean_custom_header_template":"","ocean_custom_logo":0,"ocean_custom_retina_logo":0,"ocean_custom_logo_max_width":0,"ocean_custom_logo_tablet_max_width":0,"ocean_custom_logo_mobile_max_width":0,"ocean_custom_logo_max_height":0,"ocean_custom_logo_tablet_max_height":0,"ocean_custom_logo_mobile_max_height":0,"ocean_header_custom_menu":"","ocean_menu_typo_font_family":"","ocean_menu_typo_font_subset":"","ocean_menu_typo_font_size":0,"ocean_menu_typo_font_size_tablet":0,"ocean_menu_typo_font_size_mobile":0,"ocean_menu_typo_font_size_unit":"px","ocean_menu_typo_font_weight":"","ocean_menu_typo_font_weight_tablet":"","ocean_menu_typo_font_weight_mobile":"","ocean_menu_typo_transform":"","ocean_menu_typo_transform_tablet":"","ocean_menu_typo_transform_mobile":"","ocean_menu_typo_line_height":0,"ocean_menu_typo_line_height_tablet":0,"ocean_menu_typo_line_height_mobile":0,"ocean_menu_typo_line_height_unit":"","ocean_menu_typo_spacing":0,"ocean_menu_typo_spacing_tablet":0,"ocean_menu_typo_spacing_mobile":0,"ocean_menu_typo_spacing_unit":"","ocean_menu_link_color":"","ocean_menu_link_color_hover":"","ocean_menu_link_color_active":"","ocean_menu_link_background":"","ocean_menu_link_hover_background":"","ocean_menu_link_active_background":"","ocean_menu_social_links_bg":"","ocean_menu_social_hover_links_bg":"","ocean_menu_social_links_color":"","ocean_menu_social_hover_links_color":"","ocean_disable_title":"default","ocean_disable_heading":"default","ocean_post_title":"","ocean_post_subheading":"","ocean_post_title_style":"","ocean_post_title_background_color":"","ocean_post_title_background":0,"ocean_post_title_bg_image_position":"","ocean_post_title_bg_image_attachment":"","ocean_post_title_bg_image_repeat":"","ocean_post_title_bg_image_size":"","ocean_post_title_height":0,"ocean_post_title_bg_overlay":0.5,"ocean_post_title_bg_overlay_color":"","ocean_disable_breadcrumbs":"default","ocean_breadcrumbs_color":"","ocean_breadcrumbs_separator_color":"","ocean_breadcrumbs_links_color":"","ocean_breadcrumbs_links_hover_color":"","ocean_display_footer_widgets":"default","ocean_display_footer_bottom":"default","ocean_custom_footer_template":"","ocean_post_oembed":"","ocean_post_self_hosted_media":"","ocean_post_video_embed":"","ocean_link_format":"","ocean_link_format_target":"self","ocean_quote_format":"","ocean_quote_format_link":"post","ocean_gallery_link_images":"off","ocean_gallery_id":[],"footnotes":""},"categories":[1],"tags":[],"class_list":["post-2223","post","type-post","status-publish","format-standard","has-post-thumbnail","hentry","category-non-classe","entry","has-media"],"_links":{"self":[{"href":"https:\/\/centraide-rcoq.ca\/hl\/wp-json\/wp\/v2\/posts\/2223","targetHints":{"allow":["GET"]}}],"collection":[{"href":"https:\/\/centraide-rcoq.ca\/hl\/wp-json\/wp\/v2\/posts"}],"about":[{"href":"https:\/\/centraide-rcoq.ca\/hl\/wp-json\/wp\/v2\/types\/post"}],"author":[{"embeddable":true,"href":"https:\/\/centraide-rcoq.ca\/hl\/wp-json\/wp\/v2\/users\/3"}],"replies":[{"embeddable":true,"href":"https:\/\/centraide-rcoq.ca\/hl\/wp-json\/wp\/v2\/comments?post=2223"}],"version-history":[{"count":7,"href":"https:\/\/centraide-rcoq.ca\/hl\/wp-json\/wp\/v2\/posts\/2223\/revisions"}],"predecessor-version":[{"id":2235,"href":"https:\/\/centraide-rcoq.ca\/hl\/wp-json\/wp\/v2\/posts\/2223\/revisions\/2235"}],"wp:featuredmedia":[{"embeddable":true,"href":"https:\/\/centraide-rcoq.ca\/hl\/wp-json\/wp\/v2\/media\/2228"}],"wp:attachment":[{"href":"https:\/\/centraide-rcoq.ca\/hl\/wp-json\/wp\/v2\/media?parent=2223"}],"wp:term":[{"taxonomy":"category","embeddable":true,"href":"https:\/\/centraide-rcoq.ca\/hl\/wp-json\/wp\/v2\/categories?post=2223"},{"taxonomy":"post_tag","embeddable":true,"href":"https:\/\/centraide-rcoq.ca\/hl\/wp-json\/wp\/v2\/tags?post=2223"}],"curies":[{"name":"wp","href":"https:\/\/api.w.org\/{rel}","templated":true}]}}