{"id":2158,"date":"2023-10-13T15:13:27","date_gmt":"2023-10-13T19:13:27","guid":{"rendered":"https:\/\/centraide-rcoq.ca\/hl\/?p=2158"},"modified":"2023-11-01T10:20:36","modified_gmt":"2023-11-01T14:20:36","slug":"centraide-hautes-laurentides-remet-416-314-a-sept-organismes-communautaires-dans-le-cadre-du-fonds-de-relance-des-services-communautaires-du-gouvernement-du-canada","status":"publish","type":"post","link":"https:\/\/centraide-rcoq.ca\/hl\/centraide-hautes-laurentides-remet-416-314-a-sept-organismes-communautaires-dans-le-cadre-du-fonds-de-relance-des-services-communautaires-du-gouvernement-du-canada\/","title":{"rendered":"Centraide Hautes-Laurentides remet 416 314 $ \u00e0 sept organismes communautaires dans le cadre du Fonds de relance des services communautaires du gouvernement du Canada"},"content":{"rendered":"\n<p><strong>Mont-Laurier, octobre 2023 &#8211; <\/strong>Aujourd\u2019hui, Centraide Hautes-Laurentides a le plaisir d\u2019annoncer un financement de 416 314 $ pour soutenir sept projets r\u00e9partis dans les municipalit\u00e9s de La Minerve, Mont-Laurier, Ste-Agathe et Val-David dans le cadre du Fonds de relance des services communautaires du gouvernement du Canada.<\/p>\n\n\n\n<p>Le Fonds de relance des services communautaires est un investissement ponctuel de 400 millions de dollars par le gouvernement du Canada qui vise \u00e0 aider les organismes communautaires (les organismes de bienfaisance, les organismes sans but lucratif et les corps dirigeants autochtones) \u00e0 s\u2019adapter, \u00e0 se moderniser et \u00e0 \u00eatre mieux outill\u00e9s pour am\u00e9liorer l\u2019efficacit\u00e9, l\u2019accessibilit\u00e9 et la durabilit\u00e9 des services qu\u2019ils offrent durant la relance apr\u00e8s la pand\u00e9mie et par la suite. Les projets suivants sont soutenus \u00e0&#8230;<\/p>\n\n\n\n<p><strong>MRC d\u2019Antoine-Labelle :<\/strong><strong><\/strong><\/p>\n\n\n\n<ul class=\"wp-block-list\">\n<li><strong>50 616 $ <\/strong>ont \u00e9t\u00e9 investis pour financer <strong>la Fiducie d\u2019Antoine-Labelle,<\/strong> projet de la CDC Hautes-Laurentides visant \u00e0 renforcer la synergie entre partenaires institutionnels, politiques et communautaires. Avec ce projet, la CDCHL adapte ses services en lien avec son travail de partenariat avec le CISSSLAU et l\u2019OMH-HL, et le maintien de groupes et r\u00e9seaux communautaires;<br><\/li>\n\n\n\n<li><strong>70&nbsp;000 $ <\/strong>ont \u00e9t\u00e9 investis pour financer <strong>La Griffe d\u2019Alpha, <\/strong>centre de d\u00e9veloppement des comp\u00e9tences, afin d\u2019Identifier, d\u00e9velopper, exp\u00e9rimenter et \u00e9valuer de nouvelles fa\u00e7ons de faire pour accompagner les entreprises dans le d\u00e9veloppement des comp\u00e9tences de leur personnel et poursuivre sa mission d\u2019alphab\u00e9tisation et de francisation aupr\u00e8s du plus grand nombre.<\/li>\n<\/ul>\n\n\n\n<p><strong>MRC des Laurentides&nbsp;:<\/strong><strong><\/strong><\/p>\n\n\n\n<ul class=\"wp-block-list\">\n<li><strong>37 428 $ <\/strong>ont \u00e9t\u00e9 investis pour financer <strong>Bouffe Laurentienne <\/strong>afin d\u2019accroitre l\u2019efficacit\u00e9 et consolider les services en s\u00e9curit\u00e9 alimentaire tout en augmentant les volumes de denr\u00e9es r\u00e9cup\u00e9r\u00e9es et offerts aux m\u00e9nages les plus vuln\u00e9rables.<br><\/li>\n\n\n\n<li><strong>85&nbsp;924 $<\/strong> ont \u00e9t\u00e9 investis pour financer <strong>Club Nature Aventure des Laurentides<\/strong> dont le projet vise \u00e0 offrir et am\u00e9nager un service de halte-garderie et d\u2019ateliers parent-enfant en for\u00eat dans le parc r\u00e9gional Val-David\/Val-Morin pour les familles de la r\u00e9gion des Hautes-Laurentides.<br><\/li>\n\n\n\n<li><strong>82 420 $<\/strong> ont \u00e9t\u00e9 investis pour financer <strong>L\u2019Atelier de l\u2019\u00cele<\/strong> en marge du d\u00e9veloppement d\u2019un service num\u00e9rique 3D et de photogravure et la formation d\u2019un technicien, visant \u00e0 r\u00e9pondre aux nouveaux besoins de la communaut\u00e9 artistique, attirer de nouveaux membres de la rel\u00e8ve et augmenter les revenus autonomes.<br><\/li>\n\n\n\n<li><strong>69 926 $<\/strong> ont \u00e9t\u00e9 investis pour financer la <strong>Maison Lyse-Beauchamp<\/strong> dans le projet <strong>Le Local<\/strong>, une suite de <strong>la Halte-Chaleur<\/strong> lanc\u00e9e l\u2019an dernier, et qui permettra d\u2019offrir un lieu de rassemblement chaleureux et s\u00e9curitaire pour la client\u00e8le-cible afin qu&rsquo;elle puisse r\u00e9apprendre \u00e0 socialiser, trouver de l&rsquo;\u00e9coute et du support.<\/li>\n<\/ul>\n\n\n\n<ul class=\"wp-block-list\">\n<li><strong>20 000 $<\/strong> ont \u00e9t\u00e9 investis pour soutenir la <strong>Maison des jeunes de La Minerve<\/strong> pour une contribution \u00e0 l\u2019achat d&rsquo;un <strong>minibus 15 passagers<\/strong> qui permettra d&rsquo;offrir un service de navette aux jeunes pour toutes les activit\u00e9s, favorisant ainsi l&rsquo;autonomie de l\u2019organisme et diminuant le co\u00fbt des transports.<\/li>\n<\/ul>\n\n\n\n<p class=\"has-text-align-center\"><strong>&#8212;&#8212;&#8212;&#8212;&#8212;&#8212;&#8212;&#8212;&#8211;<\/strong><\/p>\n\n\n\n<p>Les organismes communautaires jouent un r\u00f4le de premier plan quand il s\u2019agit de r\u00e9pondre aux besoins des communaut\u00e9s. D\u00e8s les premi\u00e8res phases de la pand\u00e9mie de COVID-19, ils ont d\u00fb composer avec une demande accrue de services, une baisse de leurs revenus, une diminution des dons en raison de la hausse du co\u00fbt de la vie et un besoin accru d\u2019utiliser les outils num\u00e9riques. Bon nombre d\u2019entre eux ont de la difficult\u00e9 \u00e0 se r\u00e9tablir et \u00e0 adapter leurs services aux besoins changeants de notre grande r\u00e9gion.<\/p>\n\n\n\n<p>\u00ab Les projets financ\u00e9s par l\u2019interm\u00e9diaire du Fonds de relance des services communautaires du gouvernement du Canada d\u00e9montrent que nous sommes une soci\u00e9t\u00e9 bienveillante et solidaire qui a \u00e0 c\u0153ur le bien-\u00eatre de tous. Il est r\u00e9confortant de voir nos citoyens faire preuve d\u2019empathie et de compassion en venant en aide aux personnes dans le besoin. Des projets comme ceux mentionn\u00e9s t\u00e9moignent du pouvoir de notre action collective et de notre capacit\u00e9 \u00e0 nous unir pour contribuer au mieux-\u00eatre dans le monde. Je suis convaincue qu\u2019ensemble, nous pouvons grandement am\u00e9liorer la vie des personnes de La Minerve, Mont-Laurier, Ste-Agathe et Val-David. \u00bb<br>&nbsp;\u2013 La ministre de la Famille, des Enfants et du D\u00e9veloppement social, Jenna Sudds <br><br>Pour en savoir plus, visitez le site Web du <a href=\"https:\/\/fr.communityservicesrecoveryfund.ca\/\">Fonds de relance des services communautaires<\/a>. Pour obtenir plus de renseignements sur Centraide HL, vous pouvez visiter notre <a href=\"https:\/\/centraide-rcoq.ca\/hl\/\">site Web<\/a> ou communiquer avec nous au 819&nbsp;623-4090.<\/p>\n\n\n\n<p><strong>Faits en bref :<\/strong><\/p>\n\n\n\n<p><strong>\u2022 <\/strong>&nbsp;&nbsp;&nbsp;&nbsp;&nbsp;&nbsp;&nbsp;&nbsp;&nbsp;&nbsp;&nbsp; Le Fonds de relance des services communautaires est un investissement ponctuel de 400 millions de dollars du gouvernement du Canada qui vise \u00e0 aider les organismes communautaires, y compris les organismes de bienfaisance, les organismes sans but lucratif et les corps dirigeants autochtones, \u00e0 s\u2019adapter pendant la relance apr\u00e8s la pand\u00e9mie.<\/p>\n\n\n\n<p>\u2022 &nbsp;&nbsp;&nbsp;&nbsp;&nbsp;&nbsp;&nbsp;&nbsp; Aujourd\u2019hui, plus que jamais, les organismes communautaires jouent un r\u00f4le cl\u00e9 pour offrir des solutions aux probl\u00e8mes sociaux complexes auxquels sont confront\u00e9es de nombreuses communaut\u00e9s partout au Canada.Depuis le d\u00e9but de la pand\u00e9mie de COVID-19, les organismes communautaires partout au Canada font preuve d\u2019une pers\u00e9v\u00e9rance et d\u2019une cr\u00e9ativit\u00e9 impressionnantes pour r\u00e9pondre aux divers besoins de plus en plus exigeants de leurs communaut\u00e9s.&nbsp;<\/p>\n\n\n\n<ul class=\"wp-block-list\">\n<li>Le Fonds de relance des services communautaires r\u00e9pond aux besoins actuels des organismes communautaires et les aide \u00e0 s\u2019adapter aux effets \u00e0 long terme de la pand\u00e9mie.<br><\/li>\n\n\n\n<li>Alors que les organismes communautaires partout au Canada s\u2019efforcent de soutenir la relance de leur communaut\u00e9, le FRSC les aidera \u00e0 s\u2019adapter et \u00e0 moderniser leurs activit\u00e9s afin d\u2019accro\u00eetre leur impact.<br><\/li>\n\n\n\n<li>Le gouvernement du Canada fournit le FRSC par l\u2019entremise de trois financeurs nationaux (la Croix-Rouge canadienne, Fondations communautaires du Canada et Centraide Canada). Les financeurs distribuent des fonds aux organismes communautaires admissibles, y compris les organismes de bienfaisance, les organismes sans but lucratif et les corps dirigeants autochtones, qui offrent des services dans les communaut\u00e9s d\u2019un bout \u00e0 l\u2019autre du Canada.<\/li>\n<\/ul>\n\n\n\n<p>Le gouvernement du Canada appuie un mod\u00e8le de croissance \u00e9conomique plus inclusif, qui cr\u00e9e des possibilit\u00e9s pour tout le monde au Canada, alors que se poursuit la relance \u00e0 long terme du Canada apr\u00e8s la pand\u00e9mie de COVID-19.<\/p>\n\n\n\n<p><strong>Liens connexes<br><\/strong><a href=\"https:\/\/fr.communityservicesrecoveryfund.ca\/\">Site Web du Fonds de relance des services communautaires<\/a><br><a href=\"https:\/\/www.canada.ca\/fr\/emploi-developpement-social\/programmes\/partenariats-developpement-social\/fonds-relance-services-communautaires.html\">\u00c0 propos du Fonds de relance des services communautaires (EDSC)<\/a><\/p>\n\n\n\n<figure class=\"wp-block-image size-full\"><img fetchpriority=\"high\" decoding=\"async\" width=\"954\" height=\"147\" src=\"https:\/\/centraide-rcoq.ca\/hl\/wp-content\/uploads\/sites\/13\/2023\/10\/Bandeau-Finance-par-FRSC.png\" alt=\"\" class=\"wp-image-2171\" srcset=\"https:\/\/centraide-rcoq.ca\/hl\/wp-content\/uploads\/sites\/13\/2023\/10\/Bandeau-Finance-par-FRSC.png 954w, https:\/\/centraide-rcoq.ca\/hl\/wp-content\/uploads\/sites\/13\/2023\/10\/Bandeau-Finance-par-FRSC-300x46.png 300w, https:\/\/centraide-rcoq.ca\/hl\/wp-content\/uploads\/sites\/13\/2023\/10\/Bandeau-Finance-par-FRSC-768x118.png 768w\" sizes=\"(max-width: 954px) 100vw, 954px\" \/><\/figure>\n\n\n\n<h5 class=\"wp-block-heading\">Pour renseignements aux m\u00e9dias, veuillez communiquer avec :<br>Sylvain Rheault<br>Directeur principal &#8211; communications<br><a rel=\"noreferrer noopener\" href=\"mailto:srheault@centraide-rcoq.ca\" target=\"_blank\">srheault@centraide-rcoq.ca<\/a><br><a rel=\"noreferrer noopener\" href=\"tel:1819699-5838\" target=\"_blank\">819 699-5838<\/a><\/h5>\n","protected":false},"excerpt":{"rendered":"<p>Mont-Laurier, octobre 2023 &#8211; Aujourd\u2019hui, Centraide Hautes-Laurentides a le plaisir d\u2019annoncer un financement de 416 314 $ pour soutenir sept projets r\u00e9partis dans les municipalit\u00e9s de La Minerve, Mont-Laurier, Ste-Agathe et Val-David dans le cadre du Fonds de relance des services communautaires du gouvernement du Canada. Le Fonds de relance des services communautaires est un [&hellip;]<\/p>\n","protected":false},"author":3,"featured_media":2170,"comment_status":"closed","ping_status":"open","sticky":false,"template":"","format":"standard","meta":{"ocean_post_layout":"","ocean_both_sidebars_style":"","ocean_both_sidebars_content_width":0,"ocean_both_sidebars_sidebars_width":0,"ocean_sidebar":"","ocean_second_sidebar":"","ocean_disable_margins":"enable","ocean_add_body_class":"","ocean_shortcode_before_top_bar":"","ocean_shortcode_after_top_bar":"","ocean_shortcode_before_header":"","ocean_shortcode_after_header":"","ocean_has_shortcode":"","ocean_shortcode_after_title":"","ocean_shortcode_before_footer_widgets":"","ocean_shortcode_after_footer_widgets":"","ocean_shortcode_before_footer_bottom":"","ocean_shortcode_after_footer_bottom":"","ocean_display_top_bar":"default","ocean_display_header":"default","ocean_header_style":"","ocean_center_header_left_menu":"","ocean_custom_header_template":"","ocean_custom_logo":0,"ocean_custom_retina_logo":0,"ocean_custom_logo_max_width":0,"ocean_custom_logo_tablet_max_width":0,"ocean_custom_logo_mobile_max_width":0,"ocean_custom_logo_max_height":0,"ocean_custom_logo_tablet_max_height":0,"ocean_custom_logo_mobile_max_height":0,"ocean_header_custom_menu":"","ocean_menu_typo_font_family":"","ocean_menu_typo_font_subset":"","ocean_menu_typo_font_size":0,"ocean_menu_typo_font_size_tablet":0,"ocean_menu_typo_font_size_mobile":0,"ocean_menu_typo_font_size_unit":"px","ocean_menu_typo_font_weight":"","ocean_menu_typo_font_weight_tablet":"","ocean_menu_typo_font_weight_mobile":"","ocean_menu_typo_transform":"","ocean_menu_typo_transform_tablet":"","ocean_menu_typo_transform_mobile":"","ocean_menu_typo_line_height":0,"ocean_menu_typo_line_height_tablet":0,"ocean_menu_typo_line_height_mobile":0,"ocean_menu_typo_line_height_unit":"","ocean_menu_typo_spacing":0,"ocean_menu_typo_spacing_tablet":0,"ocean_menu_typo_spacing_mobile":0,"ocean_menu_typo_spacing_unit":"","ocean_menu_link_color":"","ocean_menu_link_color_hover":"","ocean_menu_link_color_active":"","ocean_menu_link_background":"","ocean_menu_link_hover_background":"","ocean_menu_link_active_background":"","ocean_menu_social_links_bg":"","ocean_menu_social_hover_links_bg":"","ocean_menu_social_links_color":"","ocean_menu_social_hover_links_color":"","ocean_disable_title":"default","ocean_disable_heading":"default","ocean_post_title":"","ocean_post_subheading":"","ocean_post_title_style":"","ocean_post_title_background_color":"","ocean_post_title_background":0,"ocean_post_title_bg_image_position":"","ocean_post_title_bg_image_attachment":"","ocean_post_title_bg_image_repeat":"","ocean_post_title_bg_image_size":"","ocean_post_title_height":0,"ocean_post_title_bg_overlay":0.5,"ocean_post_title_bg_overlay_color":"","ocean_disable_breadcrumbs":"default","ocean_breadcrumbs_color":"","ocean_breadcrumbs_separator_color":"","ocean_breadcrumbs_links_color":"","ocean_breadcrumbs_links_hover_color":"","ocean_display_footer_widgets":"default","ocean_display_footer_bottom":"default","ocean_custom_footer_template":"","ocean_post_oembed":"","ocean_post_self_hosted_media":"","ocean_post_video_embed":"","ocean_link_format":"","ocean_link_format_target":"self","ocean_quote_format":"","ocean_quote_format_link":"post","ocean_gallery_link_images":"on","ocean_gallery_id":[2171],"footnotes":""},"categories":[1],"tags":[],"class_list":["post-2158","post","type-post","status-publish","format-standard","has-post-thumbnail","hentry","category-non-classe","entry","has-media"],"_links":{"self":[{"href":"https:\/\/centraide-rcoq.ca\/hl\/wp-json\/wp\/v2\/posts\/2158","targetHints":{"allow":["GET"]}}],"collection":[{"href":"https:\/\/centraide-rcoq.ca\/hl\/wp-json\/wp\/v2\/posts"}],"about":[{"href":"https:\/\/centraide-rcoq.ca\/hl\/wp-json\/wp\/v2\/types\/post"}],"author":[{"embeddable":true,"href":"https:\/\/centraide-rcoq.ca\/hl\/wp-json\/wp\/v2\/users\/3"}],"replies":[{"embeddable":true,"href":"https:\/\/centraide-rcoq.ca\/hl\/wp-json\/wp\/v2\/comments?post=2158"}],"version-history":[{"count":9,"href":"https:\/\/centraide-rcoq.ca\/hl\/wp-json\/wp\/v2\/posts\/2158\/revisions"}],"predecessor-version":[{"id":2173,"href":"https:\/\/centraide-rcoq.ca\/hl\/wp-json\/wp\/v2\/posts\/2158\/revisions\/2173"}],"wp:featuredmedia":[{"embeddable":true,"href":"https:\/\/centraide-rcoq.ca\/hl\/wp-json\/wp\/v2\/media\/2170"}],"wp:attachment":[{"href":"https:\/\/centraide-rcoq.ca\/hl\/wp-json\/wp\/v2\/media?parent=2158"}],"wp:term":[{"taxonomy":"category","embeddable":true,"href":"https:\/\/centraide-rcoq.ca\/hl\/wp-json\/wp\/v2\/categories?post=2158"},{"taxonomy":"post_tag","embeddable":true,"href":"https:\/\/centraide-rcoq.ca\/hl\/wp-json\/wp\/v2\/tags?post=2158"}],"curies":[{"name":"wp","href":"https:\/\/api.w.org\/{rel}","templated":true}]}}