{"id":2153,"date":"2023-09-26T15:56:49","date_gmt":"2023-09-26T19:56:49","guid":{"rendered":"https:\/\/centraide-rcoq.ca\/hl\/?p=2153"},"modified":"2023-09-26T15:56:49","modified_gmt":"2023-09-26T19:56:49","slug":"centraide-hautes-laurentides-lance-sa-nouvelle-campagne-de-financement","status":"publish","type":"post","link":"https:\/\/centraide-rcoq.ca\/hl\/centraide-hautes-laurentides-lance-sa-nouvelle-campagne-de-financement\/","title":{"rendered":"CENTRAIDE HAUTES-LAURENTIDES LANCE SA NOUVELLE CAMPAGNE DE FINANCEMENT"},"content":{"rendered":"\n<p><strong>Hautes-Laurentides, septembre 2023 &#8211; <\/strong>Centraide Hautes-Laurentides vient de mettre en branle sa nouvelle campagne de financement qui prendra forme par le biais des actions initi\u00e9es dans les diff\u00e9rents milieux de travail ainsi que par les nombreuses activit\u00e9s de sensibilisation qui auront lieu au cours des prochains mois.<\/p>\n\n\n\n<p>Les enjeux sociaux sont nombreux dans notre r\u00e9gion et de plus en plus de personnes sont touch\u00e9es par la pauvret\u00e9 et l\u2019exclusion sociale. Cette campagne annuelle de financement rev\u00eat donc une importance capitale, car l\u2019argent recueilli chez nous est r\u00e9investi chez nous.<\/p>\n\n\n\n<p>L&rsquo;\u00e9quation est simple\u00a0: 1 personne sur 5 re\u00e7oit l&rsquo;aide de Centraide, 5 personnes sur 5 en b\u00e9n\u00e9ficient. Plus on donne, plus on aide, plus nos villes et communaut\u00e9s se portent mieux. Au final, nous sommes tous gagnants.<\/p>\n\n\n\n<p>Laure Voilquin, directrice D\u00e9veloppement et partenariats \u00e0 Centraide Hautes-Laurentides, a cit\u00e9 l\u2019exemple du privil\u00e8ge que nous avons \u00ab de vivre dans un milieu particuli\u00e8rement attrayant o\u00f9 la vill\u00e9giature et les activit\u00e9s de loisirs et de plein air font partie int\u00e9grante de la dynamique de notre collectivit\u00e9. Les organismes communautaires font aussi partie int\u00e9grante de cette dynamique pour accompagner les plus vuln\u00e9rables dans des changements durables sur leur parcours de vie. C\u2019est ce qu\u2019on appelle, la transformation sociale. \u00bb <\/p>\n\n\n\n<p>\u00ab Centraide y travaille jour apr\u00e8s jour pour que chacun puisse vivre d\u00e9cemment au sein d\u2019une communaut\u00e9 plus inclusive et plus juste. En contribuant \u00e0 Centraide, vous nous donnez les moyens de renforcer notre r\u00f4le d\u2019agent de changement, ici, localement \u00bb a-t-elle conclu.<\/p>\n\n\n\n<p><strong>Quand le logement hypoth\u00e8que la qualit\u00e9 de vie<\/strong><\/p>\n\n\n\n<p>Un des enjeux tr\u00e8s importants cette ann\u00e9e, c\u2019est le logement. Nous l\u2019entendons quotidiennement dans les m\u00e9dias, des familles de chez nous se d\u00e9m\u00e8nent jour apr\u00e8s jour pour trouver un toit r\u00e9pondant \u00e0 leurs besoins. Ces familles vivent un stress constant, ne sachant pas si elles arriveront \u00e0 se loger sans avoir \u00e0 choisir entre se nourrir, payer les frais de garde de leurs enfants ou d\u2019autres services essentiels.<\/p>\n\n\n\n<p>Chaque jour, nous sommes t\u00e9moins des cons\u00e9quences dramatiques de cette r\u00e9alit\u00e9. Des petits \u00e9coliers arrivent \u00e0 l&rsquo;\u00e9cole le ventre vide, incapables de se concentrer. Des parents \u00e9puis\u00e9s jonglent avec plusieurs emplois pour joindre les deux bouts. Des personnes \u00e0 mobilit\u00e9 r\u00e9duite sont isol\u00e9es dans leur logement par manque d\u2019accessibilit\u00e9.<\/p>\n\n\n\n<p>Donner \u00e0 Centraide permet d\u2019agir sur les multiples r\u00e9percussions de cette crise. Un r\u00e9seau d\u2019organismes communautaires intervient dans un large \u00e9ventail d\u2019actions et de projets en lien avec la pauvret\u00e9 et l\u2019exclusion sociale. Le logement, l\u2019alimentation, l&rsquo;\u00e9ducation et l\u2019inclusion sont tous interreli\u00e9s et ont un impact significatif sur la sant\u00e9 des personnes et des communaut\u00e9s.<\/p>\n\n\n<div class=\"wp-block-image\">\n<figure class=\"aligncenter size-full is-resized\"><img fetchpriority=\"high\" decoding=\"async\" src=\"https:\/\/centraide-rcoq.ca\/hl\/wp-content\/uploads\/sites\/13\/2023\/09\/23_Centraide_Affiche_Logement_Quartier_85x11_FR_500.jpg\" alt=\"\" class=\"wp-image-2155\" width=\"375\" height=\"485\" srcset=\"https:\/\/centraide-rcoq.ca\/hl\/wp-content\/uploads\/sites\/13\/2023\/09\/23_Centraide_Affiche_Logement_Quartier_85x11_FR_500.jpg 500w, https:\/\/centraide-rcoq.ca\/hl\/wp-content\/uploads\/sites\/13\/2023\/09\/23_Centraide_Affiche_Logement_Quartier_85x11_FR_500-232x300.jpg 232w\" sizes=\"(max-width: 375px) 100vw, 375px\" \/><\/figure>\n<\/div>\n\n\n<p><strong>Comment contribuer ?<\/strong><\/p>\n\n\n\n<p>Les dirigeants d\u2019entreprises et d\u2019organisations, de m\u00eame que l\u2019ensemble des municipalit\u00e9s des Hautes-Laurentides sont invit\u00e9s \u00e0 se joindre au mouvement de solidarit\u00e9 en organisant une campagne aupr\u00e8s de leur personnel et en l\u2019appuyant d\u2019un don corporatif. Il est \u00e9galement possible de contribuer individuellement. Pour en apprendre davantage sur les possibilit\u00e9s qui s\u2019offrent \u00e0 vous ou pour contribuer <strong>d\u00e8s maintenant<\/strong>, visitez <a href=\"http:\/\/www.maregioncentraide.com\/\" target=\"_blank\" rel=\"noreferrer noopener\">Ma r\u00e9gion Centraide<\/a>.<\/p>\n\n\n\n<p class=\"has-text-align-center\">-30-<\/p>\n","protected":false},"excerpt":{"rendered":"<p>Hautes-Laurentides, septembre 2023 &#8211; Centraide Hautes-Laurentides vient de mettre en branle sa nouvelle campagne de financement qui prendra forme par le biais des actions initi\u00e9es dans les diff\u00e9rents milieux de travail ainsi que par les nombreuses activit\u00e9s de sensibilisation qui auront lieu au cours des prochains mois. Les enjeux sociaux sont nombreux dans notre r\u00e9gion [&hellip;]<\/p>\n","protected":false},"author":3,"featured_media":1791,"comment_status":"closed","ping_status":"open","sticky":false,"template":"","format":"standard","meta":{"ocean_post_layout":"","ocean_both_sidebars_style":"","ocean_both_sidebars_content_width":0,"ocean_both_sidebars_sidebars_width":0,"ocean_sidebar":"","ocean_second_sidebar":"","ocean_disable_margins":"enable","ocean_add_body_class":"","ocean_shortcode_before_top_bar":"","ocean_shortcode_after_top_bar":"","ocean_shortcode_before_header":"","ocean_shortcode_after_header":"","ocean_has_shortcode":"","ocean_shortcode_after_title":"","ocean_shortcode_before_footer_widgets":"","ocean_shortcode_after_footer_widgets":"","ocean_shortcode_before_footer_bottom":"","ocean_shortcode_after_footer_bottom":"","ocean_display_top_bar":"default","ocean_display_header":"default","ocean_header_style":"","ocean_center_header_left_menu":"","ocean_custom_header_template":"","ocean_custom_logo":0,"ocean_custom_retina_logo":0,"ocean_custom_logo_max_width":0,"ocean_custom_logo_tablet_max_width":0,"ocean_custom_logo_mobile_max_width":0,"ocean_custom_logo_max_height":0,"ocean_custom_logo_tablet_max_height":0,"ocean_custom_logo_mobile_max_height":0,"ocean_header_custom_menu":"","ocean_menu_typo_font_family":"","ocean_menu_typo_font_subset":"","ocean_menu_typo_font_size":0,"ocean_menu_typo_font_size_tablet":0,"ocean_menu_typo_font_size_mobile":0,"ocean_menu_typo_font_size_unit":"px","ocean_menu_typo_font_weight":"","ocean_menu_typo_font_weight_tablet":"","ocean_menu_typo_font_weight_mobile":"","ocean_menu_typo_transform":"","ocean_menu_typo_transform_tablet":"","ocean_menu_typo_transform_mobile":"","ocean_menu_typo_line_height":0,"ocean_menu_typo_line_height_tablet":0,"ocean_menu_typo_line_height_mobile":0,"ocean_menu_typo_line_height_unit":"","ocean_menu_typo_spacing":0,"ocean_menu_typo_spacing_tablet":0,"ocean_menu_typo_spacing_mobile":0,"ocean_menu_typo_spacing_unit":"","ocean_menu_link_color":"","ocean_menu_link_color_hover":"","ocean_menu_link_color_active":"","ocean_menu_link_background":"","ocean_menu_link_hover_background":"","ocean_menu_link_active_background":"","ocean_menu_social_links_bg":"","ocean_menu_social_hover_links_bg":"","ocean_menu_social_links_color":"","ocean_menu_social_hover_links_color":"","ocean_disable_title":"default","ocean_disable_heading":"default","ocean_post_title":"","ocean_post_subheading":"","ocean_post_title_style":"","ocean_post_title_background_color":"","ocean_post_title_background":0,"ocean_post_title_bg_image_position":"","ocean_post_title_bg_image_attachment":"","ocean_post_title_bg_image_repeat":"","ocean_post_title_bg_image_size":"","ocean_post_title_height":0,"ocean_post_title_bg_overlay":0.5,"ocean_post_title_bg_overlay_color":"","ocean_disable_breadcrumbs":"default","ocean_breadcrumbs_color":"","ocean_breadcrumbs_separator_color":"","ocean_breadcrumbs_links_color":"","ocean_breadcrumbs_links_hover_color":"","ocean_display_footer_widgets":"default","ocean_display_footer_bottom":"default","ocean_custom_footer_template":"","ocean_post_oembed":"","ocean_post_self_hosted_media":"","ocean_post_video_embed":"","ocean_link_format":"","ocean_link_format_target":"self","ocean_quote_format":"","ocean_quote_format_link":"post","ocean_gallery_link_images":"off","ocean_gallery_id":[],"footnotes":""},"categories":[1],"tags":[],"class_list":["post-2153","post","type-post","status-publish","format-standard","has-post-thumbnail","hentry","category-non-classe","entry","has-media"],"_links":{"self":[{"href":"https:\/\/centraide-rcoq.ca\/hl\/wp-json\/wp\/v2\/posts\/2153","targetHints":{"allow":["GET"]}}],"collection":[{"href":"https:\/\/centraide-rcoq.ca\/hl\/wp-json\/wp\/v2\/posts"}],"about":[{"href":"https:\/\/centraide-rcoq.ca\/hl\/wp-json\/wp\/v2\/types\/post"}],"author":[{"embeddable":true,"href":"https:\/\/centraide-rcoq.ca\/hl\/wp-json\/wp\/v2\/users\/3"}],"replies":[{"embeddable":true,"href":"https:\/\/centraide-rcoq.ca\/hl\/wp-json\/wp\/v2\/comments?post=2153"}],"version-history":[{"count":2,"href":"https:\/\/centraide-rcoq.ca\/hl\/wp-json\/wp\/v2\/posts\/2153\/revisions"}],"predecessor-version":[{"id":2156,"href":"https:\/\/centraide-rcoq.ca\/hl\/wp-json\/wp\/v2\/posts\/2153\/revisions\/2156"}],"wp:featuredmedia":[{"embeddable":true,"href":"https:\/\/centraide-rcoq.ca\/hl\/wp-json\/wp\/v2\/media\/1791"}],"wp:attachment":[{"href":"https:\/\/centraide-rcoq.ca\/hl\/wp-json\/wp\/v2\/media?parent=2153"}],"wp:term":[{"taxonomy":"category","embeddable":true,"href":"https:\/\/centraide-rcoq.ca\/hl\/wp-json\/wp\/v2\/categories?post=2153"},{"taxonomy":"post_tag","embeddable":true,"href":"https:\/\/centraide-rcoq.ca\/hl\/wp-json\/wp\/v2\/tags?post=2153"}],"curies":[{"name":"wp","href":"https:\/\/api.w.org\/{rel}","templated":true}]}}