{"id":1795,"date":"2022-11-15T13:26:44","date_gmt":"2022-11-15T18:26:44","guid":{"rendered":"https:\/\/centraide-rcoq.ca\/hl\/?p=1795"},"modified":"2022-11-16T16:03:10","modified_gmt":"2022-11-16T21:03:10","slug":"la-guignolee-des-medias-de-la-mrc-dantoine-labelle-est-plus-pertinente-que-jamais","status":"publish","type":"post","link":"https:\/\/centraide-rcoq.ca\/hl\/la-guignolee-des-medias-de-la-mrc-dantoine-labelle-est-plus-pertinente-que-jamais\/","title":{"rendered":"La Guignol\u00e9e des M\u00e9dias de la MRC d&rsquo;Antoine-Labelle est plus pertinente que jamais"},"content":{"rendered":"\n<p><strong>Mont-Laurier, le 15 novembre 2022 \u2013 <\/strong>C\u2019est dans un contexte \u00e9conomique difficile pour de nombreuses personnes de la r\u00e9gion que le retour de la Guignol\u00e9e des m\u00e9dias a \u00e9t\u00e9 annonc\u00e9e pour le secteur de la MRC d\u2019Antoine-Labelle. L\u2019activit\u00e9 visant \u00e0 amasser des fonds et des denr\u00e9es non p\u00e9rissables pour Moisson Laurentides et Centraide Hautes-Laurentides aura lieu le 1<sup>er<\/sup> d\u00e9cembre prochain sous la copr\u00e9sidence de l\u2019entrepreneure en communication et consultante Julie Auger et de Martin Cl\u00e9ment, propri\u00e9taire de Lebeau Vitres d\u2019auto et pr\u00e9sident de la Chambre de commerce de Mont-Laurier.<\/p>\n\n\n\n<p>Des barrages routiers seront en action aux intersections habituelles alors que les automobilistes auront la possibilit\u00e9 de donner un montant d\u2019argent sous forme traditionnelle, mais aussi, selon l\u2019emplacement, via la technologie tiptap qui permet des transactions sans contact. Cette m\u00e9thode de paiement sera aussi disponible aupr\u00e8s des deux copr\u00e9sidents lors de leur tourn\u00e9e des commer\u00e7ants.<\/p>\n\n\n\n<p>Il sera toujours possible de souscrire \u00e0 la collecte par texto au 30333 avec le mot clef NOURRIR ou en donnant en ligne \u00e0 l\u2019aide d\u2019un code QR. Bref, tout a \u00e9t\u00e9 mis en place pour vous permettre de donner et soutenir la population de la fa\u00e7on la plus facile et s\u00e9curitaire qui soit.<\/p>\n\n\n\n<p>Questionn\u00e9s sur leur motivation \u00e0 participer \u00e0 cette importante activit\u00e9, les deux copr\u00e9sidents ont mentionn\u00e9 la m\u00eame cible&nbsp;: l\u2019aide aux personnes vuln\u00e9rables.<\/p>\n\n\n\n<p>\u00ab Pourquoi je m\u2019implique aupr\u00e8s de la guignol\u00e9e ? C\u2019est simple, c\u2019est pour les gens! Je m\u2019implique pour les organismes et leurs travailleurs qui font tous une r\u00e9elle diff\u00e9rence. Je m\u2019implique pour tous ceux et celles qui sont, seront ou ont \u00e9t\u00e9 aid\u00e9s par les banques alimentaires de notre r\u00e9gion. Je m\u2019implique pour que toutes les personnes&nbsp;vuln\u00e9rables re\u00e7oivent l\u2019aide dont ils ont besoin. \u00bb a mentionn\u00e9 Julie Auger.<\/p>\n\n\n\n<p>Pour sa part, Martin Cl\u00e9ment a dit vraiment croire \u00ab \u00e0 l\u2019impact que peut avoir la guignol\u00e9e, puisqu\u2019ensemble nous allons toujours plus loin.&nbsp;Nous sommes tous touch\u00e9s de pr\u00e8s ou de loin, alors unissons-nous pour faire une diff\u00e9rence. C\u2019est un petit geste de bienveillance pour les gens dans le besoin. \u00bb<\/p>\n\n\n\n<p>De son c\u00f4t\u00e9, Annie B\u00e9langer, directrice g\u00e9n\u00e9rale de Moisson Laurentides, a rappel\u00e9 que \u00ab personne n\u2019est \u00e0 l\u2019abri d\u2019une situation difficile alors que les r\u00e9sultats du bilan faim montre une augmentation de 14 % du nombre de personnes aid\u00e9es depuis l\u2019an dernier.&nbsp; De ce nombre 28,3 % sont des enfants. 14,8 % sont des familles monoparentales et 12,8 occupent un emploi. Avec les hausses successives du co\u00fbt de la vie et une possible r\u00e9cession, nous devons \u00eatre conscients que le pire est encore \u00e0 venir. Comme banque alimentaire, Moisson Laurentides et les organismes qu\u2019elle dessert doivent avoir les ressources n\u00e9cessaires pour r\u00e9aliser leur mission et soutenir les personnes vuln\u00e9rables et plus d\u00e9munies. Si vous le pouvez, soyez nombreux \u00e0 donner le 1er d\u00e9cembre prochain. \u00bb<\/p>\n\n\n\n<p>Laure Voilquin, directrice r\u00e9gionale de Centraide Hautes-Laurentides, a conclu en rappelant que \u00ab des enjeux sociaux pr\u00e9valent dans la r\u00e9gion, alors qu\u2019une partie de la population demeure aux prises avec des difficult\u00e9s de logement ou doit composer avec la hausse du co\u00fbt de la vie qui gruge une part importante de ses revenus. Ceci fragilise consid\u00e9rablement les personnes et les familles en situation de vuln\u00e9rabilit\u00e9, notamment en termes de s\u00e9curit\u00e9 alimentaire \u00bb.<\/p>\n\n\n\n<figure class=\"wp-block-image size-large\"><img fetchpriority=\"high\" decoding=\"async\" width=\"1024\" height=\"768\" src=\"https:\/\/centraide-rcoq.ca\/hl\/wp-content\/uploads\/sites\/13\/2022\/11\/Conf-presse-AL-2022-1-1024x768.jpg\" alt=\"\" class=\"wp-image-1799\" srcset=\"https:\/\/centraide-rcoq.ca\/hl\/wp-content\/uploads\/sites\/13\/2022\/11\/Conf-presse-AL-2022-1-1024x768.jpg 1024w, https:\/\/centraide-rcoq.ca\/hl\/wp-content\/uploads\/sites\/13\/2022\/11\/Conf-presse-AL-2022-1-300x225.jpg 300w, https:\/\/centraide-rcoq.ca\/hl\/wp-content\/uploads\/sites\/13\/2022\/11\/Conf-presse-AL-2022-1-768x576.jpg 768w, https:\/\/centraide-rcoq.ca\/hl\/wp-content\/uploads\/sites\/13\/2022\/11\/Conf-presse-AL-2022-1-1536x1152.jpg 1536w, https:\/\/centraide-rcoq.ca\/hl\/wp-content\/uploads\/sites\/13\/2022\/11\/Conf-presse-AL-2022-1.jpg 2048w\" sizes=\"(max-width: 1024px) 100vw, 1024px\" \/><figcaption>Une partie de la grande \u00e9quipe qui sera \u00e0 l&rsquo;oeuvre le 1e d\u00e9cembre 2022 dans Antoine-Labelle<\/figcaption><\/figure>\n\n\n\n<p><strong><strong>Les deux copr\u00e9sidents seront en mouvement toute la journ\u00e9e<\/strong><\/strong><\/p>\n\n\n\n<p>Julie Auger et Martin Cl\u00e9ment seront actifs tout au long de la journ\u00e9e alors qu\u2019ils se partageront l\u2019agr\u00e9able t\u00e2che d\u2019aller rencontrer les commer\u00e7ants pour recevoir leur don. Ils seront accompagn\u00e9s de repr\u00e9sentants des m\u00e9dias \u00e0 bord des v\u00e9hicules promotionnels de la radio CFLO et du journal L\u2019Info de la Li\u00e8vre.<\/p>\n\n\n\n<p>Il va sans dire que les organisateurs de cette importante collecte de fonds dans la MRC d\u2019Antoine-Labelle tiennent \u00e0 souligner l\u2019indispensable participation des nombreux b\u00e9n\u00e9voles, donateurs, commer\u00e7ants participants, commanditaires et m\u00e9dias pour leur participation exceptionnelle.<br><\/p>\n\n\n<div class=\"wp-block-image\">\n<figure class=\"aligncenter size-large is-resized\"><img decoding=\"async\" src=\"https:\/\/centraide-rcoq.ca\/hl\/wp-content\/uploads\/sites\/13\/2022\/11\/Affiche-Guignolee-Antoine-Labelle_11x17_2022-663x1024.jpg\" alt=\"\" class=\"wp-image-1796\" width=\"497\" height=\"768\" srcset=\"https:\/\/centraide-rcoq.ca\/hl\/wp-content\/uploads\/sites\/13\/2022\/11\/Affiche-Guignolee-Antoine-Labelle_11x17_2022-663x1024.jpg 663w, https:\/\/centraide-rcoq.ca\/hl\/wp-content\/uploads\/sites\/13\/2022\/11\/Affiche-Guignolee-Antoine-Labelle_11x17_2022-194x300.jpg 194w, https:\/\/centraide-rcoq.ca\/hl\/wp-content\/uploads\/sites\/13\/2022\/11\/Affiche-Guignolee-Antoine-Labelle_11x17_2022-768x1187.jpg 768w, https:\/\/centraide-rcoq.ca\/hl\/wp-content\/uploads\/sites\/13\/2022\/11\/Affiche-Guignolee-Antoine-Labelle_11x17_2022-994x1536.jpg 994w, https:\/\/centraide-rcoq.ca\/hl\/wp-content\/uploads\/sites\/13\/2022\/11\/Affiche-Guignolee-Antoine-Labelle_11x17_2022.jpg 1100w\" sizes=\"(max-width: 497px) 100vw, 497px\" \/><\/figure>\n<\/div>\n\n\n<p class=\"has-text-align-left has-large-font-size\"><strong>Un merci tout sp\u00e9cial \u00e0 nos alli\u00e9s<\/strong><\/p>\n\n\n\n<p class=\"has-text-align-left\">Ambulances Bouchard, BNC Mont-Laurier, Caisse Desjardins Mont-Laurier, le C\u0153ur immacul\u00e9 de Marie (Gestion C.I.M.), Les Chevaliers de Colomb, Zone-Emploi Antoine-Labelle, Ville de Mont-Laurier, Centre d\u2019action b\u00e9n\u00e9vole L\u00e9onie B\u00e9langer, Table de concertation en S\u00e9curit\u00e9 Alimentaire de la MRC d\u2019Antoine-Labelle, Maison Lyse-Beauchamp, les \u00e9l\u00e8ves en soins pr\u00e9hospitaliers du Cegep de Mont-Laurier, les pompiers de la Ville de Mont-Laurier, Action b\u00e9n\u00e9vole de la Rouge, Manne du Jour, Centre communautaire de Ferme-Neuve, Centre de femmes Sign\u00e9e Femme, March\u00e9 Tradition D. G\u00e9nereux de Nominingue, IGA March\u00e9 Raymond Rivi\u00e8re-Rouge, Tigre G\u00e9ant Rivi\u00e8re Rouge, M\u00e9tro Saumure Mont-Laurier, bureau de la d\u00e9put\u00e9e Chantale Jeannotte, bureau de la d\u00e9put\u00e9e Marie-H\u00e9l\u00e8ne Gaudreau, Tim Hortons, Distribution Falardeau, Lumison.<\/p>\n\n\n\n<div class=\"wp-block-columns is-layout-flex wp-container-core-columns-is-layout-9d6595d7 wp-block-columns-is-layout-flex\">\n<div class=\"wp-block-column is-layout-flow wp-block-column-is-layout-flow\">\n<p><\/p>\n<\/div>\n<\/div>\n","protected":false},"excerpt":{"rendered":"<p>Mont-Laurier, le 15 novembre 2022 \u2013 C\u2019est dans un contexte \u00e9conomique difficile pour de nombreuses personnes de la r\u00e9gion que le retour de la Guignol\u00e9e des m\u00e9dias a \u00e9t\u00e9 annonc\u00e9e pour le secteur de la MRC d\u2019Antoine-Labelle. L\u2019activit\u00e9 visant \u00e0 amasser des fonds et des denr\u00e9es non p\u00e9rissables pour Moisson Laurentides et Centraide Hautes-Laurentides aura [&hellip;]<\/p>\n","protected":false},"author":3,"featured_media":1060,"comment_status":"closed","ping_status":"open","sticky":false,"template":"","format":"standard","meta":{"ocean_post_layout":"","ocean_both_sidebars_style":"","ocean_both_sidebars_content_width":0,"ocean_both_sidebars_sidebars_width":0,"ocean_sidebar":"","ocean_second_sidebar":"","ocean_disable_margins":"enable","ocean_add_body_class":"","ocean_shortcode_before_top_bar":"","ocean_shortcode_after_top_bar":"","ocean_shortcode_before_header":"","ocean_shortcode_after_header":"","ocean_has_shortcode":"","ocean_shortcode_after_title":"","ocean_shortcode_before_footer_widgets":"","ocean_shortcode_after_footer_widgets":"","ocean_shortcode_before_footer_bottom":"","ocean_shortcode_after_footer_bottom":"","ocean_display_top_bar":"default","ocean_display_header":"default","ocean_header_style":"","ocean_center_header_left_menu":"","ocean_custom_header_template":"","ocean_custom_logo":0,"ocean_custom_retina_logo":0,"ocean_custom_logo_max_width":0,"ocean_custom_logo_tablet_max_width":0,"ocean_custom_logo_mobile_max_width":0,"ocean_custom_logo_max_height":0,"ocean_custom_logo_tablet_max_height":0,"ocean_custom_logo_mobile_max_height":0,"ocean_header_custom_menu":"","ocean_menu_typo_font_family":"","ocean_menu_typo_font_subset":"","ocean_menu_typo_font_size":0,"ocean_menu_typo_font_size_tablet":0,"ocean_menu_typo_font_size_mobile":0,"ocean_menu_typo_font_size_unit":"px","ocean_menu_typo_font_weight":"","ocean_menu_typo_font_weight_tablet":"","ocean_menu_typo_font_weight_mobile":"","ocean_menu_typo_transform":"","ocean_menu_typo_transform_tablet":"","ocean_menu_typo_transform_mobile":"","ocean_menu_typo_line_height":0,"ocean_menu_typo_line_height_tablet":0,"ocean_menu_typo_line_height_mobile":0,"ocean_menu_typo_line_height_unit":"","ocean_menu_typo_spacing":0,"ocean_menu_typo_spacing_tablet":0,"ocean_menu_typo_spacing_mobile":0,"ocean_menu_typo_spacing_unit":"","ocean_menu_link_color":"","ocean_menu_link_color_hover":"","ocean_menu_link_color_active":"","ocean_menu_link_background":"","ocean_menu_link_hover_background":"","ocean_menu_link_active_background":"","ocean_menu_social_links_bg":"","ocean_menu_social_hover_links_bg":"","ocean_menu_social_links_color":"","ocean_menu_social_hover_links_color":"","ocean_disable_title":"default","ocean_disable_heading":"default","ocean_post_title":"","ocean_post_subheading":"","ocean_post_title_style":"","ocean_post_title_background_color":"","ocean_post_title_background":0,"ocean_post_title_bg_image_position":"","ocean_post_title_bg_image_attachment":"","ocean_post_title_bg_image_repeat":"","ocean_post_title_bg_image_size":"","ocean_post_title_height":0,"ocean_post_title_bg_overlay":0.5,"ocean_post_title_bg_overlay_color":"","ocean_disable_breadcrumbs":"default","ocean_breadcrumbs_color":"","ocean_breadcrumbs_separator_color":"","ocean_breadcrumbs_links_color":"","ocean_breadcrumbs_links_hover_color":"","ocean_display_footer_widgets":"default","ocean_display_footer_bottom":"default","ocean_custom_footer_template":"","ocean_post_oembed":"","ocean_post_self_hosted_media":"","ocean_post_video_embed":"","ocean_link_format":"","ocean_link_format_target":"self","ocean_quote_format":"","ocean_quote_format_link":"post","ocean_gallery_link_images":"off","ocean_gallery_id":[],"footnotes":""},"categories":[1],"tags":[],"class_list":["post-1795","post","type-post","status-publish","format-standard","has-post-thumbnail","hentry","category-non-classe","entry","has-media"],"_links":{"self":[{"href":"https:\/\/centraide-rcoq.ca\/hl\/wp-json\/wp\/v2\/posts\/1795","targetHints":{"allow":["GET"]}}],"collection":[{"href":"https:\/\/centraide-rcoq.ca\/hl\/wp-json\/wp\/v2\/posts"}],"about":[{"href":"https:\/\/centraide-rcoq.ca\/hl\/wp-json\/wp\/v2\/types\/post"}],"author":[{"embeddable":true,"href":"https:\/\/centraide-rcoq.ca\/hl\/wp-json\/wp\/v2\/users\/3"}],"replies":[{"embeddable":true,"href":"https:\/\/centraide-rcoq.ca\/hl\/wp-json\/wp\/v2\/comments?post=1795"}],"version-history":[{"count":2,"href":"https:\/\/centraide-rcoq.ca\/hl\/wp-json\/wp\/v2\/posts\/1795\/revisions"}],"predecessor-version":[{"id":1801,"href":"https:\/\/centraide-rcoq.ca\/hl\/wp-json\/wp\/v2\/posts\/1795\/revisions\/1801"}],"wp:featuredmedia":[{"embeddable":true,"href":"https:\/\/centraide-rcoq.ca\/hl\/wp-json\/wp\/v2\/media\/1060"}],"wp:attachment":[{"href":"https:\/\/centraide-rcoq.ca\/hl\/wp-json\/wp\/v2\/media?parent=1795"}],"wp:term":[{"taxonomy":"category","embeddable":true,"href":"https:\/\/centraide-rcoq.ca\/hl\/wp-json\/wp\/v2\/categories?post=1795"},{"taxonomy":"post_tag","embeddable":true,"href":"https:\/\/centraide-rcoq.ca\/hl\/wp-json\/wp\/v2\/tags?post=1795"}],"curies":[{"name":"wp","href":"https:\/\/api.w.org\/{rel}","templated":true}]}}