{"id":1782,"date":"2022-11-10T09:45:53","date_gmt":"2022-11-10T14:45:53","guid":{"rendered":"https:\/\/centraide-rcoq.ca\/hl\/?p=1782"},"modified":"2022-11-10T09:45:53","modified_gmt":"2022-11-10T14:45:53","slug":"la-guignolee-des-medias-de-la-mrc-des-laurentides-est-plus-pertinente-que-jamais","status":"publish","type":"post","link":"https:\/\/centraide-rcoq.ca\/hl\/la-guignolee-des-medias-de-la-mrc-des-laurentides-est-plus-pertinente-que-jamais\/","title":{"rendered":"La Guignol\u00e9e des M\u00e9dias de la MRC des Laurentides est plus pertinente que jamais"},"content":{"rendered":"\n<p><strong>Sainte-Agathe-des-Monts, le 9 novembre 2022 \u2013 <\/strong>Alors que le co\u00fbt de la vie a pris une importante tendance \u00e0 la hausse dans toute la province, la tenue de la Guignol\u00e9e des m\u00e9dias de la MRC des Laurentides est plus pertinente que jamais.<\/p>\n\n\n\n<p>C\u2019est donc le jeudi 1 d\u00e9cembre prochain que vont s\u2019activer plus de 200 b\u00e9n\u00e9voles sous la pr\u00e9sidence d\u2019honneur de Mmes Nancy Beaulne et Genevi\u00e8ve Lachaine, respectivement directrice g\u00e9n\u00e9rale et pr\u00e9sidente de la Chambre de commerce du Grand Sainte-Agathe et soutenues par Mmes Laure Voilquin, directrice r\u00e9gionale de Centraide Hautes-Laurentides, Annie B\u00e9langer, directrice g\u00e9n\u00e9rale de Moisson Laurentides et M. Dominique Cadieux, directeur de Bouffe laurentienne.<\/p>\n\n\n\n<p>La situation li\u00e9e \u00e0 la Covid n\u2019\u00e9tant plus un enjeu dans la tenue de l\u2019activit\u00e9, les barrages routiers habituels seront plac\u00e9s \u00e0 Val-David, Sainte-Agathe-des-Monts, Labelle ainsi qu\u2019\u00e0 Br\u00e9beuf pour la premi\u00e8re fois. Les terminaux de paiement sans contact permettant les dons par cartes de cr\u00e9dit ou d\u00e9bit seront aussi disponibles \u00e0 l\u2019intersection de quelques rues.<\/p>\n\n\n\n<p>De plus, la formule de dons en ligne ayant fait ses preuves, la population pourra \u00e0 nouveau souscrire pendant tout le mois de d\u00e9cembre sur le site web de Bouffe laurentienne \u00e0 l\u2019adresse <a href=\"http:\/\/bouffelaurentienne.org\">bouffelaurentienne.org<\/a> ou par la voie d\u2019un code QR sur leur t\u00e9l\u00e9phone intelligent.<\/p>\n\n\n\n<p>\u00ab&nbsp;Le bien-\u00eatre \u00e9conomique et social est au c\u0153ur de notre mission; ainsi la Chambre de commerce du Grand Sainte-Agathe (CCGSA), ses membres, son conseil d\u2019administration et sa permanence se sentent particuli\u00e8rement interpell\u00e9s par la sant\u00e9 sociale et la s\u00e9curit\u00e9 alimentaire de notre r\u00e9gion&nbsp;\u00bb, d\u00e9bute Genevi\u00e8ve Lachaine, pr\u00e9sidente de la CCGSA et co-pr\u00e9sidente de la Guignol\u00e9e 2022.<\/p>\n\n\n\n<p>\u00ab\u00a0La CCGSA veut travailler en \u00e9troite collaboration avec les acteurs du milieu, car nous avons tous une responsabilit\u00e9 sociale. Nous sollicitons la g\u00e9n\u00e9rosit\u00e9 des entreprises, organismes et du grand public \u00e0 l\u2019occasion de cette Guignol\u00e9e parce que chacun devrait pouvoir manger \u00e0 sa faim avant d\u2019amorcer une journ\u00e9e de travail ou d\u2019aller \u00e9tudier\u2026 Et les enfants d\u2019aujourd\u2019hui sont nos entrepreneurs de demain !\u00a0\u00bb, poursuit Nancy Beaulne, directrice g\u00e9n\u00e9rale de l\u2019organisme et co-pr\u00e9sidente d\u2019honneur.<\/p>\n\n\n\n<p>Annie B\u00e9langer, directrice g\u00e9n\u00e9rale de Moisson Laurentides, a rappel\u00e9 que \u00ab personne n\u2019est \u00e0 l\u2019abri d\u2019une situation difficile alors que les r\u00e9sultats du bilan faim montre une augmentation de 14 % du nombre de personnes aid\u00e9es depuis l\u2019an dernier.\u00a0 De ce nombre 28,3 % sont des enfants. 14,8 % sont des familles monoparentales et 12,8 occupent un emploi. Avec les hausses successives du co\u00fbt de la vie et une possible r\u00e9cession, nous devons \u00eatre conscients que le pire est encore \u00e0 venir. Comme banque alimentaire, Moisson Laurentides et les organismes qu\u2019elle dessert doivent avoir les ressources n\u00e9cessaires pour r\u00e9aliser leur mission et soutenir les personnes vuln\u00e9rables et plus d\u00e9munies. Si vous le pouvez, soyez nombreux \u00e0 donner le 1er d\u00e9cembre prochain. \u00bb<\/p>\n\n\n\n<p>Par ailleurs, Dominique Cadieux, directeur de la Bouffe laurentienne, s\u2019est exprim\u00e9 en ces termes&nbsp;: \u00ab plus que jamais, l\u2019inflation qui nous affecte tous et qui engendre une hausse du prix du panier d\u2019\u00e9picerie a un impact direct sur la qualit\u00e9 de l\u2019alimentation des personnes d\u00e9munies et des m\u00e9nages \u00e0 faible revenu. Nous avons besoin de votre aide, soutenez votre communaut\u00e9, donnez g\u00e9n\u00e9reusement ! \u00bb<\/p>\n\n\n\n<p>Quant \u00e0 Laure Voilquin, directrice r\u00e9gionale de Centraide Hautes-Laurentides, elle a rappel\u00e9 que \u00ab des enjeux sociaux pr\u00e9valent dans la r\u00e9gion, alors qu\u2019une partie de la population demeure aux prises avec des difficult\u00e9s de logement ou doit composer avec la hausse du co\u00fbt de la vie qui gruge une part importante de ses revenus. Ceci fragilise consid\u00e9rablement les personnes et les familles en situation de vuln\u00e9rabilit\u00e9, notamment en termes de s\u00e9curit\u00e9 alimentaire \u00bb.<\/p>\n\n\n\n<figure class=\"wp-block-image size-large\"><img fetchpriority=\"high\" decoding=\"async\" width=\"1024\" height=\"767\" src=\"https:\/\/centraide-rcoq.ca\/hl\/wp-content\/uploads\/sites\/13\/2022\/11\/Guignolee-des-medias-1024x767.jpg\" alt=\"\" class=\"wp-image-1792\" srcset=\"https:\/\/centraide-rcoq.ca\/hl\/wp-content\/uploads\/sites\/13\/2022\/11\/Guignolee-des-medias-1024x767.jpg 1024w, https:\/\/centraide-rcoq.ca\/hl\/wp-content\/uploads\/sites\/13\/2022\/11\/Guignolee-des-medias-300x225.jpg 300w, https:\/\/centraide-rcoq.ca\/hl\/wp-content\/uploads\/sites\/13\/2022\/11\/Guignolee-des-medias-768x575.jpg 768w, https:\/\/centraide-rcoq.ca\/hl\/wp-content\/uploads\/sites\/13\/2022\/11\/Guignolee-des-medias.jpg 1170w\" sizes=\"(max-width: 1024px) 100vw, 1024px\" \/><figcaption>Tout le monde est pr\u00eat \u00e0 se mettre au travail le 1er d\u00e9cembre prochain<\/figcaption><\/figure>\n\n\n\n<p><strong>Une pr\u00e9sence m\u00e9diatique importante<\/strong><\/p>\n\n\n\n<p>La Guignol\u00e9e des m\u00e9dias portera bien son nom alors que des repr\u00e9sentants.es de CIME (Alain Cyr) et de L\u2019Information du Nord (Chantal Roussel) iront rencontrer les gens d\u2019affaires de Mont-Tremblant, accompagn\u00e9s de b\u00e9n\u00e9voles le 1<sup>er<\/sup>&nbsp; d\u00e9cembre prochain afin d\u2019amasser le plus de dons possibles.<\/p>\n\n\n\n<p class=\"has-text-align-center\"><strong>Remerciements<\/strong><br><strong>Nous tenons ensemble \u00e0 remercier nos nombreux b\u00e9n\u00e9voles, nos g\u00e9n\u00e9reux donateurs, les commer\u00e7ants participants, les commanditaires et les m\u00e9dias mobilis\u00e9s pour favoriser la s\u00e9curit\u00e9 alimentaire dans la MRC des Laurentides.<\/strong><\/p>\n\n\n\n<h4 class=\"wp-block-heading\"><strong>Partenaires m\u00e9dias<\/strong><\/h4>\n\n\n\n<p class=\"has-text-align-center\">CIME &#8211; INFORMATION DU NORD &#8211; TREMBLANT EXPRESS &#8211; NOUS TV &#8211; TVCL<\/p>\n\n\n\n<p><strong>Entreprises et partenaires participants&nbsp; &#8211;&nbsp; La Guignol\u00e9e des M\u00e9dias<\/strong><\/p>\n\n\n\n<div class=\"wp-block-columns is-layout-flex wp-container-core-columns-is-layout-9d6595d7 wp-block-columns-is-layout-flex\">\n<div class=\"wp-block-column is-layout-flow wp-block-column-is-layout-flow\">\n<p>Chambre de commerce du grand Ste-Agathe&nbsp;<\/p>\n\n\n\n<p>Metro Mont-Tremblant<\/p>\n\n\n\n<p>Honda Ste-Agathe<\/p>\n\n\n\n<p>Caisse populaire Desjardins<\/p>\n\n\n\n<p>Lortie et Martin<\/p>\n\n\n\n<p>IGA March\u00e9 Robert Tellier Mont-Tremblant<\/p>\n\n\n\n<p>Le Fumet Pizzeria<\/p>\n\n\n\n<p>Centre d\u2019action b\u00e9n\u00e9vole des Laurentides<\/p>\n\n\n\n<p>S\u00fbret\u00e9 du Qu\u00e9bec<\/p>\n\n\n\n<p>Municipalit\u00e9 de Labelle<\/p>\n\n\n\n<p>Municipalit\u00e9 de Sainte-Lucie-des-Laurentides<\/p>\n\n\n\n<p>BoniSoir coin 117\/323<\/p>\n\n\n\n<p>Maxi Ste-Agathe<\/p>\n\n\n\n<p>Alimentation S. Bourassa Ste-Agathe<\/p>\n\n\n\n<p>Centre de location GM LouTec<\/p>\n\n\n\n<p>Pi\u00e8ces d\u2019autos Ste-Agathe<\/p>\n\n\n\n<p>Tigre G\u00e9ant Mont-Tremblant<\/p>\n\n\n\n<p>Tim Hortons Val-David<\/p>\n\n\n\n<p>Brasserie les 2 Richard<\/p>\n\n\n\n<p>D\u00e9put\u00e9e Chantale Jeannotte<\/p>\n\n\n\n<p>IGA Extra March\u00e9 M Bouchard Ste-Agathe<\/p>\n\n\n\n<p>D\u00e9put\u00e9e Marie-H\u00e9l\u00e8ne Gaudreau<\/p>\n\n\n\n<p>Canadian Tire Mont-Tremblant<\/p>\n\n\n\n<p>Fondation m\u00e9dicale<\/p>\n\n\n\n<p>AX H\u00f4tel<\/p>\n\n\n\n<p>Pr\u00e9voyances envers les A\u00een\u00e9s des Laurentides<\/p>\n<\/div>\n\n\n\n<div class=\"wp-block-column is-layout-flow wp-block-column-is-layout-flow\">\n<p>Tigre G\u00e9ant Ste-Agathe<\/p>\n\n\n\n<p>La Turquoise assurances<\/p>\n\n\n\n<p>Maxi Mont-Tremblant<\/p>\n\n\n\n<p>Chambre de commerce de Mont-Tremblant<\/p>\n\n\n\n<p>Municipalit\u00e9 de Br\u00e9beuf<\/p>\n\n\n\n<p>Municipalit\u00e9 de Sainte-Agathe-des-Monts<\/p>\n\n\n\n<p>Municipalit\u00e9 de Val-David<\/p>\n\n\n\n<p>Municipalit\u00e9 de Val-Morin<\/p>\n\n\n\n<p>Walmart Ste-Agathe<\/p>\n\n\n\n<p>\u00c9cole Polyvalente des Monts<\/p>\n\n\n\n<p>March\u00e9 Tradition Mont-Blanc<\/p>\n\n\n\n<p>Alimentation Br\u00e9beuf<\/p>\n\n\n\n<p>Metro Alimentation Michel Vincent<\/p>\n\n\n\n<p>Metro Plus Ste-Agathe<\/p>\n\n\n\n<p>Jeunes a\u00een\u00e9s des Laurentides (J.A.L.)<\/p>\n\n\n\n<p>D\u00e9put\u00e9e Agn\u00e8s Grondin<\/p>\n\n\n\n<p>D\u00e9put\u00e9e France \u00c9laine Duranceau<\/p>\n\n\n\n<p>Super C Mont-Tremblant<\/p>\n\n\n\n<p>Interaction Travail<\/p>\n\n\n\n<p>Canadian Tire Sainte-Agathe<\/p>\n\n\n\n<p>Michel Guertin Photographe<\/p>\n\n\n\n<p>Cogeco<\/p>\n\n\n\n<p>Les Moelleux du Nord<\/p>\n\n\n\n<p>Restaurant le Petit poucet<\/p>\n\n\n\n<p>Hyundai Ste-Agathe<\/p>\n<\/div>\n<\/div>\n\n\n\n<p><strong>Organismes d\u2019aide alimentaire et cuisines collectives&nbsp;: <\/strong>Coup de pouce de Val-des-Lacs, Comptoir d\u2019entraide de Labelle, Comptoir alimentaire Val-David, Le 159 rue Principale, Caf\u00e9 coup de c\u0153ur, Parents uniques des Laurentides, APHIL, Maison de la famille du Nord, Maison des jeunes de Tremblant et L\u2019Envol\u00e9e, La crois\u00e9e des Laurentides<\/p>\n","protected":false},"excerpt":{"rendered":"<p>Sainte-Agathe-des-Monts, le 9 novembre 2022 \u2013 Alors que le co\u00fbt de la vie a pris une importante tendance \u00e0 la hausse dans toute la province, la tenue de la Guignol\u00e9e des m\u00e9dias de la MRC des Laurentides est plus pertinente que jamais. C\u2019est donc le jeudi 1 d\u00e9cembre prochain que vont s\u2019activer plus de 200 [&hellip;]<\/p>\n","protected":false},"author":3,"featured_media":1060,"comment_status":"closed","ping_status":"open","sticky":false,"template":"","format":"standard","meta":{"ocean_post_layout":"","ocean_both_sidebars_style":"","ocean_both_sidebars_content_width":0,"ocean_both_sidebars_sidebars_width":0,"ocean_sidebar":"","ocean_second_sidebar":"","ocean_disable_margins":"enable","ocean_add_body_class":"","ocean_shortcode_before_top_bar":"","ocean_shortcode_after_top_bar":"","ocean_shortcode_before_header":"","ocean_shortcode_after_header":"","ocean_has_shortcode":"","ocean_shortcode_after_title":"","ocean_shortcode_before_footer_widgets":"","ocean_shortcode_after_footer_widgets":"","ocean_shortcode_before_footer_bottom":"","ocean_shortcode_after_footer_bottom":"","ocean_display_top_bar":"default","ocean_display_header":"default","ocean_header_style":"","ocean_center_header_left_menu":"","ocean_custom_header_template":"","ocean_custom_logo":0,"ocean_custom_retina_logo":0,"ocean_custom_logo_max_width":0,"ocean_custom_logo_tablet_max_width":0,"ocean_custom_logo_mobile_max_width":0,"ocean_custom_logo_max_height":0,"ocean_custom_logo_tablet_max_height":0,"ocean_custom_logo_mobile_max_height":0,"ocean_header_custom_menu":"","ocean_menu_typo_font_family":"","ocean_menu_typo_font_subset":"","ocean_menu_typo_font_size":0,"ocean_menu_typo_font_size_tablet":0,"ocean_menu_typo_font_size_mobile":0,"ocean_menu_typo_font_size_unit":"px","ocean_menu_typo_font_weight":"","ocean_menu_typo_font_weight_tablet":"","ocean_menu_typo_font_weight_mobile":"","ocean_menu_typo_transform":"","ocean_menu_typo_transform_tablet":"","ocean_menu_typo_transform_mobile":"","ocean_menu_typo_line_height":0,"ocean_menu_typo_line_height_tablet":0,"ocean_menu_typo_line_height_mobile":0,"ocean_menu_typo_line_height_unit":"","ocean_menu_typo_spacing":0,"ocean_menu_typo_spacing_tablet":0,"ocean_menu_typo_spacing_mobile":0,"ocean_menu_typo_spacing_unit":"","ocean_menu_link_color":"","ocean_menu_link_color_hover":"","ocean_menu_link_color_active":"","ocean_menu_link_background":"","ocean_menu_link_hover_background":"","ocean_menu_link_active_background":"","ocean_menu_social_links_bg":"","ocean_menu_social_hover_links_bg":"","ocean_menu_social_links_color":"","ocean_menu_social_hover_links_color":"","ocean_disable_title":"default","ocean_disable_heading":"default","ocean_post_title":"","ocean_post_subheading":"","ocean_post_title_style":"","ocean_post_title_background_color":"","ocean_post_title_background":0,"ocean_post_title_bg_image_position":"","ocean_post_title_bg_image_attachment":"","ocean_post_title_bg_image_repeat":"","ocean_post_title_bg_image_size":"","ocean_post_title_height":0,"ocean_post_title_bg_overlay":0.5,"ocean_post_title_bg_overlay_color":"","ocean_disable_breadcrumbs":"default","ocean_breadcrumbs_color":"","ocean_breadcrumbs_separator_color":"","ocean_breadcrumbs_links_color":"","ocean_breadcrumbs_links_hover_color":"","ocean_display_footer_widgets":"default","ocean_display_footer_bottom":"default","ocean_custom_footer_template":"","ocean_post_oembed":"","ocean_post_self_hosted_media":"","ocean_post_video_embed":"","ocean_link_format":"","ocean_link_format_target":"self","ocean_quote_format":"","ocean_quote_format_link":"post","ocean_gallery_link_images":"off","ocean_gallery_id":[],"footnotes":""},"categories":[1],"tags":[],"class_list":["post-1782","post","type-post","status-publish","format-standard","has-post-thumbnail","hentry","category-non-classe","entry","has-media"],"_links":{"self":[{"href":"https:\/\/centraide-rcoq.ca\/hl\/wp-json\/wp\/v2\/posts\/1782","targetHints":{"allow":["GET"]}}],"collection":[{"href":"https:\/\/centraide-rcoq.ca\/hl\/wp-json\/wp\/v2\/posts"}],"about":[{"href":"https:\/\/centraide-rcoq.ca\/hl\/wp-json\/wp\/v2\/types\/post"}],"author":[{"embeddable":true,"href":"https:\/\/centraide-rcoq.ca\/hl\/wp-json\/wp\/v2\/users\/3"}],"replies":[{"embeddable":true,"href":"https:\/\/centraide-rcoq.ca\/hl\/wp-json\/wp\/v2\/comments?post=1782"}],"version-history":[{"count":10,"href":"https:\/\/centraide-rcoq.ca\/hl\/wp-json\/wp\/v2\/posts\/1782\/revisions"}],"predecessor-version":[{"id":1794,"href":"https:\/\/centraide-rcoq.ca\/hl\/wp-json\/wp\/v2\/posts\/1782\/revisions\/1794"}],"wp:featuredmedia":[{"embeddable":true,"href":"https:\/\/centraide-rcoq.ca\/hl\/wp-json\/wp\/v2\/media\/1060"}],"wp:attachment":[{"href":"https:\/\/centraide-rcoq.ca\/hl\/wp-json\/wp\/v2\/media?parent=1782"}],"wp:term":[{"taxonomy":"category","embeddable":true,"href":"https:\/\/centraide-rcoq.ca\/hl\/wp-json\/wp\/v2\/categories?post=1782"},{"taxonomy":"post_tag","embeddable":true,"href":"https:\/\/centraide-rcoq.ca\/hl\/wp-json\/wp\/v2\/tags?post=1782"}],"curies":[{"name":"wp","href":"https:\/\/api.w.org\/{rel}","templated":true}]}}