{"id":1755,"date":"2022-09-23T08:46:10","date_gmt":"2022-09-23T12:46:10","guid":{"rendered":"https:\/\/centraide-rcoq.ca\/hl\/?p=1755"},"modified":"2022-09-23T08:46:11","modified_gmt":"2022-09-23T12:46:11","slug":"centraide-hautes-laurentides-lance-sa-nouvelle-campagne-de-financement-dans-la-mrc-des-laurentides","status":"publish","type":"post","link":"https:\/\/centraide-rcoq.ca\/hl\/centraide-hautes-laurentides-lance-sa-nouvelle-campagne-de-financement-dans-la-mrc-des-laurentides\/","title":{"rendered":"Centraide Hautes-Laurentides lance sa nouvelle campagne de financement dans la MRC des Laurentides"},"content":{"rendered":"\n<p><strong><strong>MRC des Laurentides, septembre 2022<\/strong> \u2013 Centraide Hautes-Laurentides (HL) donne le coup d\u2019envoi de sa campagne de financement annuelle dans la MRC des Laurentides et invite tous ceux et celles qui le peuvent \u00e0 donner g\u00e9n\u00e9reusement.<\/strong><\/p>\n\n\n\n<p>\u00ab Des enjeux pr\u00e9valent toujours dans la r\u00e9gion, alors qu\u2019une partie de la population demeure aux prises avec des difficult\u00e9s de logement ou doit composer avec la hausse du co\u00fbt de la vie qui gruge une part importante de ses revenus, ce qui fragilise consid\u00e9rablement les personnes et les familles en situation de vuln\u00e9rabilit\u00e9 \u00bb a indiqu\u00e9 Laure Voilquin.<\/p>\n\n\n\n<p><strong>Une nouvelle image et un message rempli d\u2019espoir<\/strong><\/p>\n\n\n\n<figure class=\"wp-block-image size-large\"><img fetchpriority=\"high\" decoding=\"async\" width=\"1024\" height=\"425\" src=\"https:\/\/centraide-rcoq.ca\/hl\/wp-content\/uploads\/sites\/13\/2022\/09\/2022_PubPrintemps_Home_Page_1920x796_Fr-1024x425.jpg\" alt=\"\" class=\"wp-image-1757\" srcset=\"https:\/\/centraide-rcoq.ca\/hl\/wp-content\/uploads\/sites\/13\/2022\/09\/2022_PubPrintemps_Home_Page_1920x796_Fr-1024x425.jpg 1024w, https:\/\/centraide-rcoq.ca\/hl\/wp-content\/uploads\/sites\/13\/2022\/09\/2022_PubPrintemps_Home_Page_1920x796_Fr-300x124.jpg 300w, https:\/\/centraide-rcoq.ca\/hl\/wp-content\/uploads\/sites\/13\/2022\/09\/2022_PubPrintemps_Home_Page_1920x796_Fr-768x318.jpg 768w, https:\/\/centraide-rcoq.ca\/hl\/wp-content\/uploads\/sites\/13\/2022\/09\/2022_PubPrintemps_Home_Page_1920x796_Fr-1536x637.jpg 1536w, https:\/\/centraide-rcoq.ca\/hl\/wp-content\/uploads\/sites\/13\/2022\/09\/2022_PubPrintemps_Home_Page_1920x796_Fr.jpg 1920w\" sizes=\"(max-width: 1024px) 100vw, 1024px\" \/><\/figure>\n\n\n\n<p>Au cours des prochains mois, cette campagne sera appuy\u00e9e par une nouvelle image porteuse d\u2019un message rempli d\u2019espoir. \u00ab Si chacun d\u2019entre nous fait un petit geste pour appuyer Centraide Hautes-Laurentides, nous all\u00e9gerons ensemble le poids de la pauvret\u00e9 et permettrons \u00e0 tant de gens de s\u2019\u00e9lever&nbsp;\u00bb a affirm\u00e9 Mme Voilquin.<\/p>\n\n\n\n<p>Elle a ajout\u00e9 que \u00ab les initiatives cibl\u00e9es visant \u00e0 soutenir la r\u00e9ussite des jeunes, assurer les besoins essentiels et briser l\u2019isolement contribuent \u00e0 diminuer la pression sur les milliers de personnes vivant en situation de pauvret\u00e9 et d\u2019exclusion dans la r\u00e9gion et dont les conditions se sont d\u00e9t\u00e9rior\u00e9es au cours des deux derni\u00e8res ann\u00e9es. \u00bb<\/p>\n\n\n\n<p>\u00c0 ce sujet, il est bon de pr\u00e9ciser que les dons recueillis par Centraide HL sont investis avec rigueur, l\u00e0 o\u00f9 les besoins sont les plus importants, en fonction des enjeux et des priorit\u00e9s de chaque communaut\u00e9.<\/p>\n\n\n\n<p><strong>\u00c0 surveiller cet automne<\/strong><\/p>\n\n\n\n<p>En appui \u00e0 la mission de Centraide Hautes-Laurentides, le Cercle des donateurs majeurs cr\u00e9\u00e9 l\u2019an dernier est toujours en progression et compte aujourd\u2019hui treize membres influents qui, en lien avec la nouvelle campagne, pr\u00e9parent un \u00e9v\u00e8nement pr\u00e9vu pour novembre prochain dans les murs du Bistro-bar Le P\u2019tit Caribou \u00e0 Mont-Tremblant. Plus de d\u00e9tails sont \u00e0 venir \u00e0 ce sujet au cours des prochaines semaines&#8230;<\/p>\n\n\n\n<p><strong>Comment contribuer ?<\/strong><\/p>\n\n\n\n<p>Les entreprises et organisations peuvent contribuer par le biais de dons corporatifs alors que leurs employ\u00e9s peuvent organiser une campagne en milieu de travail. De fa\u00e7on individuelle, il existe aussi diff\u00e9rents moyens de soutenir Centraide, dont le Cercle des donateurs majeurs.<\/p>\n\n\n\n<p>Pour en savoir davantage, consultez le site de Centraide Hautes-Laurentides \u00e0 l\u2019adresse maregioncentraide.com.<\/p>\n\n\n\n<p class=\"has-text-align-center\">&#8211; 30 &#8211;<\/p>\n","protected":false},"excerpt":{"rendered":"<p>MRC des Laurentides, septembre 2022 \u2013 Centraide Hautes-Laurentides (HL) donne le coup d\u2019envoi de sa campagne de financement annuelle dans la MRC des Laurentides et invite tous ceux et celles qui le peuvent \u00e0 donner g\u00e9n\u00e9reusement. \u00ab Des enjeux pr\u00e9valent toujours dans la r\u00e9gion, alors qu\u2019une partie de la population demeure aux prises avec des [&hellip;]<\/p>\n","protected":false},"author":3,"featured_media":1060,"comment_status":"closed","ping_status":"open","sticky":false,"template":"","format":"standard","meta":{"ocean_post_layout":"","ocean_both_sidebars_style":"","ocean_both_sidebars_content_width":0,"ocean_both_sidebars_sidebars_width":0,"ocean_sidebar":"","ocean_second_sidebar":"","ocean_disable_margins":"enable","ocean_add_body_class":"","ocean_shortcode_before_top_bar":"","ocean_shortcode_after_top_bar":"","ocean_shortcode_before_header":"","ocean_shortcode_after_header":"","ocean_has_shortcode":"","ocean_shortcode_after_title":"","ocean_shortcode_before_footer_widgets":"","ocean_shortcode_after_footer_widgets":"","ocean_shortcode_before_footer_bottom":"","ocean_shortcode_after_footer_bottom":"","ocean_display_top_bar":"default","ocean_display_header":"default","ocean_header_style":"","ocean_center_header_left_menu":"","ocean_custom_header_template":"","ocean_custom_logo":0,"ocean_custom_retina_logo":0,"ocean_custom_logo_max_width":0,"ocean_custom_logo_tablet_max_width":0,"ocean_custom_logo_mobile_max_width":0,"ocean_custom_logo_max_height":0,"ocean_custom_logo_tablet_max_height":0,"ocean_custom_logo_mobile_max_height":0,"ocean_header_custom_menu":"","ocean_menu_typo_font_family":"","ocean_menu_typo_font_subset":"","ocean_menu_typo_font_size":0,"ocean_menu_typo_font_size_tablet":0,"ocean_menu_typo_font_size_mobile":0,"ocean_menu_typo_font_size_unit":"px","ocean_menu_typo_font_weight":"","ocean_menu_typo_font_weight_tablet":"","ocean_menu_typo_font_weight_mobile":"","ocean_menu_typo_transform":"","ocean_menu_typo_transform_tablet":"","ocean_menu_typo_transform_mobile":"","ocean_menu_typo_line_height":0,"ocean_menu_typo_line_height_tablet":0,"ocean_menu_typo_line_height_mobile":0,"ocean_menu_typo_line_height_unit":"","ocean_menu_typo_spacing":0,"ocean_menu_typo_spacing_tablet":0,"ocean_menu_typo_spacing_mobile":0,"ocean_menu_typo_spacing_unit":"","ocean_menu_link_color":"","ocean_menu_link_color_hover":"","ocean_menu_link_color_active":"","ocean_menu_link_background":"","ocean_menu_link_hover_background":"","ocean_menu_link_active_background":"","ocean_menu_social_links_bg":"","ocean_menu_social_hover_links_bg":"","ocean_menu_social_links_color":"","ocean_menu_social_hover_links_color":"","ocean_disable_title":"default","ocean_disable_heading":"default","ocean_post_title":"","ocean_post_subheading":"","ocean_post_title_style":"","ocean_post_title_background_color":"","ocean_post_title_background":0,"ocean_post_title_bg_image_position":"","ocean_post_title_bg_image_attachment":"","ocean_post_title_bg_image_repeat":"","ocean_post_title_bg_image_size":"","ocean_post_title_height":0,"ocean_post_title_bg_overlay":0.5,"ocean_post_title_bg_overlay_color":"","ocean_disable_breadcrumbs":"default","ocean_breadcrumbs_color":"","ocean_breadcrumbs_separator_color":"","ocean_breadcrumbs_links_color":"","ocean_breadcrumbs_links_hover_color":"","ocean_display_footer_widgets":"default","ocean_display_footer_bottom":"default","ocean_custom_footer_template":"","ocean_post_oembed":"","ocean_post_self_hosted_media":"","ocean_post_video_embed":"","ocean_link_format":"","ocean_link_format_target":"self","ocean_quote_format":"","ocean_quote_format_link":"post","ocean_gallery_link_images":"off","ocean_gallery_id":[],"footnotes":""},"categories":[1],"tags":[],"class_list":["post-1755","post","type-post","status-publish","format-standard","has-post-thumbnail","hentry","category-non-classe","entry","has-media"],"_links":{"self":[{"href":"https:\/\/centraide-rcoq.ca\/hl\/wp-json\/wp\/v2\/posts\/1755","targetHints":{"allow":["GET"]}}],"collection":[{"href":"https:\/\/centraide-rcoq.ca\/hl\/wp-json\/wp\/v2\/posts"}],"about":[{"href":"https:\/\/centraide-rcoq.ca\/hl\/wp-json\/wp\/v2\/types\/post"}],"author":[{"embeddable":true,"href":"https:\/\/centraide-rcoq.ca\/hl\/wp-json\/wp\/v2\/users\/3"}],"replies":[{"embeddable":true,"href":"https:\/\/centraide-rcoq.ca\/hl\/wp-json\/wp\/v2\/comments?post=1755"}],"version-history":[{"count":2,"href":"https:\/\/centraide-rcoq.ca\/hl\/wp-json\/wp\/v2\/posts\/1755\/revisions"}],"predecessor-version":[{"id":1758,"href":"https:\/\/centraide-rcoq.ca\/hl\/wp-json\/wp\/v2\/posts\/1755\/revisions\/1758"}],"wp:featuredmedia":[{"embeddable":true,"href":"https:\/\/centraide-rcoq.ca\/hl\/wp-json\/wp\/v2\/media\/1060"}],"wp:attachment":[{"href":"https:\/\/centraide-rcoq.ca\/hl\/wp-json\/wp\/v2\/media?parent=1755"}],"wp:term":[{"taxonomy":"category","embeddable":true,"href":"https:\/\/centraide-rcoq.ca\/hl\/wp-json\/wp\/v2\/categories?post=1755"},{"taxonomy":"post_tag","embeddable":true,"href":"https:\/\/centraide-rcoq.ca\/hl\/wp-json\/wp\/v2\/tags?post=1755"}],"curies":[{"name":"wp","href":"https:\/\/api.w.org\/{rel}","templated":true}]}}