{"id":1591,"date":"2022-07-19T10:36:52","date_gmt":"2022-07-19T14:36:52","guid":{"rendered":"https:\/\/centraide-rcoq.ca\/hl\/?p=1591"},"modified":"2022-07-19T10:36:53","modified_gmt":"2022-07-19T14:36:53","slug":"huit-organismes-et-personnalites-honores-lors-de-la-remise-des-prix-reconnaissance-de-centraide-hautes-laurentides","status":"publish","type":"post","link":"https:\/\/centraide-rcoq.ca\/hl\/huit-organismes-et-personnalites-honores-lors-de-la-remise-des-prix-reconnaissance-de-centraide-hautes-laurentides\/","title":{"rendered":"Huit organismes et personnalit\u00e9s honor\u00e9s lors de la remise des prix Reconnaissance de Centraide Hautes-Laurentides"},"content":{"rendered":"\n<p><strong><strong>Mont-Laurier, 18 juillet 2022<\/strong> \u2013 <\/strong>Centraide Hautes-Laurentides a r\u00e9cemment proc\u00e9d\u00e9 \u00e0 la remise de ses prix Reconnaissance lors d\u2019un \u00e9v\u00e9nement virtuel qui a permis de souligner les actions exceptionnelles mises en place par des b\u00e9n\u00e9voles, des entreprises ou des organismes communautaires.<\/p>\n\n\n\n<p>L&rsquo;ann\u00e9e 2021 ayant encore \u00e9t\u00e9 sous le signe de la pand\u00e9mie, les actions qui ont \u00e9t\u00e9 men\u00e9es par les r\u00e9cipiendaires sont d&rsquo;autant plus remarquables, sachant&nbsp;toute l&rsquo;importance qui doit \u00eatre accord\u00e9e aux personnes les plus vuln\u00e9rables de nos communaut\u00e9s.&nbsp;<\/p>\n\n\n\n<p>En tout, huit prix ont \u00e9t\u00e9 remis dans autant de cat\u00e9gories, permettant de faire briller tous ceux et celles qui s&rsquo;impliquent activement dans leur milieu&nbsp;:<\/p>\n\n\n\n<p class=\"has-text-align-center has-medium-font-size\"><strong>En D\u00e9veloppement social, les prix sont all\u00e9s \u00e0\u2026<\/strong><\/p>\n\n\n\n<div class=\"wp-block-media-text alignwide is-stacked-on-mobile\" style=\"grid-template-columns:29% auto\"><figure class=\"wp-block-media-text__media\"><img fetchpriority=\"high\" decoding=\"async\" width=\"1024\" height=\"831\" src=\"https:\/\/centraide-rcoq.ca\/hl\/wp-content\/uploads\/sites\/13\/2022\/07\/Prix-Rayonnement_Prevoyance-envers-les-aines_VF-1024x831.jpg\" alt=\"\" class=\"wp-image-1592 size-full\" srcset=\"https:\/\/centraide-rcoq.ca\/hl\/wp-content\/uploads\/sites\/13\/2022\/07\/Prix-Rayonnement_Prevoyance-envers-les-aines_VF-1024x831.jpg 1024w, https:\/\/centraide-rcoq.ca\/hl\/wp-content\/uploads\/sites\/13\/2022\/07\/Prix-Rayonnement_Prevoyance-envers-les-aines_VF-300x244.jpg 300w, https:\/\/centraide-rcoq.ca\/hl\/wp-content\/uploads\/sites\/13\/2022\/07\/Prix-Rayonnement_Prevoyance-envers-les-aines_VF-768x624.jpg 768w, https:\/\/centraide-rcoq.ca\/hl\/wp-content\/uploads\/sites\/13\/2022\/07\/Prix-Rayonnement_Prevoyance-envers-les-aines_VF-1536x1247.jpg 1536w, https:\/\/centraide-rcoq.ca\/hl\/wp-content\/uploads\/sites\/13\/2022\/07\/Prix-Rayonnement_Prevoyance-envers-les-aines_VF-2048x1663.jpg 2048w\" sizes=\"(max-width: 1024px) 100vw, 1024px\" \/><\/figure><div class=\"wp-block-media-text__content\">\n<p><strong>Cat\u00e9gorie RAYONNEMENT : &#8211; Pr\u00e9voyance envers les a\u00een\u00e9.es<\/strong> <br>L\u2019organisme agit aupr\u00e8s des a\u00een\u00e9.es vuln\u00e9rables en brisant leur isolement, en encourageant l&rsquo;action b\u00e9n\u00e9vole et en contribuant \u00e0 \u00e9viter la fraude et la maltraitance. Remarquablement align\u00e9 avec les orientations de Centraide, il a d\u00e9velopp\u00e9 ses services dans la MRC d\u2019Antoine-Labelle dans la derni\u00e8re ann\u00e9e et rayonne par ses actions dans toutes les Hautes-Laurentides.<\/p>\n\n\n\n<p><\/p>\n<\/div><\/div>\n\n\n\n<hr class=\"wp-block-separator has-alpha-channel-opacity\" \/>\n\n\n\n<div class=\"wp-block-media-text alignwide is-stacked-on-mobile\" style=\"grid-template-columns:24% auto\"><figure class=\"wp-block-media-text__media\"><img decoding=\"async\" width=\"754\" height=\"1000\" src=\"https:\/\/centraide-rcoq.ca\/hl\/wp-content\/uploads\/sites\/13\/2022\/07\/Emilie-Rouleau_Centraide-HL_Reconnaissance-2022_1000.jpg\" alt=\"\" class=\"wp-image-1594 size-full\" srcset=\"https:\/\/centraide-rcoq.ca\/hl\/wp-content\/uploads\/sites\/13\/2022\/07\/Emilie-Rouleau_Centraide-HL_Reconnaissance-2022_1000.jpg 754w, https:\/\/centraide-rcoq.ca\/hl\/wp-content\/uploads\/sites\/13\/2022\/07\/Emilie-Rouleau_Centraide-HL_Reconnaissance-2022_1000-226x300.jpg 226w\" sizes=\"(max-width: 754px) 100vw, 754px\" \/><\/figure><div class=\"wp-block-media-text__content\">\n<p><strong>Cat\u00e9gorie ENGAGEMENT : &#8211; Mme \u00c9milie Rouleau, D.G. de l\u2019\u00c9cluse des Laurentides<\/strong><\/p>\n\n\n\n<p>Malgr\u00e9 un horaire fort charg\u00e9, elle prend toujours le temps d\u2019aider Centraide. Elle collabore \u00e0 nos r\u00e9flexions en partageant ses impressions sur certaines de nos actions, ce qui fait d\u2019elle une alli\u00e9e pr\u00e9cieuse.<\/p>\n<\/div><\/div>\n\n\n\n<hr class=\"wp-block-separator has-alpha-channel-opacity\" \/>\n\n\n\n<div class=\"wp-block-media-text alignwide is-stacked-on-mobile\" style=\"grid-template-columns:24% auto\"><figure class=\"wp-block-media-text__media\"><img decoding=\"async\" width=\"966\" height=\"1024\" src=\"https:\/\/centraide-rcoq.ca\/hl\/wp-content\/uploads\/sites\/13\/2022\/07\/Prix-Innovation_Dev-social_Maison-Lyse-Beauchamp-966x1024.jpg\" alt=\"\" class=\"wp-image-1595 size-full\" srcset=\"https:\/\/centraide-rcoq.ca\/hl\/wp-content\/uploads\/sites\/13\/2022\/07\/Prix-Innovation_Dev-social_Maison-Lyse-Beauchamp-966x1024.jpg 966w, https:\/\/centraide-rcoq.ca\/hl\/wp-content\/uploads\/sites\/13\/2022\/07\/Prix-Innovation_Dev-social_Maison-Lyse-Beauchamp-283x300.jpg 283w, https:\/\/centraide-rcoq.ca\/hl\/wp-content\/uploads\/sites\/13\/2022\/07\/Prix-Innovation_Dev-social_Maison-Lyse-Beauchamp-768x814.jpg 768w, https:\/\/centraide-rcoq.ca\/hl\/wp-content\/uploads\/sites\/13\/2022\/07\/Prix-Innovation_Dev-social_Maison-Lyse-Beauchamp-1450x1536.jpg 1450w, https:\/\/centraide-rcoq.ca\/hl\/wp-content\/uploads\/sites\/13\/2022\/07\/Prix-Innovation_Dev-social_Maison-Lyse-Beauchamp-1933x2048.jpg 1933w\" sizes=\"(max-width: 966px) 100vw, 966px\" \/><\/figure><div class=\"wp-block-media-text__content\">\n<p><strong>Cat\u00e9gorie INNOVATION : &#8211; La Maison Lyse-Beauchamp<\/strong><br>D\u00e9montrant une grande capacit\u00e9 d\u2019adaptation et une approche innovante, l\u2019organisme a mis sur pied la halte-chaleur \u00e0 Mont-Laurier et l\u2019Abribus, arpentant le territoire de la MRC avec des v\u00eatements chauds et autre mat\u00e9riel, sans oublier les igloos de mousse isolante dispos\u00e9s \u00e0 diff\u00e9rents endroits dans Mont-Laurier, permettant \u00e0 des gens en itin\u00e9rance d\u2019avoir un peu de chaleur.<\/p>\n<\/div><\/div>\n\n\n\n<p class=\"has-text-align-center has-medium-font-size\"><strong>En D\u00e9veloppement philanthropique, les prix sont all\u00e9s \u00e0\u2026<\/strong><\/p>\n\n\n\n<div class=\"wp-block-media-text alignwide is-stacked-on-mobile\" style=\"grid-template-columns:24% auto\"><figure class=\"wp-block-media-text__media\"><img loading=\"lazy\" decoding=\"async\" width=\"695\" height=\"1024\" src=\"https:\/\/centraide-rcoq.ca\/hl\/wp-content\/uploads\/sites\/13\/2022\/07\/Prix-Innovation_Dev-philanthropique_Ptit-Caribou_Joshua-Wilson_Centraide-HL-2022-695x1024.jpg\" alt=\"\" class=\"wp-image-1597 size-full\" srcset=\"https:\/\/centraide-rcoq.ca\/hl\/wp-content\/uploads\/sites\/13\/2022\/07\/Prix-Innovation_Dev-philanthropique_Ptit-Caribou_Joshua-Wilson_Centraide-HL-2022-695x1024.jpg 695w, https:\/\/centraide-rcoq.ca\/hl\/wp-content\/uploads\/sites\/13\/2022\/07\/Prix-Innovation_Dev-philanthropique_Ptit-Caribou_Joshua-Wilson_Centraide-HL-2022-204x300.jpg 204w, https:\/\/centraide-rcoq.ca\/hl\/wp-content\/uploads\/sites\/13\/2022\/07\/Prix-Innovation_Dev-philanthropique_Ptit-Caribou_Joshua-Wilson_Centraide-HL-2022-768x1131.jpg 768w, https:\/\/centraide-rcoq.ca\/hl\/wp-content\/uploads\/sites\/13\/2022\/07\/Prix-Innovation_Dev-philanthropique_Ptit-Caribou_Joshua-Wilson_Centraide-HL-2022.jpg 1000w\" sizes=\"(max-width: 695px) 100vw, 695px\" \/><\/figure><div class=\"wp-block-media-text__content\">\n<p><strong>Cat\u00e9gorie INNOVATION : &#8211; Joshua Wilson, co-propri\u00e9taire de l\u2019\u00e9tablissement Le P\u2019tit Caribou \u00e0 Mont Tremblant<\/strong><\/p>\n\n\n\n<p>Conscient des in\u00e9galit\u00e9s touchant la population de la r\u00e9gion et souhaitant aider Centraide, Joshua Wilson a permis de sensibiliser ses amis, ses partenaires et son r\u00e9seau en les invitant dans son \u00e9tablissement lors du lancement du Cercle des donateurs majeurs en novembre dernier. Cette initiative a permis de mieux faire comprendre l\u2019action de Centraide et d\u2019\u00e9largir le Cercle.<\/p>\n<\/div><\/div>\n\n\n\n<hr class=\"wp-block-separator has-alpha-channel-opacity\" \/>\n\n\n\n<div class=\"wp-block-media-text alignwide is-stacked-on-mobile\" style=\"grid-template-columns:24% auto\"><figure class=\"wp-block-media-text__media\"><img loading=\"lazy\" decoding=\"async\" width=\"1024\" height=\"860\" src=\"https:\/\/centraide-rcoq.ca\/hl\/wp-content\/uploads\/sites\/13\/2022\/07\/Prix-Distinction_Veronique-Grenier-1024x860.jpg\" alt=\"\" class=\"wp-image-1600 size-full\" srcset=\"https:\/\/centraide-rcoq.ca\/hl\/wp-content\/uploads\/sites\/13\/2022\/07\/Prix-Distinction_Veronique-Grenier-1024x860.jpg 1024w, https:\/\/centraide-rcoq.ca\/hl\/wp-content\/uploads\/sites\/13\/2022\/07\/Prix-Distinction_Veronique-Grenier-300x252.jpg 300w, https:\/\/centraide-rcoq.ca\/hl\/wp-content\/uploads\/sites\/13\/2022\/07\/Prix-Distinction_Veronique-Grenier-768x645.jpg 768w, https:\/\/centraide-rcoq.ca\/hl\/wp-content\/uploads\/sites\/13\/2022\/07\/Prix-Distinction_Veronique-Grenier-1536x1290.jpg 1536w, https:\/\/centraide-rcoq.ca\/hl\/wp-content\/uploads\/sites\/13\/2022\/07\/Prix-Distinction_Veronique-Grenier-2048x1720.jpg 2048w\" sizes=\"(max-width: 1024px) 100vw, 1024px\" \/><\/figure><div class=\"wp-block-media-text__content\">\n<p><strong>Cat\u00e9gorie DISTINCTION : &#8211; V\u00e9ronique Grenier, conseill\u00e8re aux entreprises \u00e0 la SADC Antoine-Labelle et notaire.<\/strong><\/p>\n\n\n\n<p>B\u00e9n\u00e9vole Centraide depuis plusieurs ann\u00e9es et pr\u00e9sidente de la guignol\u00e9e des m\u00e9dias de Mont-Laurier, dont Centraide est l\u2019un des deux b\u00e9n\u00e9ficiaires, elle a contact\u00e9 plus de 90 entreprises pour les convaincre de faire un don significatif pour l\u2019\u00e9v\u00e9nement. Elle les a ensuite rencontr\u00e9es le jour de l\u2019\u00e9v\u00e9nement en compagnie de Dominic Bell, DG. de CFLO. R\u00e9sultat : une augmentation de 58 % par rapport \u00e0 l\u2019\u00e9v\u00e9nement pr\u00e9c\u00e9dent.<\/p>\n<\/div><\/div>\n\n\n\n<hr class=\"wp-block-separator has-alpha-channel-opacity\" \/>\n\n\n\n<div class=\"wp-block-media-text alignwide is-stacked-on-mobile\" style=\"grid-template-columns:24% auto\"><figure class=\"wp-block-media-text__media\"><img loading=\"lazy\" decoding=\"async\" width=\"1024\" height=\"768\" src=\"https:\/\/centraide-rcoq.ca\/hl\/wp-content\/uploads\/sites\/13\/2022\/07\/Prix-Impact_Don-des-employes_Saputo-1024x768.jpg\" alt=\"\" class=\"wp-image-1602 size-full\" srcset=\"https:\/\/centraide-rcoq.ca\/hl\/wp-content\/uploads\/sites\/13\/2022\/07\/Prix-Impact_Don-des-employes_Saputo-1024x768.jpg 1024w, https:\/\/centraide-rcoq.ca\/hl\/wp-content\/uploads\/sites\/13\/2022\/07\/Prix-Impact_Don-des-employes_Saputo-300x225.jpg 300w, https:\/\/centraide-rcoq.ca\/hl\/wp-content\/uploads\/sites\/13\/2022\/07\/Prix-Impact_Don-des-employes_Saputo-768x576.jpg 768w, https:\/\/centraide-rcoq.ca\/hl\/wp-content\/uploads\/sites\/13\/2022\/07\/Prix-Impact_Don-des-employes_Saputo-1536x1152.jpg 1536w, https:\/\/centraide-rcoq.ca\/hl\/wp-content\/uploads\/sites\/13\/2022\/07\/Prix-Impact_Don-des-employes_Saputo-2048x1536.jpg 2048w\" sizes=\"(max-width: 1024px) 100vw, 1024px\" \/><\/figure><div class=\"wp-block-media-text__content\">\n<p><strong>Cat\u00e9gorie IMPACT \u2013 Don d\u2019employ\u00e9.e.s : Fromagerie Saputo de Mont-Laurier<\/strong><br>Impossible de manquer la campagne Centraide chez Saputo de Mont-Laurier. Myriam G\u00e9n\u00e9reux (absente de la photo) et Marc-Olivier Gohier ne m\u00e9nagent aucun effort et multiplient les initiatives pour inviter leurs coll\u00e8gues \u00e0 participer. R\u00e9sultat : un taux de participation qui a grimp\u00e9 \u00e0 96 %.<\/p>\n<\/div><\/div>\n\n\n\n<hr class=\"wp-block-separator has-alpha-channel-opacity\" \/>\n\n\n\n<p><strong>Cat\u00e9gorie IMPACT \u2013 Don d\u2019entreprise : Metro<\/strong> <br>L\u2019engagement corporatif de la banni\u00e8re Metro envers Centraide est reconnu. Dans les Hautes-Laurentides, il est remarquable ! Cette ann\u00e9e, les r\u00e9sultats ont bondi de 48 %, notamment \u00e0 Mont-Laurier, avec Vincent Saumure, et \u00e0 Mont-Tremblant, avec Dominic Potvin, o\u00f9 on a observ\u00e9 une croissance de 160 %. C\u2019est gr\u00e2ce au leadership et l\u2019implication de tous dans les 4 Metro du territoire que la campagne Centraide a connu un tel succ\u00e8s.<\/p>\n\n\n\n<figure class=\"wp-block-gallery has-nested-images columns-default is-cropped wp-block-gallery-1 is-layout-flex wp-block-gallery-is-layout-flex\">\n<figure class=\"wp-block-image size-large\"><img loading=\"lazy\" decoding=\"async\" width=\"1024\" height=\"657\" data-id=\"1605\" src=\"https:\/\/centraide-rcoq.ca\/hl\/wp-content\/uploads\/sites\/13\/2022\/07\/Metro-Mont-Laurier-1-1024x657.jpg\" alt=\"\" class=\"wp-image-1605\" srcset=\"https:\/\/centraide-rcoq.ca\/hl\/wp-content\/uploads\/sites\/13\/2022\/07\/Metro-Mont-Laurier-1-1024x657.jpg 1024w, https:\/\/centraide-rcoq.ca\/hl\/wp-content\/uploads\/sites\/13\/2022\/07\/Metro-Mont-Laurier-1-300x193.jpg 300w, https:\/\/centraide-rcoq.ca\/hl\/wp-content\/uploads\/sites\/13\/2022\/07\/Metro-Mont-Laurier-1-768x493.jpg 768w, https:\/\/centraide-rcoq.ca\/hl\/wp-content\/uploads\/sites\/13\/2022\/07\/Metro-Mont-Laurier-1-1536x986.jpg 1536w, https:\/\/centraide-rcoq.ca\/hl\/wp-content\/uploads\/sites\/13\/2022\/07\/Metro-Mont-Laurier-1-2048x1314.jpg 2048w\" sizes=\"(max-width: 1024px) 100vw, 1024px\" \/><figcaption>March\u00e9 Metro Vincent Saumur<\/figcaption><\/figure>\n\n\n\n<figure class=\"wp-block-image size-large\"><img loading=\"lazy\" decoding=\"async\" width=\"1024\" height=\"739\" data-id=\"1606\" src=\"https:\/\/centraide-rcoq.ca\/hl\/wp-content\/uploads\/sites\/13\/2022\/07\/Metro-Mont-Tremblant-1024x739.jpg\" alt=\"\" class=\"wp-image-1606\" srcset=\"https:\/\/centraide-rcoq.ca\/hl\/wp-content\/uploads\/sites\/13\/2022\/07\/Metro-Mont-Tremblant-1024x739.jpg 1024w, https:\/\/centraide-rcoq.ca\/hl\/wp-content\/uploads\/sites\/13\/2022\/07\/Metro-Mont-Tremblant-300x216.jpg 300w, https:\/\/centraide-rcoq.ca\/hl\/wp-content\/uploads\/sites\/13\/2022\/07\/Metro-Mont-Tremblant-768x554.jpg 768w, https:\/\/centraide-rcoq.ca\/hl\/wp-content\/uploads\/sites\/13\/2022\/07\/Metro-Mont-Tremblant-1536x1108.jpg 1536w, https:\/\/centraide-rcoq.ca\/hl\/wp-content\/uploads\/sites\/13\/2022\/07\/Metro-Mont-Tremblant.jpg 1906w\" sizes=\"(max-width: 1024px) 100vw, 1024px\" \/><figcaption>Metro Mont-Tremblant<\/figcaption><\/figure>\n<\/figure>\n\n\n\n<figure class=\"wp-block-gallery has-nested-images columns-default is-cropped wp-block-gallery-2 is-layout-flex wp-block-gallery-is-layout-flex\">\n<figure class=\"wp-block-image size-large\"><img loading=\"lazy\" decoding=\"async\" width=\"1024\" height=\"709\" data-id=\"1608\" src=\"https:\/\/centraide-rcoq.ca\/hl\/wp-content\/uploads\/sites\/13\/2022\/07\/Metro-Plus-Ste-Agathe-1-1024x709.jpg\" alt=\"\" class=\"wp-image-1608\" srcset=\"https:\/\/centraide-rcoq.ca\/hl\/wp-content\/uploads\/sites\/13\/2022\/07\/Metro-Plus-Ste-Agathe-1-1024x709.jpg 1024w, https:\/\/centraide-rcoq.ca\/hl\/wp-content\/uploads\/sites\/13\/2022\/07\/Metro-Plus-Ste-Agathe-1-300x208.jpg 300w, https:\/\/centraide-rcoq.ca\/hl\/wp-content\/uploads\/sites\/13\/2022\/07\/Metro-Plus-Ste-Agathe-1-768x532.jpg 768w, https:\/\/centraide-rcoq.ca\/hl\/wp-content\/uploads\/sites\/13\/2022\/07\/Metro-Plus-Ste-Agathe-1-1536x1064.jpg 1536w, https:\/\/centraide-rcoq.ca\/hl\/wp-content\/uploads\/sites\/13\/2022\/07\/Metro-Plus-Ste-Agathe-1-2048x1418.jpg 2048w\" sizes=\"(max-width: 1024px) 100vw, 1024px\" \/><figcaption>Metro Plus Ste-Agathe<\/figcaption><\/figure>\n\n\n\n<figure class=\"wp-block-image size-large\"><img loading=\"lazy\" decoding=\"async\" width=\"1024\" height=\"949\" data-id=\"1609\" src=\"https:\/\/centraide-rcoq.ca\/hl\/wp-content\/uploads\/sites\/13\/2022\/07\/Metro-Val-David-1024x949.jpg\" alt=\"\" class=\"wp-image-1609\" srcset=\"https:\/\/centraide-rcoq.ca\/hl\/wp-content\/uploads\/sites\/13\/2022\/07\/Metro-Val-David-1024x949.jpg 1024w, https:\/\/centraide-rcoq.ca\/hl\/wp-content\/uploads\/sites\/13\/2022\/07\/Metro-Val-David-300x278.jpg 300w, https:\/\/centraide-rcoq.ca\/hl\/wp-content\/uploads\/sites\/13\/2022\/07\/Metro-Val-David-768x712.jpg 768w, https:\/\/centraide-rcoq.ca\/hl\/wp-content\/uploads\/sites\/13\/2022\/07\/Metro-Val-David-1536x1423.jpg 1536w, https:\/\/centraide-rcoq.ca\/hl\/wp-content\/uploads\/sites\/13\/2022\/07\/Metro-Val-David-2048x1898.jpg 2048w\" sizes=\"(max-width: 1024px) 100vw, 1024px\" \/><figcaption>Metro Val David<\/figcaption><\/figure>\n<\/figure>\n\n\n\n<div class=\"wp-block-media-text alignwide is-stacked-on-mobile\" style=\"grid-template-columns:23% auto\"><figure class=\"wp-block-media-text__media\"><img loading=\"lazy\" decoding=\"async\" width=\"768\" height=\"1024\" src=\"https:\/\/centraide-rcoq.ca\/hl\/wp-content\/uploads\/sites\/13\/2022\/07\/Prix-Coup-de-coeur_Christian-Giroux-768x1024.jpg\" alt=\"\" class=\"wp-image-1610 size-full\" srcset=\"https:\/\/centraide-rcoq.ca\/hl\/wp-content\/uploads\/sites\/13\/2022\/07\/Prix-Coup-de-coeur_Christian-Giroux-768x1024.jpg 768w, https:\/\/centraide-rcoq.ca\/hl\/wp-content\/uploads\/sites\/13\/2022\/07\/Prix-Coup-de-coeur_Christian-Giroux-225x300.jpg 225w, https:\/\/centraide-rcoq.ca\/hl\/wp-content\/uploads\/sites\/13\/2022\/07\/Prix-Coup-de-coeur_Christian-Giroux-1152x1536.jpg 1152w, https:\/\/centraide-rcoq.ca\/hl\/wp-content\/uploads\/sites\/13\/2022\/07\/Prix-Coup-de-coeur_Christian-Giroux-1536x2048.jpg 1536w, https:\/\/centraide-rcoq.ca\/hl\/wp-content\/uploads\/sites\/13\/2022\/07\/Prix-Coup-de-coeur_Christian-Giroux-scaled.jpg 1920w\" sizes=\"(max-width: 768px) 100vw, 768px\" \/><\/figure><div class=\"wp-block-media-text__content\">\n<p><strong>PRIX COUP DE C\u0152UR 2021 : &#8211; M. Christian Giroux<\/strong> <br>Ce nouveau r\u00e9sident permanent de Mont-Tremblant a d\u00e9montr\u00e9 une volont\u00e9 de s\u2019impliquer aupr\u00e8s de Centraide qui fut des plus inspirantes. C\u2019est ainsi que Christian Giroux est devenu le pr\u00e9sident de notre nouveau Cercle des Donateurs Majeurs. Ne m\u00e9nageant aucun effort, son leadership collaboratif place l\u2019humain au c\u0153ur de son engagement. Merci de vous impliquer de fa\u00e7on durable et de viser haut pour le mieux-\u00eatre de notre communaut\u00e9 !<\/p>\n<\/div><\/div>\n","protected":false},"excerpt":{"rendered":"<p>Mont-Laurier, 18 juillet 2022 \u2013 Centraide Hautes-Laurentides a r\u00e9cemment proc\u00e9d\u00e9 \u00e0 la remise de ses prix Reconnaissance lors d\u2019un \u00e9v\u00e9nement virtuel qui a permis de souligner les actions exceptionnelles mises en place par des b\u00e9n\u00e9voles, des entreprises ou des organismes communautaires. L&rsquo;ann\u00e9e 2021 ayant encore \u00e9t\u00e9 sous le signe de la pand\u00e9mie, les actions qui [&hellip;]<\/p>\n","protected":false},"author":3,"featured_media":1060,"comment_status":"closed","ping_status":"open","sticky":false,"template":"","format":"standard","meta":{"ocean_post_layout":"","ocean_both_sidebars_style":"","ocean_both_sidebars_content_width":0,"ocean_both_sidebars_sidebars_width":0,"ocean_sidebar":"","ocean_second_sidebar":"","ocean_disable_margins":"enable","ocean_add_body_class":"","ocean_shortcode_before_top_bar":"","ocean_shortcode_after_top_bar":"","ocean_shortcode_before_header":"","ocean_shortcode_after_header":"","ocean_has_shortcode":"","ocean_shortcode_after_title":"","ocean_shortcode_before_footer_widgets":"","ocean_shortcode_after_footer_widgets":"","ocean_shortcode_before_footer_bottom":"","ocean_shortcode_after_footer_bottom":"","ocean_display_top_bar":"default","ocean_display_header":"default","ocean_header_style":"","ocean_center_header_left_menu":"","ocean_custom_header_template":"","ocean_custom_logo":0,"ocean_custom_retina_logo":0,"ocean_custom_logo_max_width":0,"ocean_custom_logo_tablet_max_width":0,"ocean_custom_logo_mobile_max_width":0,"ocean_custom_logo_max_height":0,"ocean_custom_logo_tablet_max_height":0,"ocean_custom_logo_mobile_max_height":0,"ocean_header_custom_menu":"","ocean_menu_typo_font_family":"","ocean_menu_typo_font_subset":"","ocean_menu_typo_font_size":0,"ocean_menu_typo_font_size_tablet":0,"ocean_menu_typo_font_size_mobile":0,"ocean_menu_typo_font_size_unit":"px","ocean_menu_typo_font_weight":"","ocean_menu_typo_font_weight_tablet":"","ocean_menu_typo_font_weight_mobile":"","ocean_menu_typo_transform":"","ocean_menu_typo_transform_tablet":"","ocean_menu_typo_transform_mobile":"","ocean_menu_typo_line_height":0,"ocean_menu_typo_line_height_tablet":0,"ocean_menu_typo_line_height_mobile":0,"ocean_menu_typo_line_height_unit":"","ocean_menu_typo_spacing":0,"ocean_menu_typo_spacing_tablet":0,"ocean_menu_typo_spacing_mobile":0,"ocean_menu_typo_spacing_unit":"","ocean_menu_link_color":"","ocean_menu_link_color_hover":"","ocean_menu_link_color_active":"","ocean_menu_link_background":"","ocean_menu_link_hover_background":"","ocean_menu_link_active_background":"","ocean_menu_social_links_bg":"","ocean_menu_social_hover_links_bg":"","ocean_menu_social_links_color":"","ocean_menu_social_hover_links_color":"","ocean_disable_title":"default","ocean_disable_heading":"default","ocean_post_title":"","ocean_post_subheading":"","ocean_post_title_style":"","ocean_post_title_background_color":"","ocean_post_title_background":0,"ocean_post_title_bg_image_position":"","ocean_post_title_bg_image_attachment":"","ocean_post_title_bg_image_repeat":"","ocean_post_title_bg_image_size":"","ocean_post_title_height":0,"ocean_post_title_bg_overlay":0.5,"ocean_post_title_bg_overlay_color":"","ocean_disable_breadcrumbs":"default","ocean_breadcrumbs_color":"","ocean_breadcrumbs_separator_color":"","ocean_breadcrumbs_links_color":"","ocean_breadcrumbs_links_hover_color":"","ocean_display_footer_widgets":"default","ocean_display_footer_bottom":"default","ocean_custom_footer_template":"","ocean_post_oembed":"","ocean_post_self_hosted_media":"","ocean_post_video_embed":"","ocean_link_format":"","ocean_link_format_target":"self","ocean_quote_format":"","ocean_quote_format_link":"post","ocean_gallery_link_images":"off","ocean_gallery_id":[],"footnotes":""},"categories":[1],"tags":[],"class_list":["post-1591","post","type-post","status-publish","format-standard","has-post-thumbnail","hentry","category-non-classe","entry","has-media"],"_links":{"self":[{"href":"https:\/\/centraide-rcoq.ca\/hl\/wp-json\/wp\/v2\/posts\/1591","targetHints":{"allow":["GET"]}}],"collection":[{"href":"https:\/\/centraide-rcoq.ca\/hl\/wp-json\/wp\/v2\/posts"}],"about":[{"href":"https:\/\/centraide-rcoq.ca\/hl\/wp-json\/wp\/v2\/types\/post"}],"author":[{"embeddable":true,"href":"https:\/\/centraide-rcoq.ca\/hl\/wp-json\/wp\/v2\/users\/3"}],"replies":[{"embeddable":true,"href":"https:\/\/centraide-rcoq.ca\/hl\/wp-json\/wp\/v2\/comments?post=1591"}],"version-history":[{"count":12,"href":"https:\/\/centraide-rcoq.ca\/hl\/wp-json\/wp\/v2\/posts\/1591\/revisions"}],"predecessor-version":[{"id":1616,"href":"https:\/\/centraide-rcoq.ca\/hl\/wp-json\/wp\/v2\/posts\/1591\/revisions\/1616"}],"wp:featuredmedia":[{"embeddable":true,"href":"https:\/\/centraide-rcoq.ca\/hl\/wp-json\/wp\/v2\/media\/1060"}],"wp:attachment":[{"href":"https:\/\/centraide-rcoq.ca\/hl\/wp-json\/wp\/v2\/media?parent=1591"}],"wp:term":[{"taxonomy":"category","embeddable":true,"href":"https:\/\/centraide-rcoq.ca\/hl\/wp-json\/wp\/v2\/categories?post=1591"},{"taxonomy":"post_tag","embeddable":true,"href":"https:\/\/centraide-rcoq.ca\/hl\/wp-json\/wp\/v2\/tags?post=1591"}],"curies":[{"name":"wp","href":"https:\/\/api.w.org\/{rel}","templated":true}]}}