{"id":1527,"date":"2022-06-20T13:23:49","date_gmt":"2022-06-20T17:23:49","guid":{"rendered":"https:\/\/centraide-rcoq.ca\/hl\/?p=1527"},"modified":"2022-06-22T13:57:03","modified_gmt":"2022-06-22T17:57:03","slug":"centraide-des-hautes-laurentides-annonce-un-investissement-de-plus-de-350-000-dans-la-communaute","status":"publish","type":"post","link":"https:\/\/centraide-rcoq.ca\/hl\/centraide-des-hautes-laurentides-annonce-un-investissement-de-plus-de-350-000-dans-la-communaute\/","title":{"rendered":"Centraide des Hautes-Laurentides annonce un investissement de plus de 350\u00a0000 $ dans la communaut\u00e9"},"content":{"rendered":"\n<p><strong>Mont-Laurier, 22 juin 2022<\/strong> \u2013 C\u2019est avec fiert\u00e9 que Centraide Hautes-Laurentides (HL) a d\u00e9voil\u00e9 en primeur un investissement social et communautaire de 350&nbsp;000 $ visant \u00e0 lutter contre la pauvret\u00e9 et l\u2019exclusion sociale, de m\u00eame qu\u2019\u00e0 soutenir les personnes vuln\u00e9rables qui ont \u00e9t\u00e9 grandement fragilis\u00e9es par les cons\u00e9quences de la pand\u00e9mie. Il s\u2019agit d\u2019une augmentation de 53 % par rapport \u00e0 l\u2019an pass\u00e9.<\/p>\n\n\n\n<div class=\"wp-block-media-text alignwide is-stacked-on-mobile\" style=\"grid-template-columns:26% auto\"><figure class=\"wp-block-media-text__media\"><img fetchpriority=\"high\" decoding=\"async\" width=\"1024\" height=\"819\" src=\"https:\/\/centraide-rcoq.ca\/hl\/wp-content\/uploads\/sites\/13\/2022\/06\/Laure-Voilquin_Centraide-HL-1024x819.jpg\" alt=\"\" class=\"wp-image-1545 size-full\" srcset=\"https:\/\/centraide-rcoq.ca\/hl\/wp-content\/uploads\/sites\/13\/2022\/06\/Laure-Voilquin_Centraide-HL-1024x819.jpg 1024w, https:\/\/centraide-rcoq.ca\/hl\/wp-content\/uploads\/sites\/13\/2022\/06\/Laure-Voilquin_Centraide-HL-300x240.jpg 300w, https:\/\/centraide-rcoq.ca\/hl\/wp-content\/uploads\/sites\/13\/2022\/06\/Laure-Voilquin_Centraide-HL-768x614.jpg 768w, https:\/\/centraide-rcoq.ca\/hl\/wp-content\/uploads\/sites\/13\/2022\/06\/Laure-Voilquin_Centraide-HL-1536x1229.jpg 1536w, https:\/\/centraide-rcoq.ca\/hl\/wp-content\/uploads\/sites\/13\/2022\/06\/Laure-Voilquin_Centraide-HL-2048x1638.jpg 2048w\" sizes=\"(max-width: 1024px) 100vw, 1024px\" \/><\/figure><div class=\"wp-block-media-text__content\">\n<p>D\u2019entr\u00e9e de jeu, la directrice r\u00e9gionale de Centraide HL, Laure Voilquin, a remerci\u00e9 les donateurs, b\u00e9n\u00e9voles, partenaires du milieu municipal, des affaires et du milieu communautaire, indiquant que \u00ab la force du nombre peut soulever des montagnes et changer le visage d\u2019une soci\u00e9t\u00e9. \u00bb<\/p>\n\n\n\n<p>Mme Voilquin a mis l\u2019accent sur les initiatives porteuses ayant contribu\u00e9 au succ\u00e8s de la campagne 2021, notamment la cr\u00e9ation du Cercle des donateurs majeurs, regroupant aujourd\u2019hui plus d\u2019une dizaine de membres d\u00e9sireux de contribuer \u00e0 la transformation de leur milieu en changeant la trajectoire de vie des personnes plus vuln\u00e9rables.<\/p>\n\n\n\n<p>Christian Giroux, pr\u00e9sident du Cercle des Donateurs Majeurs, a pour sa part affirm\u00e9&nbsp;que&nbsp;\u00ab soutenir Centraide Hautes-Laurentides, c\u2019est choisir de faire une diff\u00e9rence imm\u00e9diate dans notre milieu de vie et combattre l\u2019isolement social et la pauvret\u00e9 en soutenant les organismes implant\u00e9s dans leurs communaut\u00e9s. \u00bb<\/p>\n\n\n\n<p>Il a ajout\u00e9 que notre filet social d\u00e9pend de nous tous, invitant la population \u00e0 \u00ab faire partie de la solution et \u00e0 donner g\u00e9n\u00e9reusement.\u00a0\u00bb<\/p>\n<\/div><\/div>\n\n\n\n<p>\u00ab Centraide est un r\u00e9seau de partenaires qui vont tous dans la m\u00eame direction\u00a0\u00bb a affirm\u00e9 Mme Voilquin. \u00ab\u00a0Nos investissements sociaux se d\u00e9clinent dans le soutien financier direct aux organismes et dans notre engagement dans le d\u00e9veloppement social de notre territoire \u00bb a-t-elle expliqu\u00e9. Elle a ajout\u00e9 qu\u2019\u00e0 Centraide, \u00ab on croit fermement que pour contribuer tangiblement \u00e0 am\u00e9liorer les conditions de vie de nos concitoyens, il faut agir en amont des causes de la pauvret\u00e9. Ainsi, Centraide HL participe activement aux r\u00e9flexions et \u00e0 l\u2019effort collectif pour la mise en \u0153uvre de projets structurants pour le mieux-\u00eatre de notre communaut\u00e9 \u00bb.<\/p>\n\n\n\n<p>Elle n\u2019a d\u2019ailleurs pas manqu\u00e9 de saluer le travail exemplaire des b\u00e9n\u00e9voles du Comit\u00e9 d\u2019analyse et de relation avec les organismes, qui alimentent les r\u00e9flexions et scrutent avec une grande rigueur les demandes des organismes en tenant compte des enjeux et priorit\u00e9s des territoires.<\/p>\n\n\n\n<p>En conclusion, Laure Voilquin a mentionn\u00e9 qu\u2019elle en est \u00e0 sa sixi\u00e8me campagne et qu\u2019elle est toujours t\u00e9moin des probl\u00e8mes v\u00e9cus par une importante frange de la population, partout dans la r\u00e9gion. \u00ab Je peux vous dire qu\u2019on ne s\u2019habitue pas, que la vuln\u00e9rabilit\u00e9 est partout, malheureusement m\u00eame l\u00e0 o\u00f9 on ne s\u2019y attend pas et que personne n\u2019est \u00e0 l\u2019abri de mettre un genou \u00e0 terre \u00bb.<\/p>\n\n\n\n<p class=\"has-text-align-center\">&#8211; 30 &#8211;<\/p>\n","protected":false},"excerpt":{"rendered":"<p>Mont-Laurier, 22 juin 2022 \u2013 C\u2019est avec fiert\u00e9 que Centraide Hautes-Laurentides (HL) a d\u00e9voil\u00e9 en primeur un investissement social et communautaire de 350&nbsp;000 $ visant \u00e0 lutter contre la pauvret\u00e9 et l\u2019exclusion sociale, de m\u00eame qu\u2019\u00e0 soutenir les personnes vuln\u00e9rables qui ont \u00e9t\u00e9 grandement fragilis\u00e9es par les cons\u00e9quences de la pand\u00e9mie. Il s\u2019agit d\u2019une augmentation [&hellip;]<\/p>\n","protected":false},"author":3,"featured_media":1060,"comment_status":"closed","ping_status":"open","sticky":false,"template":"","format":"standard","meta":{"ocean_post_layout":"","ocean_both_sidebars_style":"","ocean_both_sidebars_content_width":0,"ocean_both_sidebars_sidebars_width":0,"ocean_sidebar":"","ocean_second_sidebar":"","ocean_disable_margins":"enable","ocean_add_body_class":"","ocean_shortcode_before_top_bar":"","ocean_shortcode_after_top_bar":"","ocean_shortcode_before_header":"","ocean_shortcode_after_header":"","ocean_has_shortcode":"","ocean_shortcode_after_title":"","ocean_shortcode_before_footer_widgets":"","ocean_shortcode_after_footer_widgets":"","ocean_shortcode_before_footer_bottom":"","ocean_shortcode_after_footer_bottom":"","ocean_display_top_bar":"default","ocean_display_header":"default","ocean_header_style":"","ocean_center_header_left_menu":"","ocean_custom_header_template":"","ocean_custom_logo":0,"ocean_custom_retina_logo":0,"ocean_custom_logo_max_width":0,"ocean_custom_logo_tablet_max_width":0,"ocean_custom_logo_mobile_max_width":0,"ocean_custom_logo_max_height":0,"ocean_custom_logo_tablet_max_height":0,"ocean_custom_logo_mobile_max_height":0,"ocean_header_custom_menu":"","ocean_menu_typo_font_family":"","ocean_menu_typo_font_subset":"","ocean_menu_typo_font_size":0,"ocean_menu_typo_font_size_tablet":0,"ocean_menu_typo_font_size_mobile":0,"ocean_menu_typo_font_size_unit":"px","ocean_menu_typo_font_weight":"","ocean_menu_typo_font_weight_tablet":"","ocean_menu_typo_font_weight_mobile":"","ocean_menu_typo_transform":"","ocean_menu_typo_transform_tablet":"","ocean_menu_typo_transform_mobile":"","ocean_menu_typo_line_height":0,"ocean_menu_typo_line_height_tablet":0,"ocean_menu_typo_line_height_mobile":0,"ocean_menu_typo_line_height_unit":"","ocean_menu_typo_spacing":0,"ocean_menu_typo_spacing_tablet":0,"ocean_menu_typo_spacing_mobile":0,"ocean_menu_typo_spacing_unit":"","ocean_menu_link_color":"","ocean_menu_link_color_hover":"","ocean_menu_link_color_active":"","ocean_menu_link_background":"","ocean_menu_link_hover_background":"","ocean_menu_link_active_background":"","ocean_menu_social_links_bg":"","ocean_menu_social_hover_links_bg":"","ocean_menu_social_links_color":"","ocean_menu_social_hover_links_color":"","ocean_disable_title":"default","ocean_disable_heading":"default","ocean_post_title":"","ocean_post_subheading":"","ocean_post_title_style":"","ocean_post_title_background_color":"","ocean_post_title_background":0,"ocean_post_title_bg_image_position":"","ocean_post_title_bg_image_attachment":"","ocean_post_title_bg_image_repeat":"","ocean_post_title_bg_image_size":"","ocean_post_title_height":0,"ocean_post_title_bg_overlay":0.5,"ocean_post_title_bg_overlay_color":"","ocean_disable_breadcrumbs":"default","ocean_breadcrumbs_color":"","ocean_breadcrumbs_separator_color":"","ocean_breadcrumbs_links_color":"","ocean_breadcrumbs_links_hover_color":"","ocean_display_footer_widgets":"default","ocean_display_footer_bottom":"default","ocean_custom_footer_template":"","ocean_post_oembed":"","ocean_post_self_hosted_media":"","ocean_post_video_embed":"","ocean_link_format":"","ocean_link_format_target":"self","ocean_quote_format":"","ocean_quote_format_link":"post","ocean_gallery_link_images":"off","ocean_gallery_id":[],"footnotes":""},"categories":[1],"tags":[],"class_list":["post-1527","post","type-post","status-publish","format-standard","has-post-thumbnail","hentry","category-non-classe","entry","has-media"],"_links":{"self":[{"href":"https:\/\/centraide-rcoq.ca\/hl\/wp-json\/wp\/v2\/posts\/1527","targetHints":{"allow":["GET"]}}],"collection":[{"href":"https:\/\/centraide-rcoq.ca\/hl\/wp-json\/wp\/v2\/posts"}],"about":[{"href":"https:\/\/centraide-rcoq.ca\/hl\/wp-json\/wp\/v2\/types\/post"}],"author":[{"embeddable":true,"href":"https:\/\/centraide-rcoq.ca\/hl\/wp-json\/wp\/v2\/users\/3"}],"replies":[{"embeddable":true,"href":"https:\/\/centraide-rcoq.ca\/hl\/wp-json\/wp\/v2\/comments?post=1527"}],"version-history":[{"count":9,"href":"https:\/\/centraide-rcoq.ca\/hl\/wp-json\/wp\/v2\/posts\/1527\/revisions"}],"predecessor-version":[{"id":1548,"href":"https:\/\/centraide-rcoq.ca\/hl\/wp-json\/wp\/v2\/posts\/1527\/revisions\/1548"}],"wp:featuredmedia":[{"embeddable":true,"href":"https:\/\/centraide-rcoq.ca\/hl\/wp-json\/wp\/v2\/media\/1060"}],"wp:attachment":[{"href":"https:\/\/centraide-rcoq.ca\/hl\/wp-json\/wp\/v2\/media?parent=1527"}],"wp:term":[{"taxonomy":"category","embeddable":true,"href":"https:\/\/centraide-rcoq.ca\/hl\/wp-json\/wp\/v2\/categories?post=1527"},{"taxonomy":"post_tag","embeddable":true,"href":"https:\/\/centraide-rcoq.ca\/hl\/wp-json\/wp\/v2\/tags?post=1527"}],"curies":[{"name":"wp","href":"https:\/\/api.w.org\/{rel}","templated":true}]}}