{"id":1040,"date":"2020-10-05T09:06:51","date_gmt":"2020-10-05T13:06:51","guid":{"rendered":"https:\/\/centraide-rcoq.ca\/hl\/?p=1040"},"modified":"2020-10-05T13:54:40","modified_gmt":"2020-10-05T17:54:40","slug":"fonds-durgence-pour-lappui-communautaire-pres-de-190-000-investis-par-centraide-hautes-laurentides","status":"publish","type":"post","link":"https:\/\/centraide-rcoq.ca\/hl\/fonds-durgence-pour-lappui-communautaire-pres-de-190-000-investis-par-centraide-hautes-laurentides\/","title":{"rendered":"Fonds d\u2019urgence pour l\u2019appui communautaire :  pr\u00e8s de 190 000 $ investis par Centraide Hautes-Laurentides"},"content":{"rendered":"\n<p class=\"has-medium-font-size\">Centraide\nHautes-Laurentides (Centraide HL) a administr\u00e9 un premier cycle\nd\u2019investissement crucial de 189&nbsp;793 $ vers\u00e9 par le gouvernement du Canada\ndans les services essentiels \u00e0 l\u2019intention des personnes vuln\u00e9rables au sein de\nnotre communaut\u00e9 \u00e0 ce jour et est heureux d\u2019annoncer qu\u2019un deuxi\u00e8me cycle\nd\u2019investissement suivra dans le cadre de ce m\u00eame fonds d\u2019urgence.<\/p>\n\n\n\n<p><strong>Mont-Laurier, 5\noctobre 2020 &#8211; <\/strong>Le\n19&nbsp;mai dernier, Centraide HL a lanc\u00e9 un appel de demandes\npour le Fonds d\u2019urgence pour l\u2019appui communautaire (FUAC). Ce fonds octroie un\nsoutien financier aux organismes de bienfaisance et d\u2019autres donataires\nreconnus qui adaptent leurs services de premi\u00e8re ligne afin de soutenir les Canadiens\nvuln\u00e9rables pendant la pand\u00e9mie de COVID-19. Le FUAC est financ\u00e9 par le\ngouvernement du Canada et est administr\u00e9 en collaboration avec Centraide United\nWay Canada, les Fondations communautaires du Canada et la Croix-Rouge\ncanadienne. <\/p>\n\n\n\n<p>Aujourd\u2019hui,\nCentraide HL est heureux de communiquer\nune mise \u00e0 jour sur les b\u00e9n\u00e9ficiaires de ce financement. Plus de 12 demandes de\nfinancement \u00e0 l\u2019appui de programmes et services de soutien communautaires \u00e0\nl\u2019intention de membres vuln\u00e9rables de sa communaut\u00e9 ont \u00e9t\u00e9 re\u00e7ues. Jusqu\u2019ici, 9\norganismes ont \u00e9t\u00e9 approuv\u00e9s pour un financement total de 189&nbsp;793 $. La liste des organismes financ\u00e9s par ce\nprogramme est disponible sur le site web de Centraide HL. <\/p>\n\n\n\n<p>\u00ab Les\norganismes de bienfaisance et sans but lucratif sont au c\u0153ur de nos\ncollectivit\u00e9s. Ils aident les Canadiens les plus vuln\u00e9rables durant la pand\u00e9mie\nde COVID-19. Le gouvernement du Canada est heureux de soutenir ces organismes\npar l\u2019entremise du Fonds d\u2019urgence pour l\u2019appui communautaire, afin qu\u2019ils\npuissent continuer leur travail inestimable. \u00bb&nbsp;\n&#8211;&nbsp; L\u2019honorable Ahmed Hussen,\nministre de la Famille, des Enfants et du D\u00e9veloppement social<\/p>\n\n\n\n<p>\u00ab De notre c\u00f4t\u00e9, nous sommes ravis de la collaboration exemplaire entre les diff\u00e9rentes instances qui ont particip\u00e9 aux d\u00e9cisions et \u00e0 l\u2019\u00e9tablissement de nouveaux partenariats. Nous avons entre autres travaill\u00e9 avec les organismes communautaires, pour mieux cerner les besoins et suivre l\u2019\u00e9volution de la situation, mais aussi avec les instances en d\u00e9veloppement social et en sant\u00e9 et services sociaux. Une collaboration fort pertinente pour utiliser avec diligence les sommes importantes qui nous ont \u00e9t\u00e9 confi\u00e9es. \u00bb                           &#8211; Laure Voilquin, directrice r\u00e9gionale de Centraide HL<\/p>\n\n\n\n<p>D\u2019ailleurs, le 5 octobre, Centraide HL a lanc\u00e9 un deuxi\u00e8me appel de demandes pour le Fonds d\u2019urgence pour l\u2019appui communautaire (FUAC). Ce fonds octroie un soutien financier aux organismes de bienfaisance et d\u2019autres donataires reconnus qui adaptent leurs services de premi\u00e8re ligne afin de soutenir les Canadiens vuln\u00e9rables pendant la pand\u00e9mie de COVID-19. Centraide HL accepte les demandes de financement pour le deuxi\u00e8me cycle de financement du Fonds d\u2019urgence pour l\u2019appui communautaire (FUAC), du 5 au 30 octobre 2020. <\/p>\n\n\n\n<div class=\"wp-block-image\"><figure class=\"alignleft\"><img decoding=\"async\" width=\"194\" height=\"52\" src=\"https:\/\/centraide-rcoq.ca\/hl\/wp-content\/uploads\/sites\/13\/2020\/10\/Logo-Canada.jpg\" alt=\"\" class=\"wp-image-1041\" \/><\/figure><\/div>\n\n\n\n<hr class=\"wp-block-separator\" \/>\n\n\n\n<p style=\"text-align:center\">-30-<\/p>\n\n\n\n<p><strong>\u00c0 propos du mouvement Centraide&nbsp;: <\/strong>Toutes les r\u00e9gions du Qu\u00e9bec sont desservies par les Centraide et chacun d&rsquo;eux&nbsp;recueille des dons&nbsp;sur son territoire pour les&nbsp;y investir afin d&rsquo;agir sur la pauvret\u00e9 et l&rsquo;exclusion sociale. Les Centraide soutiennent environ 1 500 organismes et projets communautaires qui viennent en aide \u00e0 pr\u00e8s de&nbsp;1,5 million de personnes au Qu\u00e9bec.<\/p>\n\n\n\n<p><strong>\u00c0 propos de Centraide Hautes-Laurentides\n:<\/strong><strong> <\/strong>Apr\u00e8s une r\u00e9flexion approfondie pour accentuer positivement leur action\ndans la communaut\u00e9, six Centraide\ndu Qu\u00e9bec, <strong>dont Centraide HL,<\/strong> ont fusionn\u00e9 en 2017 pour former <strong>Centraide des R\u00e9gions centre-ouest du\nQu\u00e9bec.<\/strong> En unissant leurs forces, cette approche partag\u00e9e permet\nd\u2019accro\u00eetre localement leur mission en \u00e9tant plus efficaces sur le plan\nadministratif. Elle renforce aussi leur action dans chacune de leur r\u00e9gion et\nassure que chaque dollar investi demeure dans la communaut\u00e9 o\u00f9 il a \u00e9t\u00e9\namass\u00e9.<\/p>\n\n\n\n<p><strong>Renseignements&nbsp;:<\/strong><br>Laure Voilquin <br>Directrice r\u00e9gionale<br>Centraide Hautes-Laurentides<br> 819&nbsp;681-1522 \/ direction@centraidehl.ca <\/p>\n\n\n\n<p><strong>Source :<\/strong><br>St\u00e9phanie Bombardier <br>Conseill\u00e8re principale, communications<br>Centraide des R\u00e9gions centre-ouest du Qu\u00e9bec<br>819&nbsp;477-0505 #116 \/ sbombardier@centraide-rcoq.ca<br><\/p>\n\n\n\n<p> <\/p>\n\n\n\n<p><br><\/p>\n","protected":false},"excerpt":{"rendered":"<p>Centraide Hautes-Laurentides (Centraide HL) a administr\u00e9 un premier cycle d\u2019investissement crucial de 189&nbsp;793 $ vers\u00e9 par le gouvernement du Canada dans les services essentiels \u00e0 l\u2019intention des personnes vuln\u00e9rables au sein de notre communaut\u00e9 \u00e0 ce jour et est heureux d\u2019annoncer qu\u2019un deuxi\u00e8me cycle d\u2019investissement suivra dans le cadre de ce m\u00eame fonds d\u2019urgence. Mont-Laurier, [&hellip;]<\/p>\n","protected":false},"author":3,"featured_media":1060,"comment_status":"closed","ping_status":"open","sticky":false,"template":"","format":"standard","meta":{"ocean_post_layout":"","ocean_both_sidebars_style":"","ocean_both_sidebars_content_width":0,"ocean_both_sidebars_sidebars_width":0,"ocean_sidebar":"","ocean_second_sidebar":"","ocean_disable_margins":"enable","ocean_add_body_class":"","ocean_shortcode_before_top_bar":"","ocean_shortcode_after_top_bar":"","ocean_shortcode_before_header":"","ocean_shortcode_after_header":"","ocean_has_shortcode":"","ocean_shortcode_after_title":"","ocean_shortcode_before_footer_widgets":"","ocean_shortcode_after_footer_widgets":"","ocean_shortcode_before_footer_bottom":"","ocean_shortcode_after_footer_bottom":"","ocean_display_top_bar":"default","ocean_display_header":"default","ocean_header_style":"","ocean_center_header_left_menu":"","ocean_custom_header_template":"","ocean_custom_logo":0,"ocean_custom_retina_logo":0,"ocean_custom_logo_max_width":0,"ocean_custom_logo_tablet_max_width":0,"ocean_custom_logo_mobile_max_width":0,"ocean_custom_logo_max_height":0,"ocean_custom_logo_tablet_max_height":0,"ocean_custom_logo_mobile_max_height":0,"ocean_header_custom_menu":"","ocean_menu_typo_font_family":"","ocean_menu_typo_font_subset":"","ocean_menu_typo_font_size":0,"ocean_menu_typo_font_size_tablet":0,"ocean_menu_typo_font_size_mobile":0,"ocean_menu_typo_font_size_unit":"px","ocean_menu_typo_font_weight":"","ocean_menu_typo_font_weight_tablet":"","ocean_menu_typo_font_weight_mobile":"","ocean_menu_typo_transform":"","ocean_menu_typo_transform_tablet":"","ocean_menu_typo_transform_mobile":"","ocean_menu_typo_line_height":0,"ocean_menu_typo_line_height_tablet":0,"ocean_menu_typo_line_height_mobile":0,"ocean_menu_typo_line_height_unit":"","ocean_menu_typo_spacing":0,"ocean_menu_typo_spacing_tablet":0,"ocean_menu_typo_spacing_mobile":0,"ocean_menu_typo_spacing_unit":"","ocean_menu_link_color":"","ocean_menu_link_color_hover":"","ocean_menu_link_color_active":"","ocean_menu_link_background":"","ocean_menu_link_hover_background":"","ocean_menu_link_active_background":"","ocean_menu_social_links_bg":"","ocean_menu_social_hover_links_bg":"","ocean_menu_social_links_color":"","ocean_menu_social_hover_links_color":"","ocean_disable_title":"default","ocean_disable_heading":"default","ocean_post_title":"","ocean_post_subheading":"","ocean_post_title_style":"","ocean_post_title_background_color":"","ocean_post_title_background":0,"ocean_post_title_bg_image_position":"","ocean_post_title_bg_image_attachment":"","ocean_post_title_bg_image_repeat":"","ocean_post_title_bg_image_size":"","ocean_post_title_height":0,"ocean_post_title_bg_overlay":0.5,"ocean_post_title_bg_overlay_color":"","ocean_disable_breadcrumbs":"default","ocean_breadcrumbs_color":"","ocean_breadcrumbs_separator_color":"","ocean_breadcrumbs_links_color":"","ocean_breadcrumbs_links_hover_color":"","ocean_display_footer_widgets":"default","ocean_display_footer_bottom":"default","ocean_custom_footer_template":"","ocean_post_oembed":"","ocean_post_self_hosted_media":"","ocean_post_video_embed":"","ocean_link_format":"","ocean_link_format_target":"self","ocean_quote_format":"","ocean_quote_format_link":"post","ocean_gallery_link_images":"off","ocean_gallery_id":[],"footnotes":""},"categories":[1],"tags":[],"class_list":["post-1040","post","type-post","status-publish","format-standard","has-post-thumbnail","hentry","category-non-classe","entry","has-media"],"_links":{"self":[{"href":"https:\/\/centraide-rcoq.ca\/hl\/wp-json\/wp\/v2\/posts\/1040","targetHints":{"allow":["GET"]}}],"collection":[{"href":"https:\/\/centraide-rcoq.ca\/hl\/wp-json\/wp\/v2\/posts"}],"about":[{"href":"https:\/\/centraide-rcoq.ca\/hl\/wp-json\/wp\/v2\/types\/post"}],"author":[{"embeddable":true,"href":"https:\/\/centraide-rcoq.ca\/hl\/wp-json\/wp\/v2\/users\/3"}],"replies":[{"embeddable":true,"href":"https:\/\/centraide-rcoq.ca\/hl\/wp-json\/wp\/v2\/comments?post=1040"}],"version-history":[{"count":3,"href":"https:\/\/centraide-rcoq.ca\/hl\/wp-json\/wp\/v2\/posts\/1040\/revisions"}],"predecessor-version":[{"id":1056,"href":"https:\/\/centraide-rcoq.ca\/hl\/wp-json\/wp\/v2\/posts\/1040\/revisions\/1056"}],"wp:featuredmedia":[{"embeddable":true,"href":"https:\/\/centraide-rcoq.ca\/hl\/wp-json\/wp\/v2\/media\/1060"}],"wp:attachment":[{"href":"https:\/\/centraide-rcoq.ca\/hl\/wp-json\/wp\/v2\/media?parent=1040"}],"wp:term":[{"taxonomy":"category","embeddable":true,"href":"https:\/\/centraide-rcoq.ca\/hl\/wp-json\/wp\/v2\/categories?post=1040"},{"taxonomy":"post_tag","embeddable":true,"href":"https:\/\/centraide-rcoq.ca\/hl\/wp-json\/wp\/v2\/tags?post=1040"}],"curies":[{"name":"wp","href":"https:\/\/api.w.org\/{rel}","templated":true}]}}