{"id":3503,"date":"2025-09-24T07:57:59","date_gmt":"2025-09-24T11:57:59","guid":{"rendered":"https:\/\/centraide-rcoq.ca\/cdq\/?p=3503"},"modified":"2025-09-24T07:58:00","modified_gmt":"2025-09-24T11:58:00","slug":"centraide-centre-du-quebec-lance-sa-campagne-2025","status":"publish","type":"post","link":"https:\/\/centraide-rcoq.ca\/cdq\/centraide-centre-du-quebec-lance-sa-campagne-2025\/","title":{"rendered":"Centraide Centre-du-Qu\u00e9bec lance sa campagne 2025\u00a0"},"content":{"rendered":"\n<p>Hier soir, Centraide Centre-du-Qu\u00e9bec a officiellement lanc\u00e9 sa campagne 2025 lors d\u2019un \u00e9v\u00e9nement qui a rassembl\u00e9 plus d\u2019une centaine de personnes issues du milieu des affaires, du secteur communautaire et de la population. Ce lancement a \u00e9t\u00e9 l\u2019occasion de rappeler l\u2019importance du ralliement \u00ab <strong>\u00c0 go, on Centraide<\/strong> \u00bb, qui incarne la volont\u00e9 de toute une communaut\u00e9 de s\u2019unir pour faire avancer la solidarit\u00e9.\u00a0<\/p>\n\n\n\n<p>Centraide Centre-du-Qu\u00e9bec tient \u00e0 exprimer sa profonde gratitude envers ses partenaires de la soir\u00e9e : l\u2019Aubier microbrasserie, Saputo, Ma Yeule cuisine du bonheur ainsi que l\u2019UQTR \u2013 campus de Drummondville, qui a accueilli l\u2019\u00e9v\u00e9nement avec g\u00e9n\u00e9rosit\u00e9.&nbsp;<\/p>\n\n\n\n<h3 class=\"wp-block-heading\">Un appel \u00e0 la solidarit\u00e9&nbsp;<\/h3>\n\n\n\n<p>\u00ab Centraide, ce n\u2019est pas qu\u2019une campagne de financement, <strong>c\u2019est un mouvement collectif qui agit chaque jour pour b\u00e2tir des communaut\u00e9s inclusives, solidaires et sans pauvret\u00e9<\/strong>. Donner \u00e0 Centraide, ce n\u2019est pas seulement poser un geste de g\u00e9n\u00e9rosit\u00e9, <strong>c\u2019est investir dans la qualit\u00e9 de vie des gens d\u2019ici<\/strong> \u00bb, a d\u00e9clar\u00e9 Marc H. Plante, directeur du d\u00e9veloppement et des partenariats de Centraide Centre-du-Qu\u00e9bec.\u00a0<\/p>\n\n\n\n<p>Les d\u00e9fis demeurent immenses : inflation, crise du logement, baisse des revenus disponibles, sant\u00e9 mentale et isolement social. De plus en plus de personnes de notre r\u00e9gion doivent compter sur la solidarit\u00e9 pour traverser ces \u00e9preuves.&nbsp;<\/p>\n\n\n\n<p>\u00ab Une personne sur cinq b\u00e9n\u00e9ficie directement du soutien de Centraide, mais en r\u00e9alit\u00e9, c\u2019est toute la collectivit\u00e9 qui en profite. <strong>En appuyant un r\u00e9seau d\u2019organismes qui luttent contre la pauvret\u00e9 et l\u2019exclusion sociale, c\u2019est l\u2019ensemble de notre milieu de vie que nous renfor\u00e7ons<\/strong> \u00bb, a soulign\u00e9 Tommy Jodoin, pr\u00e9sident de la campagne 2025.\u00a0<\/p>\n\n\n<div class=\"wp-block-image\">\n<figure class=\"alignright size-large is-resized\"><img fetchpriority=\"high\" decoding=\"async\" width=\"1024\" height=\"769\" src=\"https:\/\/centraide-rcoq.ca\/cdq\/wp-content\/uploads\/sites\/9\/2025\/09\/quelques-invites-1024x769.jpg\" alt=\"\" class=\"wp-image-3505\" style=\"width:415px;height:auto\" srcset=\"https:\/\/centraide-rcoq.ca\/cdq\/wp-content\/uploads\/sites\/9\/2025\/09\/quelques-invites-1024x769.jpg 1024w, https:\/\/centraide-rcoq.ca\/cdq\/wp-content\/uploads\/sites\/9\/2025\/09\/quelques-invites-300x225.jpg 300w, https:\/\/centraide-rcoq.ca\/cdq\/wp-content\/uploads\/sites\/9\/2025\/09\/quelques-invites-768x577.jpg 768w, https:\/\/centraide-rcoq.ca\/cdq\/wp-content\/uploads\/sites\/9\/2025\/09\/quelques-invites.jpg 1284w\" sizes=\"(max-width: 1024px) 100vw, 1024px\" \/><\/figure>\n<\/div>\n\n\n<h3 class=\"wp-block-heading\">Une soir\u00e9e rassembleuse&nbsp;&nbsp;<\/h3>\n\n\n\n<p>Ce coup d\u2019envoi a mis en valeur le r\u00f4le essentiel des organismes communautaires du Centre-du-Qu\u00e9bec, v\u00e9ritables piliers de solidarit\u00e9.&nbsp;<\/p>\n\n\n\n<p>\u00ab Ensemble, nous avons le pouvoir de transformer les choses. <strong>J\u2019invite chaque citoyenne, chaque organisation et chaque entreprise \u00e0 se joindre \u00e0 nous pour faire une r\u00e9elle diff\u00e9rence <\/strong>\u00bb, a ajout\u00e9 Tommy Jodoin.\u00a0<\/p>\n\n\n\n<h3 class=\"wp-block-heading\">Comment se mobiliser&nbsp;<\/h3>\n\n\n\n<p><strong>La r\u00e9ussite de cette campagne repose sur la participation de toutes et tous.<\/strong> Qu\u2019il s\u2019agisse d\u2019un don individuel, d\u2019un don mensuel, d\u2019un don corporatif, d\u2019une campagne en milieu de travail ou d\u2019un engagement b\u00e9n\u00e9vole, chaque geste contribue \u00e0 b\u00e2tir une communaut\u00e9 plus forte et plus r\u00e9siliente.\u00a0<\/p>\n\n\n\n<p>Pour contribuer \u00e0 la campagne de Centraide Centre-du-Qu\u00e9bec : <\/p>\n\n\n\n<div class=\"wp-block-buttons is-content-justification-center is-layout-flex wp-container-core-buttons-is-layout-16018d1d wp-block-buttons-is-layout-flex\">\n<div class=\"wp-block-button\"><a class=\"wp-block-button__link has-text-align-center wp-element-button\" href=\"http:\/\/donnez.centraide.ca\/donnez\/WDRUM\">Faire un don<\/a><\/div>\n<\/div>\n","protected":false},"excerpt":{"rendered":"<p>Hier soir, Centraide Centre-du-Qu\u00e9bec a officiellement lanc\u00e9 sa campagne 2025 lors d\u2019un \u00e9v\u00e9nement qui a rassembl\u00e9 plus d\u2019une centaine de personnes issues du milieu des affaires, du secteur communautaire et de la population. Ce lancement a \u00e9t\u00e9 l\u2019occasion de rappeler l\u2019importance du ralliement \u00ab \u00c0 go, on Centraide \u00bb, qui incarne la volont\u00e9 de toute [&hellip;]<\/p>\n","protected":false},"author":2,"featured_media":3504,"comment_status":"closed","ping_status":"closed","sticky":false,"template":"","format":"standard","meta":{"ocean_post_layout":"","ocean_both_sidebars_style":"","ocean_both_sidebars_content_width":0,"ocean_both_sidebars_sidebars_width":0,"ocean_sidebar":"","ocean_second_sidebar":"","ocean_disable_margins":"enable","ocean_add_body_class":"","ocean_shortcode_before_top_bar":"","ocean_shortcode_after_top_bar":"","ocean_shortcode_before_header":"","ocean_shortcode_after_header":"","ocean_has_shortcode":"","ocean_shortcode_after_title":"","ocean_shortcode_before_footer_widgets":"","ocean_shortcode_after_footer_widgets":"","ocean_shortcode_before_footer_bottom":"","ocean_shortcode_after_footer_bottom":"","ocean_display_top_bar":"default","ocean_display_header":"default","ocean_header_style":"","ocean_center_header_left_menu":"","ocean_custom_header_template":"","ocean_custom_logo":0,"ocean_custom_retina_logo":0,"ocean_custom_logo_max_width":0,"ocean_custom_logo_tablet_max_width":0,"ocean_custom_logo_mobile_max_width":0,"ocean_custom_logo_max_height":0,"ocean_custom_logo_tablet_max_height":0,"ocean_custom_logo_mobile_max_height":0,"ocean_header_custom_menu":"","ocean_menu_typo_font_family":"","ocean_menu_typo_font_subset":"","ocean_menu_typo_font_size":0,"ocean_menu_typo_font_size_tablet":0,"ocean_menu_typo_font_size_mobile":0,"ocean_menu_typo_font_size_unit":"px","ocean_menu_typo_font_weight":"","ocean_menu_typo_font_weight_tablet":"","ocean_menu_typo_font_weight_mobile":"","ocean_menu_typo_transform":"","ocean_menu_typo_transform_tablet":"","ocean_menu_typo_transform_mobile":"","ocean_menu_typo_line_height":0,"ocean_menu_typo_line_height_tablet":0,"ocean_menu_typo_line_height_mobile":0,"ocean_menu_typo_line_height_unit":"","ocean_menu_typo_spacing":0,"ocean_menu_typo_spacing_tablet":0,"ocean_menu_typo_spacing_mobile":0,"ocean_menu_typo_spacing_unit":"","ocean_menu_link_color":"","ocean_menu_link_color_hover":"","ocean_menu_link_color_active":"","ocean_menu_link_background":"","ocean_menu_link_hover_background":"","ocean_menu_link_active_background":"","ocean_menu_social_links_bg":"","ocean_menu_social_hover_links_bg":"","ocean_menu_social_links_color":"","ocean_menu_social_hover_links_color":"","ocean_disable_title":"default","ocean_disable_heading":"default","ocean_post_title":"","ocean_post_subheading":"","ocean_post_title_style":"","ocean_post_title_background_color":"","ocean_post_title_background":0,"ocean_post_title_bg_image_position":"","ocean_post_title_bg_image_attachment":"","ocean_post_title_bg_image_repeat":"","ocean_post_title_bg_image_size":"","ocean_post_title_height":0,"ocean_post_title_bg_overlay":0.5,"ocean_post_title_bg_overlay_color":"","ocean_disable_breadcrumbs":"default","ocean_breadcrumbs_color":"","ocean_breadcrumbs_separator_color":"","ocean_breadcrumbs_links_color":"","ocean_breadcrumbs_links_hover_color":"","ocean_display_footer_widgets":"default","ocean_display_footer_bottom":"default","ocean_custom_footer_template":"","ocean_post_oembed":"","ocean_post_self_hosted_media":"","ocean_post_video_embed":"","ocean_link_format":"","ocean_link_format_target":"self","ocean_quote_format":"","ocean_quote_format_link":"post","ocean_gallery_link_images":"on","ocean_gallery_id":[],"footnotes":""},"categories":[7],"tags":[],"class_list":["post-3503","post","type-post","status-publish","format-standard","has-post-thumbnail","hentry","category-nouvelles","entry","has-media"],"_links":{"self":[{"href":"https:\/\/centraide-rcoq.ca\/cdq\/wp-json\/wp\/v2\/posts\/3503","targetHints":{"allow":["GET"]}}],"collection":[{"href":"https:\/\/centraide-rcoq.ca\/cdq\/wp-json\/wp\/v2\/posts"}],"about":[{"href":"https:\/\/centraide-rcoq.ca\/cdq\/wp-json\/wp\/v2\/types\/post"}],"author":[{"embeddable":true,"href":"https:\/\/centraide-rcoq.ca\/cdq\/wp-json\/wp\/v2\/users\/2"}],"replies":[{"embeddable":true,"href":"https:\/\/centraide-rcoq.ca\/cdq\/wp-json\/wp\/v2\/comments?post=3503"}],"version-history":[{"count":3,"href":"https:\/\/centraide-rcoq.ca\/cdq\/wp-json\/wp\/v2\/posts\/3503\/revisions"}],"predecessor-version":[{"id":3508,"href":"https:\/\/centraide-rcoq.ca\/cdq\/wp-json\/wp\/v2\/posts\/3503\/revisions\/3508"}],"wp:featuredmedia":[{"embeddable":true,"href":"https:\/\/centraide-rcoq.ca\/cdq\/wp-json\/wp\/v2\/media\/3504"}],"wp:attachment":[{"href":"https:\/\/centraide-rcoq.ca\/cdq\/wp-json\/wp\/v2\/media?parent=3503"}],"wp:term":[{"taxonomy":"category","embeddable":true,"href":"https:\/\/centraide-rcoq.ca\/cdq\/wp-json\/wp\/v2\/categories?post=3503"},{"taxonomy":"post_tag","embeddable":true,"href":"https:\/\/centraide-rcoq.ca\/cdq\/wp-json\/wp\/v2\/tags?post=3503"}],"curies":[{"name":"wp","href":"https:\/\/api.w.org\/{rel}","templated":true}]}}