{"id":3328,"date":"2025-05-08T11:20:04","date_gmt":"2025-05-08T15:20:04","guid":{"rendered":"https:\/\/centraide-rcoq.ca\/cdq\/?p=3328"},"modified":"2025-05-08T15:45:34","modified_gmt":"2025-05-08T19:45:34","slug":"reconstruire-sa-vie-apres-avoir-tout-perdu-le-parcours-de-roland","status":"publish","type":"post","link":"https:\/\/centraide-rcoq.ca\/cdq\/reconstruire-sa-vie-apres-avoir-tout-perdu-le-parcours-de-roland\/","title":{"rendered":"Reconstruire sa vie apr\u00e8s avoir tout perdu : le parcours de Roland"},"content":{"rendered":"\n<h2 class=\"wp-block-heading\"><strong>L\u2019histoire d\u2019un \u00e9b\u00e9niste qui a surmont\u00e9 les obstacles<\/strong><\/h2>\n\n\n\n<p>L\u2019histoire de Roland&nbsp;<strong>peut arriver \u00e0 n\u2019importe qui<\/strong>. Une malchance est si vite arriv\u00e9e, mais son parcours nous rappelle qu\u2019<strong>avec le bon soutien, il est possible de se relever des situations les plus difficiles<\/strong>.&nbsp;<\/p>\n\n\n\n<h3 class=\"wp-block-heading\"><strong>Une vie stable boulevers\u00e9e<\/strong><\/h3>\n\n\n\n<p>\u00c9b\u00e9niste de m\u00e9tier, il travaillait avec passion et d\u00e9vouement. Son quotidien \u00e9tait rythm\u00e9 par son travail et sa vie de famille, aux c\u00f4t\u00e9s de sa femme et de leur fils de trois ans.<\/p>\n\n\n\n<blockquote class=\"wp-block-quote is-layout-flow wp-block-quote-is-layout-flow\">\n<p><\/p>\n<\/blockquote>\n\n\n\n<blockquote class=\"wp-block-quote is-layout-flow wp-block-quote-is-layout-flow\">\n<p><em>Je travaillais pour offrir une vie stable \u00e0 ma famille. J\u2019aimais mon m\u00e9tier et je menais une vie tranquille.<\/em><\/p>\n<\/blockquote>\n\n\n\n<p><strong>Mais un jour, alors qu\u2019il aidait un ami \u00e0 refaire son toit, l\u2019impensable s\u2019est produit<\/strong>&nbsp;: une grave chute a pr\u00e9cipit\u00e9 Roland dans un gouffre physique et \u00e9motionnel. Fractures multiples, op\u00e9rations, mois d\u2019hospitalisation\u2026 Sa vie a bascul\u00e9.<\/p>\n\n\n<div class=\"wp-block-image\">\n<figure class=\"alignright size-large is-resized\"><img fetchpriority=\"high\" decoding=\"async\" width=\"819\" height=\"1024\" src=\"https:\/\/centraide-rcoq.ca\/cdq\/wp-content\/uploads\/sites\/9\/2025\/05\/NVA04709-modifie-819x1024.png\" alt=\"Roland, b\u00e9n\u00e9ficiaire d\u2019un organisme communautaire, aujourd\u2019hui impliqu\u00e9 activement dans l\u2019atelier de menuiserie.\" class=\"wp-image-3335\" style=\"width:270px;height:auto\" srcset=\"https:\/\/centraide-rcoq.ca\/cdq\/wp-content\/uploads\/sites\/9\/2025\/05\/NVA04709-modifie-819x1024.png 819w, https:\/\/centraide-rcoq.ca\/cdq\/wp-content\/uploads\/sites\/9\/2025\/05\/NVA04709-modifie-240x300.png 240w, https:\/\/centraide-rcoq.ca\/cdq\/wp-content\/uploads\/sites\/9\/2025\/05\/NVA04709-modifie-768x960.png 768w, https:\/\/centraide-rcoq.ca\/cdq\/wp-content\/uploads\/sites\/9\/2025\/05\/NVA04709-modifie-1229x1536.png 1229w, https:\/\/centraide-rcoq.ca\/cdq\/wp-content\/uploads\/sites\/9\/2025\/05\/NVA04709-modifie-1638x2048.png 1638w\" sizes=\"(max-width: 819px) 100vw, 819px\" \/><\/figure>\n<\/div>\n\n\n<h3 class=\"wp-block-heading\"><strong>La spirale descendante<\/strong><\/h3>\n\n\n\n<p>Pour un homme qui a toujours \u00e9t\u00e9 autonome et fier, il disait se retrouver impuissant face \u00e0 cette situation. Son moral s\u2019est effondr\u00e9, sa patience s\u2019amenuisait.&nbsp;<\/p>\n\n\n\n<blockquote class=\"wp-block-quote is-layout-flow wp-block-quote-is-layout-flow\">\n<p><em>Je devenais un \u00e9tranger pour ma propre famille. Je n\u2019ai pas su accepter cette \u00e9preuve. Ma femme m\u2019a quitt\u00e9, me laissant seul avec notre fils. Mes finances s\u2019effondraient et l\u2019alcool est devenu un refuge pour combler le vide. Je pensais avoir tout perdu, l\u2019itin\u00e9rance n\u2019\u00e9tait plus qu\u2019\u00e0 un pas. Plus rien n\u2019allait<\/em>.<\/p>\n<\/blockquote>\n\n\n\n<h3 class=\"wp-block-heading\"><strong>Une main tendue au moment critique<\/strong><\/h3>\n\n\n\n<p>C\u2019est au plus bas de cette descente que\u00a0<strong>Roland a trouv\u00e9 le courage de demander de l\u2019aide aupr\u00e8s d\u2019un organisme soutenu par Centraide<\/strong>. Un premier pas qui s\u2019est r\u00e9v\u00e9l\u00e9 \u00eatre un tournant d\u00e9cisif vers un avenir meilleur.<\/p>\n\n\n\n<p>Une \u00e9quipe bienveillante l\u2019a accueilli et accompagn\u00e9 tout au long d\u2019une d\u00e9marche personnelle qui lui a permis progressivement de reprendre sa vie en main. Gr\u00e2ce \u00e0 ce soutien professionnel et humain, Roland a retrouv\u00e9 l\u2019espoir et la force n\u00e9cessaires pour se reconstruire.&nbsp;<\/p>\n\n\n\n<h3 class=\"wp-block-heading\"><strong>Du b\u00e9n\u00e9ficiaire \u00e0 l\u2019aidant<\/strong><\/h3>\n\n\n\n<p>Apr\u00e8s avoir compl\u00e9t\u00e9 sa d\u00e9marche de r\u00e9tablissement, Roland s\u2019est vu offrir une opportunit\u00e9 exceptionnelle : devenir responsable de l\u2019atelier de menuiserie au sein m\u00eame de l\u2019organisme qui lui avait tendu la main.&nbsp;<strong>C\u2019est ce qui est venu fermer la boucle pour reprendre contr\u00f4le sur sa vie<\/strong>.&nbsp; Au fil du temps, Roland a d\u00e9velopp\u00e9 un nouveau r\u00e9seau d\u2019amis et plus important encore, il a pu voir son fils grandir et a trouv\u00e9 l\u2019amour \u00e0 nouveau.<\/p>\n\n\n\n<figure class=\"wp-block-gallery has-nested-images columns-default is-cropped wp-block-gallery-1 is-layout-flex wp-block-gallery-is-layout-flex\">\n<figure class=\"wp-block-image size-full\"><img decoding=\"async\" width=\"4242\" height=\"2828\" data-id=\"3332\" src=\"https:\/\/centraide-rcoq.ca\/cdq\/wp-content\/uploads\/sites\/9\/2025\/05\/NVA04729-modifie.png\" alt=\"T\u00e9moignage de r\u00e9ussite : Roland dans l\u2019organisme qui l\u2019a aid\u00e9 \u00e0 reprendre confiance, debout dans l\u2019atelier.\" class=\"wp-image-3332\" srcset=\"https:\/\/centraide-rcoq.ca\/cdq\/wp-content\/uploads\/sites\/9\/2025\/05\/NVA04729-modifie.png 4242w, https:\/\/centraide-rcoq.ca\/cdq\/wp-content\/uploads\/sites\/9\/2025\/05\/NVA04729-modifie-300x200.png 300w, https:\/\/centraide-rcoq.ca\/cdq\/wp-content\/uploads\/sites\/9\/2025\/05\/NVA04729-modifie-1024x683.png 1024w, https:\/\/centraide-rcoq.ca\/cdq\/wp-content\/uploads\/sites\/9\/2025\/05\/NVA04729-modifie-768x512.png 768w, https:\/\/centraide-rcoq.ca\/cdq\/wp-content\/uploads\/sites\/9\/2025\/05\/NVA04729-modifie-1536x1024.png 1536w, https:\/\/centraide-rcoq.ca\/cdq\/wp-content\/uploads\/sites\/9\/2025\/05\/NVA04729-modifie-2048x1365.png 2048w\" sizes=\"(max-width: 4242px) 100vw, 4242px\" \/><\/figure>\n\n\n\n<figure class=\"wp-block-image size-full\"><img decoding=\"async\" width=\"1707\" height=\"2560\" data-id=\"3333\" src=\"https:\/\/centraide-rcoq.ca\/cdq\/wp-content\/uploads\/sites\/9\/2025\/05\/NVA04814-scaled.jpg\" alt=\"Atelier de menuiserie dans un organisme communautaire, lieu de r\u00e9insertion et d\u2019accompagnement pour les personnes aid\u00e9es.\n\n\" class=\"wp-image-3333\" srcset=\"https:\/\/centraide-rcoq.ca\/cdq\/wp-content\/uploads\/sites\/9\/2025\/05\/NVA04814-scaled.jpg 1707w, https:\/\/centraide-rcoq.ca\/cdq\/wp-content\/uploads\/sites\/9\/2025\/05\/NVA04814-200x300.jpg 200w, https:\/\/centraide-rcoq.ca\/cdq\/wp-content\/uploads\/sites\/9\/2025\/05\/NVA04814-683x1024.jpg 683w, https:\/\/centraide-rcoq.ca\/cdq\/wp-content\/uploads\/sites\/9\/2025\/05\/NVA04814-768x1152.jpg 768w, https:\/\/centraide-rcoq.ca\/cdq\/wp-content\/uploads\/sites\/9\/2025\/05\/NVA04814-1024x1536.jpg 1024w, https:\/\/centraide-rcoq.ca\/cdq\/wp-content\/uploads\/sites\/9\/2025\/05\/NVA04814-1365x2048.jpg 1365w\" sizes=\"(max-width: 1707px) 100vw, 1707px\" \/><\/figure>\n\n\n\n<figure class=\"wp-block-image size-full\"><img loading=\"lazy\" decoding=\"async\" width=\"2828\" height=\"4242\" data-id=\"3331\" src=\"https:\/\/centraide-rcoq.ca\/cdq\/wp-content\/uploads\/sites\/9\/2025\/05\/NVA04769.png\" alt=\"Roland, dans l\u2019atelier de menuiserie de l\u2019organisme communautaire qui l\u2019a soutenu, en train de travailler.\n\n\" class=\"wp-image-3331\" srcset=\"https:\/\/centraide-rcoq.ca\/cdq\/wp-content\/uploads\/sites\/9\/2025\/05\/NVA04769.png 2828w, https:\/\/centraide-rcoq.ca\/cdq\/wp-content\/uploads\/sites\/9\/2025\/05\/NVA04769-200x300.png 200w, https:\/\/centraide-rcoq.ca\/cdq\/wp-content\/uploads\/sites\/9\/2025\/05\/NVA04769-683x1024.png 683w, https:\/\/centraide-rcoq.ca\/cdq\/wp-content\/uploads\/sites\/9\/2025\/05\/NVA04769-768x1152.png 768w, https:\/\/centraide-rcoq.ca\/cdq\/wp-content\/uploads\/sites\/9\/2025\/05\/NVA04769-1024x1536.png 1024w, https:\/\/centraide-rcoq.ca\/cdq\/wp-content\/uploads\/sites\/9\/2025\/05\/NVA04769-1365x2048.png 1365w\" sizes=\"(max-width: 2828px) 100vw, 2828px\" \/><\/figure>\n<\/figure>\n\n\n\n<h2 class=\"wp-block-heading\"><strong>L\u2019importance du soutien communautaire<\/strong><\/h2>\n\n\n\n<p>L\u2019histoire de Roland illustre parfaitement&nbsp;<strong>l\u2019impact que peuvent avoir les organismes communautaires dans la vie des personnes qui cognent \u00e0 leur porte<\/strong>. Derri\u00e8re les statistiques et les rapports annuels se cachent des histoires humaines comme celle-ci, o\u00f9 une intervention, faite au bon moment, peut litt\u00e9ralement changer une vie.<\/p>\n\n\n\n<blockquote class=\"wp-block-quote is-layout-flow wp-block-quote-is-layout-flow\">\n<p><em>Chaque matin, je me r\u00e9jouis d\u2019aller travailler dans cet organisme pour lequel je ressens une profonde gratitude. Non seulement il m\u2019a permis de me relever, mais il m\u2019offre aujourd\u2019hui l\u2019occasion de redonner \u00e0 mon tour.<\/em><\/p>\n<\/blockquote>\n\n\n\n<p>Aujourd\u2019hui, Roland se tient debout, la t\u00eate haute. Sa plus grande fiert\u00e9 est maintenant d\u2019accompagner d\u2019autres personnes qui traversent des moments difficiles, perp\u00e9tuant ainsi le cercle vertueux de l\u2019entraide.&nbsp;<\/p>\n\n\n\n<figure class=\"wp-block-image size-large\"><img loading=\"lazy\" decoding=\"async\" width=\"1024\" height=\"683\" src=\"https:\/\/centraide-rcoq.ca\/cdq\/wp-content\/uploads\/sites\/9\/2025\/05\/NVA04744-modifie-1024x683.png\" alt=\"\" class=\"wp-image-3330\" srcset=\"https:\/\/centraide-rcoq.ca\/cdq\/wp-content\/uploads\/sites\/9\/2025\/05\/NVA04744-modifie-1024x683.png 1024w, https:\/\/centraide-rcoq.ca\/cdq\/wp-content\/uploads\/sites\/9\/2025\/05\/NVA04744-modifie-300x200.png 300w, https:\/\/centraide-rcoq.ca\/cdq\/wp-content\/uploads\/sites\/9\/2025\/05\/NVA04744-modifie-768x512.png 768w, https:\/\/centraide-rcoq.ca\/cdq\/wp-content\/uploads\/sites\/9\/2025\/05\/NVA04744-modifie-1536x1024.png 1536w, https:\/\/centraide-rcoq.ca\/cdq\/wp-content\/uploads\/sites\/9\/2025\/05\/NVA04744-modifie-2048x1365.png 2048w\" sizes=\"(max-width: 1024px) 100vw, 1024px\" \/><\/figure>\n\n\n\n<h3 class=\"wp-block-heading\"><strong>Comment soutenir ces initiatives essentielles<\/strong><\/h3>\n\n\n\n<p>Des milliers de personnes dans notre r\u00e9gion vivent des situations similaires \u00e0 celle de Roland, attendant parfois simplement une main tendue pour reprendre espoir. Les organismes soutenus par Centraide jouent ce r\u00f4le crucial dans notre tissu social.&nbsp;<\/p>\n\n\n\n<p>Si cette histoire vous touche, sachez que vous pouvez contribuer \u00e0 cr\u00e9er d\u2019autres r\u00e9cits de r\u00e9silience en soutenant ces initiatives communautaires. Votre don, quel qu\u2019en soit le montant, participe \u00e0 cette cha\u00eene de solidarit\u00e9 qui transforme des vies.&nbsp;<\/p>\n\n\n\n<h4 class=\"wp-block-heading has-text-align-center has-medium-font-size\"><strong>1 PERSONNE SUR 5 RE\u00c7OIT NOTRE AIDE.<\/strong>&nbsp;<\/h4>\n\n\n\n<h4 class=\"wp-block-heading has-text-align-center has-medium-font-size\"><strong>5 PERSONNES SUR 5 EN B\u00c9N\u00c9FICIENT.<\/strong><\/h4>\n\n\n\n<p class=\"has-text-align-center has-medium-font-size\">\u00c0 go, on Centraide<\/p>\n\n\n\n<div class=\"wp-block-buttons is-content-justification-center is-layout-flex wp-container-core-buttons-is-layout-16018d1d wp-block-buttons-is-layout-flex\">\n<div class=\"wp-block-button\"><a class=\"wp-block-button__link wp-element-button\" href=\"https:\/\/donnez.centraide.ca\/donnez\/WDRUMM\">DONNEZ<\/a><\/div>\n<\/div>\n","protected":false},"excerpt":{"rendered":"<p>L\u2019histoire d\u2019un \u00e9b\u00e9niste qui a surmont\u00e9 les obstacles L\u2019histoire de Roland&nbsp;peut arriver \u00e0 n\u2019importe qui. Une malchance est si vite arriv\u00e9e, mais son parcours nous rappelle qu\u2019avec le bon soutien, il est possible de se relever des situations les plus difficiles.&nbsp; Une vie stable boulevers\u00e9e \u00c9b\u00e9niste de m\u00e9tier, il travaillait avec passion et d\u00e9vouement. Son [&hellip;]<\/p>\n","protected":false},"author":2,"featured_media":3329,"comment_status":"closed","ping_status":"closed","sticky":false,"template":"","format":"standard","meta":{"ocean_post_layout":"","ocean_both_sidebars_style":"","ocean_both_sidebars_content_width":0,"ocean_both_sidebars_sidebars_width":0,"ocean_sidebar":"","ocean_second_sidebar":"","ocean_disable_margins":"enable","ocean_add_body_class":"","ocean_shortcode_before_top_bar":"","ocean_shortcode_after_top_bar":"","ocean_shortcode_before_header":"","ocean_shortcode_after_header":"","ocean_has_shortcode":"","ocean_shortcode_after_title":"","ocean_shortcode_before_footer_widgets":"","ocean_shortcode_after_footer_widgets":"","ocean_shortcode_before_footer_bottom":"","ocean_shortcode_after_footer_bottom":"","ocean_display_top_bar":"default","ocean_display_header":"default","ocean_header_style":"","ocean_center_header_left_menu":"","ocean_custom_header_template":"","ocean_custom_logo":0,"ocean_custom_retina_logo":0,"ocean_custom_logo_max_width":0,"ocean_custom_logo_tablet_max_width":0,"ocean_custom_logo_mobile_max_width":0,"ocean_custom_logo_max_height":0,"ocean_custom_logo_tablet_max_height":0,"ocean_custom_logo_mobile_max_height":0,"ocean_header_custom_menu":"","ocean_menu_typo_font_family":"","ocean_menu_typo_font_subset":"","ocean_menu_typo_font_size":0,"ocean_menu_typo_font_size_tablet":0,"ocean_menu_typo_font_size_mobile":0,"ocean_menu_typo_font_size_unit":"px","ocean_menu_typo_font_weight":"","ocean_menu_typo_font_weight_tablet":"","ocean_menu_typo_font_weight_mobile":"","ocean_menu_typo_transform":"","ocean_menu_typo_transform_tablet":"","ocean_menu_typo_transform_mobile":"","ocean_menu_typo_line_height":0,"ocean_menu_typo_line_height_tablet":0,"ocean_menu_typo_line_height_mobile":0,"ocean_menu_typo_line_height_unit":"","ocean_menu_typo_spacing":0,"ocean_menu_typo_spacing_tablet":0,"ocean_menu_typo_spacing_mobile":0,"ocean_menu_typo_spacing_unit":"","ocean_menu_link_color":"","ocean_menu_link_color_hover":"","ocean_menu_link_color_active":"","ocean_menu_link_background":"","ocean_menu_link_hover_background":"","ocean_menu_link_active_background":"","ocean_menu_social_links_bg":"","ocean_menu_social_hover_links_bg":"","ocean_menu_social_links_color":"","ocean_menu_social_hover_links_color":"","ocean_disable_title":"default","ocean_disable_heading":"default","ocean_post_title":"","ocean_post_subheading":"","ocean_post_title_style":"","ocean_post_title_background_color":"","ocean_post_title_background":0,"ocean_post_title_bg_image_position":"","ocean_post_title_bg_image_attachment":"","ocean_post_title_bg_image_repeat":"","ocean_post_title_bg_image_size":"","ocean_post_title_height":0,"ocean_post_title_bg_overlay":0.5,"ocean_post_title_bg_overlay_color":"","ocean_disable_breadcrumbs":"default","ocean_breadcrumbs_color":"","ocean_breadcrumbs_separator_color":"","ocean_breadcrumbs_links_color":"","ocean_breadcrumbs_links_hover_color":"","ocean_display_footer_widgets":"default","ocean_display_footer_bottom":"default","ocean_custom_footer_template":"","ocean_post_oembed":"","ocean_post_self_hosted_media":"","ocean_post_video_embed":"","ocean_link_format":"","ocean_link_format_target":"self","ocean_quote_format":"","ocean_quote_format_link":"post","ocean_gallery_link_images":"on","ocean_gallery_id":[],"footnotes":""},"categories":[7],"tags":[23],"class_list":["post-3328","post","type-post","status-publish","format-standard","has-post-thumbnail","hentry","category-nouvelles","tag-temoignage","entry","has-media"],"_links":{"self":[{"href":"https:\/\/centraide-rcoq.ca\/cdq\/wp-json\/wp\/v2\/posts\/3328","targetHints":{"allow":["GET"]}}],"collection":[{"href":"https:\/\/centraide-rcoq.ca\/cdq\/wp-json\/wp\/v2\/posts"}],"about":[{"href":"https:\/\/centraide-rcoq.ca\/cdq\/wp-json\/wp\/v2\/types\/post"}],"author":[{"embeddable":true,"href":"https:\/\/centraide-rcoq.ca\/cdq\/wp-json\/wp\/v2\/users\/2"}],"replies":[{"embeddable":true,"href":"https:\/\/centraide-rcoq.ca\/cdq\/wp-json\/wp\/v2\/comments?post=3328"}],"version-history":[{"count":4,"href":"https:\/\/centraide-rcoq.ca\/cdq\/wp-json\/wp\/v2\/posts\/3328\/revisions"}],"predecessor-version":[{"id":3339,"href":"https:\/\/centraide-rcoq.ca\/cdq\/wp-json\/wp\/v2\/posts\/3328\/revisions\/3339"}],"wp:featuredmedia":[{"embeddable":true,"href":"https:\/\/centraide-rcoq.ca\/cdq\/wp-json\/wp\/v2\/media\/3329"}],"wp:attachment":[{"href":"https:\/\/centraide-rcoq.ca\/cdq\/wp-json\/wp\/v2\/media?parent=3328"}],"wp:term":[{"taxonomy":"category","embeddable":true,"href":"https:\/\/centraide-rcoq.ca\/cdq\/wp-json\/wp\/v2\/categories?post=3328"},{"taxonomy":"post_tag","embeddable":true,"href":"https:\/\/centraide-rcoq.ca\/cdq\/wp-json\/wp\/v2\/tags?post=3328"}],"curies":[{"name":"wp","href":"https:\/\/api.w.org\/{rel}","templated":true}]}}