{"id":1219,"date":"2022-04-11T08:00:00","date_gmt":"2022-04-11T12:00:00","guid":{"rendered":"https:\/\/centraide-rcoq.ca\/cdq\/?p=1219"},"modified":"2022-04-11T08:39:25","modified_gmt":"2022-04-11T12:39:25","slug":"apres-deux-annees-a-la-presidence-de-la-campagne-centraide-centre-du-quebec-m-alain-lemaire-donne-les-renes-a-mme-annie-beauregard","status":"publish","type":"post","link":"https:\/\/centraide-rcoq.ca\/cdq\/apres-deux-annees-a-la-presidence-de-la-campagne-centraide-centre-du-quebec-m-alain-lemaire-donne-les-renes-a-mme-annie-beauregard\/","title":{"rendered":"Apr\u00e8s deux ann\u00e9es \u00e0 la pr\u00e9sidence de la campagne Centraide Centre-du-Qu\u00e9bec, M.\u00a0 Alain Lemaire donne les r\u00eanes \u00e0 Mme Annie Beauregard"},"content":{"rendered":"\n<p><strong>Centre-du-Qu\u00e9bec, avril 2022 \u2013<\/strong> Centraide Centre-du-Qu\u00e9bec est fier d&rsquo;annoncer que la campagne 2022, qui sera lanc\u00e9e \u00e0 l&rsquo;automne prochain, sera pr\u00e9sid\u00e9e par Mme Annie Beauregard, conseill\u00e8re priv\u00e9e en gestion de patrimoine \u00e0 la Banque Nationale. Elle prend la rel\u00e8ve de M. Alain Lemaire, cofondateur et pr\u00e9sident ex\u00e9cutif du Conseil d\u2019administration de Cascades, apr\u00e8s un mandat de deux ans.<\/p>\n\n\n\n<p>Madame Beauregard travaillera de concert avec une dizaine de leaders provenant de divers secteurs d\u2019activit\u00e9s au sein du Cabinet de campagne, ce dernier ayant pour mandat de soutenir les efforts de d\u00e9veloppement de Centraide afin de r\u00e9colter des dons dans les entreprises et les organisations.<\/p>\n\n\n\n<p><strong>Des b\u00e9n\u00e9voles impliqu\u00e9s<\/strong><\/p>\n\n\n\n<p>Alain Lemaire, de par sa position avec Cascades, a toujours \u00e9t\u00e9 li\u00e9 de pr\u00e8s \u00e0 Centraide, son entreprise \u00e9tant fortement impliqu\u00e9e avec l\u2019organisme gr\u00e2ce \u00e0 une campagne annuelle majeure. Il avait accept\u00e9 de pr\u00e9sider la campagne en septembre 2020 pour ensuite prolonger son mandat pour la campagne 2021.<\/p>\n\n\n\n<p>Pour sa part, Mme Beauregard, originaire de Drummondville, &nbsp;est membre du Cabinet de campage de Centraide CDQ depuis 2020 en plus d\u2019\u00eatre une ambassadrice active de la campagne Centraide dans son milieu de travail. Elle a expliqu\u00e9 pourquoi elle acceptait ce nouveau d\u00e9fi qui s\u2019offre \u00e0 elle&nbsp;:<\/p>\n\n\n\n<div class=\"wp-block-media-text alignwide is-stacked-on-mobile is-vertically-aligned-top is-image-fill\" style=\"grid-template-columns:19% auto\"><figure class=\"wp-block-media-text__media\" style=\"background-image:url(https:\/\/centraide-rcoq.ca\/cdq\/wp-content\/uploads\/sites\/9\/2022\/04\/Annie-Beauregard_Cropee_500.jpg);background-position:50% 50%\"><img fetchpriority=\"high\" decoding=\"async\" width=\"500\" height=\"544\" src=\"https:\/\/centraide-rcoq.ca\/cdq\/wp-content\/uploads\/sites\/9\/2022\/04\/Annie-Beauregard_Cropee_500.jpg\" alt=\"Annie Beauregard_Centraide CDQ\" class=\"wp-image-1215 size-full\" srcset=\"https:\/\/centraide-rcoq.ca\/cdq\/wp-content\/uploads\/sites\/9\/2022\/04\/Annie-Beauregard_Cropee_500.jpg 500w, https:\/\/centraide-rcoq.ca\/cdq\/wp-content\/uploads\/sites\/9\/2022\/04\/Annie-Beauregard_Cropee_500-276x300.jpg 276w\" sizes=\"(max-width: 500px) 100vw, 500px\" \/><\/figure><div class=\"wp-block-media-text__content\">\n<p>\u00ab Lorsque j\u2019ai eu l\u2019occasion de conna\u00eetre la mission de Centraide, j\u2019ai compris que l\u2019organisation me permet d\u2019\u00eatre plus efficace dans ma donation aux organismes de ma r\u00e9gion. Notre communaut\u00e9 est une \u00e9quipe dynamique, qui a int\u00e9r\u00eat \u00e0 la sant\u00e9 et la s\u00e9curit\u00e9 de ses pairs. J\u2019ai toujours \u00e9t\u00e9 convaincue que les actions individuelles d\u2019entraide mises en commun permettent un \u00e9panouissement plus fort pour toutes les parties prenantes. \u00bb<\/p>\n<\/div><\/div>\n\n\n\n<p><strong>Des remerciements<\/strong><\/p>\n\n\n\n<p>De son c\u00f4t\u00e9, Mme Val\u00e9rye Bourassa, directrice r\u00e9gionale de Centraide CDQ, a chaudement remerci\u00e9 M. Lemaire&nbsp; pour son implication des deux derni\u00e8res ann\u00e9es, implication qui a g\u00e9n\u00e9r\u00e9 des retomb\u00e9es positives pour la campagne de Centraide CDQ. \u00ab&nbsp;C\u2019est tr\u00e8s pr\u00e9cieux de pouvoir compter sur des b\u00e9n\u00e9voles profond\u00e9ment engag\u00e9s et partenaires de longue date, comme M. Lemaire et Mme Beauregard&nbsp;\u00bb a-t-elle conclut.<\/p>\n\n\n\n<p class=\"has-text-align-center\"><br>\u2013 30 \u2013<\/p>\n\n\n\n<p><br><br><br><strong>\u00c0 propos de Centraide Centre-du-Qu\u00e9bec&nbsp;:<\/strong> Apr\u00e8s une r\u00e9flexion approfondie pour accentuer positivement leur action dans la communaut\u00e9, six Centraide du Qu\u00e9bec, dont <strong>Centraide Centre-du-Qu\u00e9bec<\/strong>, ont fusionn\u00e9 en 2017 pour former Centraide des R\u00e9gions du centre-ouest du Qu\u00e9bec. En unissant leurs forces, cette approche partag\u00e9e permet d\u2019accro\u00eetre localement leur mission en \u00e9tant plus efficaces sur le plan administratif. Elle renforce aussi leur action dans chacune de leur r\u00e9gion et assure que chaque dollar investi demeure dans la communaut\u00e9 o\u00f9 il a \u00e9t\u00e9 amass\u00e9.<\/p>\n\n\n\n<p><strong>Renseignements&nbsp;:<\/strong>&nbsp;&nbsp;&nbsp;&nbsp;&nbsp;&nbsp;<br>Val\u00e9rye Bourassa<br>Directrice r\u00e9gionale<br>Centraide Centre-du-Qu\u00e9bec 819 314-3097 \/ <a href=\"mailto:vbourassa@centraide-cdq.ca\">vbourassa@centraide-cdq.ca<\/a><\/p>\n\n\n\n<p><strong>Source<\/strong><br>St\u00e9phanie Bombardier<br>Centraide RCOQ<br>819&nbsp;477-0505 p.116 \/ <a href=\"mailto:sbombardier@centraide-rcoq.ca\">sbombardier@centraide-rcoq.ca<\/a><br><\/p>\n\n\n\n<p><\/p>\n","protected":false},"excerpt":{"rendered":"<p>Centre-du-Qu\u00e9bec, avril 2022 \u2013 Centraide Centre-du-Qu\u00e9bec est fier d&rsquo;annoncer que la campagne 2022, qui sera lanc\u00e9e \u00e0 l&rsquo;automne prochain, sera pr\u00e9sid\u00e9e par Mme Annie Beauregard, conseill\u00e8re priv\u00e9e en gestion de patrimoine \u00e0 la Banque Nationale. Elle prend la rel\u00e8ve de M. Alain Lemaire, cofondateur et pr\u00e9sident ex\u00e9cutif du Conseil d\u2019administration de Cascades, apr\u00e8s un mandat [&hellip;]<\/p>\n","protected":false},"author":3,"featured_media":930,"comment_status":"closed","ping_status":"closed","sticky":false,"template":"","format":"standard","meta":{"ocean_post_layout":"","ocean_both_sidebars_style":"","ocean_both_sidebars_content_width":0,"ocean_both_sidebars_sidebars_width":0,"ocean_sidebar":"","ocean_second_sidebar":"","ocean_disable_margins":"enable","ocean_add_body_class":"","ocean_shortcode_before_top_bar":"","ocean_shortcode_after_top_bar":"","ocean_shortcode_before_header":"","ocean_shortcode_after_header":"","ocean_has_shortcode":"","ocean_shortcode_after_title":"","ocean_shortcode_before_footer_widgets":"","ocean_shortcode_after_footer_widgets":"","ocean_shortcode_before_footer_bottom":"","ocean_shortcode_after_footer_bottom":"","ocean_display_top_bar":"default","ocean_display_header":"default","ocean_header_style":"","ocean_center_header_left_menu":"","ocean_custom_header_template":"","ocean_custom_logo":0,"ocean_custom_retina_logo":0,"ocean_custom_logo_max_width":0,"ocean_custom_logo_tablet_max_width":0,"ocean_custom_logo_mobile_max_width":0,"ocean_custom_logo_max_height":0,"ocean_custom_logo_tablet_max_height":0,"ocean_custom_logo_mobile_max_height":0,"ocean_header_custom_menu":"","ocean_menu_typo_font_family":"","ocean_menu_typo_font_subset":"","ocean_menu_typo_font_size":0,"ocean_menu_typo_font_size_tablet":0,"ocean_menu_typo_font_size_mobile":0,"ocean_menu_typo_font_size_unit":"px","ocean_menu_typo_font_weight":"","ocean_menu_typo_font_weight_tablet":"","ocean_menu_typo_font_weight_mobile":"","ocean_menu_typo_transform":"","ocean_menu_typo_transform_tablet":"","ocean_menu_typo_transform_mobile":"","ocean_menu_typo_line_height":0,"ocean_menu_typo_line_height_tablet":0,"ocean_menu_typo_line_height_mobile":0,"ocean_menu_typo_line_height_unit":"","ocean_menu_typo_spacing":0,"ocean_menu_typo_spacing_tablet":0,"ocean_menu_typo_spacing_mobile":0,"ocean_menu_typo_spacing_unit":"","ocean_menu_link_color":"","ocean_menu_link_color_hover":"","ocean_menu_link_color_active":"","ocean_menu_link_background":"","ocean_menu_link_hover_background":"","ocean_menu_link_active_background":"","ocean_menu_social_links_bg":"","ocean_menu_social_hover_links_bg":"","ocean_menu_social_links_color":"","ocean_menu_social_hover_links_color":"","ocean_disable_title":"default","ocean_disable_heading":"default","ocean_post_title":"","ocean_post_subheading":"","ocean_post_title_style":"","ocean_post_title_background_color":"","ocean_post_title_background":0,"ocean_post_title_bg_image_position":"","ocean_post_title_bg_image_attachment":"","ocean_post_title_bg_image_repeat":"","ocean_post_title_bg_image_size":"","ocean_post_title_height":0,"ocean_post_title_bg_overlay":0.5,"ocean_post_title_bg_overlay_color":"","ocean_disable_breadcrumbs":"default","ocean_breadcrumbs_color":"","ocean_breadcrumbs_separator_color":"","ocean_breadcrumbs_links_color":"","ocean_breadcrumbs_links_hover_color":"","ocean_display_footer_widgets":"default","ocean_display_footer_bottom":"default","ocean_custom_footer_template":"","ocean_post_oembed":"","ocean_post_self_hosted_media":"","ocean_post_video_embed":"","ocean_link_format":"","ocean_link_format_target":"self","ocean_quote_format":"","ocean_quote_format_link":"post","ocean_gallery_link_images":"off","ocean_gallery_id":[],"footnotes":""},"categories":[1],"tags":[],"class_list":["post-1219","post","type-post","status-publish","format-standard","has-post-thumbnail","hentry","category-non-classe","entry","has-media"],"_links":{"self":[{"href":"https:\/\/centraide-rcoq.ca\/cdq\/wp-json\/wp\/v2\/posts\/1219","targetHints":{"allow":["GET"]}}],"collection":[{"href":"https:\/\/centraide-rcoq.ca\/cdq\/wp-json\/wp\/v2\/posts"}],"about":[{"href":"https:\/\/centraide-rcoq.ca\/cdq\/wp-json\/wp\/v2\/types\/post"}],"author":[{"embeddable":true,"href":"https:\/\/centraide-rcoq.ca\/cdq\/wp-json\/wp\/v2\/users\/3"}],"replies":[{"embeddable":true,"href":"https:\/\/centraide-rcoq.ca\/cdq\/wp-json\/wp\/v2\/comments?post=1219"}],"version-history":[{"count":14,"href":"https:\/\/centraide-rcoq.ca\/cdq\/wp-json\/wp\/v2\/posts\/1219\/revisions"}],"predecessor-version":[{"id":1235,"href":"https:\/\/centraide-rcoq.ca\/cdq\/wp-json\/wp\/v2\/posts\/1219\/revisions\/1235"}],"wp:featuredmedia":[{"embeddable":true,"href":"https:\/\/centraide-rcoq.ca\/cdq\/wp-json\/wp\/v2\/media\/930"}],"wp:attachment":[{"href":"https:\/\/centraide-rcoq.ca\/cdq\/wp-json\/wp\/v2\/media?parent=1219"}],"wp:term":[{"taxonomy":"category","embeddable":true,"href":"https:\/\/centraide-rcoq.ca\/cdq\/wp-json\/wp\/v2\/categories?post=1219"},{"taxonomy":"post_tag","embeddable":true,"href":"https:\/\/centraide-rcoq.ca\/cdq\/wp-json\/wp\/v2\/tags?post=1219"}],"curies":[{"name":"wp","href":"https:\/\/api.w.org\/{rel}","templated":true}]}}