{"id":1122,"date":"2022-01-05T14:08:47","date_gmt":"2022-01-05T19:08:47","guid":{"rendered":"https:\/\/centraide-rcoq.ca\/cdq\/?p=1122"},"modified":"2022-01-14T15:35:27","modified_gmt":"2022-01-14T20:35:27","slug":"portrait-de-benevole-michelle-therrien","status":"publish","type":"post","link":"https:\/\/centraide-rcoq.ca\/cdq\/portrait-de-benevole-michelle-therrien\/","title":{"rendered":"Portrait de b\u00e9n\u00e9vole Michelle Therrien"},"content":{"rendered":"\n<p><em>L\u2019\u00e9quipe de Centraide Centre-du-Qu\u00e9bec (CDQ) s\u2019estime privil\u00e9gi\u00e9e d\u2019\u00eatre soutenue d\u2019un Cabinet de campagne et d\u2019un CARO form\u00e9s de gens exceptionnels. Ses membres sont des experts de leur milieu de travail, ils apportent de pr\u00e9cieux conseils et connaissent bien leur r\u00e9gion. Permettez-nous de vous les pr\u00e9senter !<\/em><\/p>\n\n\n\n<p style=\"font-size:18px;text-align:left\"><strong>Mme Michelle Therrien est <\/strong> <strong>R\u00e9gisseuse au Service des ressources mat\u00e9rielles au Centre de services scolaire des Ch\u00eanes<\/strong><\/p>\n\n\n\n<p><strong>De quelle mani\u00e8re \u00eates-vous impliqu\u00e9e dans Centraide CDQ et depuis combien de temps ?<\/strong><\/p>\n\n\n\n<p><strong>Michelle Therrien : <\/strong>Je d\u00e9bute mon implication dans le Comit\u00e9 d\u2019analyse et de relations avec les organismes. Cependant, J\u2019avais \u00e9galement fait des analyses du volet jeunesse quand j\u2019\u00e9tudiais au niveau coll\u00e9gial.<\/p>\n\n\n\n<p><strong>\u00cates-vous impliqu\u00e9e dans d\u2019autres organisations ? Si oui, lesquelles ? <\/strong><\/p>\n\n\n\n<p><strong>Michelle Therrien :<\/strong>   L\u2019AQCS (Association qu\u00e9b\u00e9coise des cadres scolaires), je pr\u00e9side la CPSAGC (Commission professionnelle de l\u2019approvisionnement et de la gestion contractuelle) <\/p>\n\n\n\n<p><strong>Qu\u2019est-ce que cela vous apporte de vous impliquer pour Centraide ? <\/strong><\/p>\n\n\n\n<p><strong>Michelle Therrien :<\/strong>   Je d\u00e9sirais pouvoir m\u2019impliquer socialement, en fonction de mes comp\u00e9tences. S\u2019impliquer dans Centraide, c\u2019est contribuer \u00e0 fournir l\u2019aide ou l\u2019essentiel \u00e0 des personnes vuln\u00e9rables tout en favorisant et en promouvant l\u2019inclusion sociale afin d\u2019avoir une soci\u00e9t\u00e9 plus harmonieuse et inclusive.<\/p>\n\n\n\n<p><strong>Je ne suis #JamaisIndiff\u00e9rente \u00e0 \u2026<\/strong><\/p>\n\n\n\n<p><strong>Michelle Therrien :<\/strong> La fa\u00e7on dont on traite nos enfants. Nous avons tous la responsabilit\u00e9 d\u2019en prendre soin et de leur permettre de d\u00e9velopper leur plein potentiel.<\/p>\n\n\n\n<p><strong>Que d\u00e9sirez-vous accomplir en vous impliquant aupr\u00e8s de Centraide ?<\/strong><\/p>\n\n\n\n<p><strong>Michelle Therrien :<\/strong> Contribuer \u00e0 soutenir les organismes d&rsquo;aide de ma r\u00e9gion&nbsp; <\/p>\n\n\n\n<p><\/p>\n","protected":false},"excerpt":{"rendered":"<p>L\u2019\u00e9quipe de Centraide Centre-du-Qu\u00e9bec (CDQ) s\u2019estime privil\u00e9gi\u00e9e d\u2019\u00eatre soutenue d\u2019un Cabinet de campagne et d\u2019un CARO form\u00e9s de gens exceptionnels. Ses membres sont des experts de leur milieu de travail, ils apportent de pr\u00e9cieux conseils et connaissent bien leur r\u00e9gion. Permettez-nous de vous les pr\u00e9senter ! Mme Michelle Therrien est R\u00e9gisseuse au Service des ressources [&hellip;]<\/p>\n","protected":false},"author":3,"featured_media":1141,"comment_status":"closed","ping_status":"closed","sticky":false,"template":"","format":"standard","meta":{"ocean_post_layout":"","ocean_both_sidebars_style":"","ocean_both_sidebars_content_width":0,"ocean_both_sidebars_sidebars_width":0,"ocean_sidebar":"0","ocean_second_sidebar":"0","ocean_disable_margins":"enable","ocean_add_body_class":"","ocean_shortcode_before_top_bar":"","ocean_shortcode_after_top_bar":"","ocean_shortcode_before_header":"","ocean_shortcode_after_header":"","ocean_has_shortcode":"","ocean_shortcode_after_title":"","ocean_shortcode_before_footer_widgets":"","ocean_shortcode_after_footer_widgets":"","ocean_shortcode_before_footer_bottom":"","ocean_shortcode_after_footer_bottom":"","ocean_display_top_bar":"default","ocean_display_header":"default","ocean_header_style":"","ocean_center_header_left_menu":"0","ocean_custom_header_template":"0","ocean_custom_logo":0,"ocean_custom_retina_logo":0,"ocean_custom_logo_max_width":0,"ocean_custom_logo_tablet_max_width":0,"ocean_custom_logo_mobile_max_width":0,"ocean_custom_logo_max_height":0,"ocean_custom_logo_tablet_max_height":0,"ocean_custom_logo_mobile_max_height":0,"ocean_header_custom_menu":"0","ocean_menu_typo_font_family":"0","ocean_menu_typo_font_subset":"","ocean_menu_typo_font_size":0,"ocean_menu_typo_font_size_tablet":0,"ocean_menu_typo_font_size_mobile":0,"ocean_menu_typo_font_size_unit":"px","ocean_menu_typo_font_weight":"","ocean_menu_typo_font_weight_tablet":"","ocean_menu_typo_font_weight_mobile":"","ocean_menu_typo_transform":"","ocean_menu_typo_transform_tablet":"","ocean_menu_typo_transform_mobile":"","ocean_menu_typo_line_height":0,"ocean_menu_typo_line_height_tablet":0,"ocean_menu_typo_line_height_mobile":0,"ocean_menu_typo_line_height_unit":"","ocean_menu_typo_spacing":0,"ocean_menu_typo_spacing_tablet":0,"ocean_menu_typo_spacing_mobile":0,"ocean_menu_typo_spacing_unit":"","ocean_menu_link_color":"","ocean_menu_link_color_hover":"","ocean_menu_link_color_active":"","ocean_menu_link_background":"","ocean_menu_link_hover_background":"","ocean_menu_link_active_background":"","ocean_menu_social_links_bg":"","ocean_menu_social_hover_links_bg":"","ocean_menu_social_links_color":"","ocean_menu_social_hover_links_color":"","ocean_disable_title":"default","ocean_disable_heading":"default","ocean_post_title":"","ocean_post_subheading":"","ocean_post_title_style":"","ocean_post_title_background_color":"","ocean_post_title_background":0,"ocean_post_title_bg_image_position":"","ocean_post_title_bg_image_attachment":"","ocean_post_title_bg_image_repeat":"","ocean_post_title_bg_image_size":"","ocean_post_title_height":0,"ocean_post_title_bg_overlay":0.5,"ocean_post_title_bg_overlay_color":"","ocean_disable_breadcrumbs":"default","ocean_breadcrumbs_color":"","ocean_breadcrumbs_separator_color":"","ocean_breadcrumbs_links_color":"","ocean_breadcrumbs_links_hover_color":"","ocean_display_footer_widgets":"default","ocean_display_footer_bottom":"default","ocean_custom_footer_template":"0","ocean_post_oembed":"","ocean_post_self_hosted_media":"","ocean_post_video_embed":"","ocean_link_format":"","ocean_link_format_target":"self","ocean_quote_format":"","ocean_quote_format_link":"post","ocean_gallery_link_images":"off","ocean_gallery_id":[],"footnotes":""},"categories":[7],"tags":[],"class_list":["post-1122","post","type-post","status-publish","format-standard","has-post-thumbnail","hentry","category-nouvelles","entry","has-media"],"_links":{"self":[{"href":"https:\/\/centraide-rcoq.ca\/cdq\/wp-json\/wp\/v2\/posts\/1122","targetHints":{"allow":["GET"]}}],"collection":[{"href":"https:\/\/centraide-rcoq.ca\/cdq\/wp-json\/wp\/v2\/posts"}],"about":[{"href":"https:\/\/centraide-rcoq.ca\/cdq\/wp-json\/wp\/v2\/types\/post"}],"author":[{"embeddable":true,"href":"https:\/\/centraide-rcoq.ca\/cdq\/wp-json\/wp\/v2\/users\/3"}],"replies":[{"embeddable":true,"href":"https:\/\/centraide-rcoq.ca\/cdq\/wp-json\/wp\/v2\/comments?post=1122"}],"version-history":[{"count":4,"href":"https:\/\/centraide-rcoq.ca\/cdq\/wp-json\/wp\/v2\/posts\/1122\/revisions"}],"predecessor-version":[{"id":1142,"href":"https:\/\/centraide-rcoq.ca\/cdq\/wp-json\/wp\/v2\/posts\/1122\/revisions\/1142"}],"wp:featuredmedia":[{"embeddable":true,"href":"https:\/\/centraide-rcoq.ca\/cdq\/wp-json\/wp\/v2\/media\/1141"}],"wp:attachment":[{"href":"https:\/\/centraide-rcoq.ca\/cdq\/wp-json\/wp\/v2\/media?parent=1122"}],"wp:term":[{"taxonomy":"category","embeddable":true,"href":"https:\/\/centraide-rcoq.ca\/cdq\/wp-json\/wp\/v2\/categories?post=1122"},{"taxonomy":"post_tag","embeddable":true,"href":"https:\/\/centraide-rcoq.ca\/cdq\/wp-json\/wp\/v2\/tags?post=1122"}],"curies":[{"name":"wp","href":"https:\/\/api.w.org\/{rel}","templated":true}]}}