{"id":1076,"date":"2021-09-29T10:22:18","date_gmt":"2021-09-29T14:22:18","guid":{"rendered":"https:\/\/centraide-rcoq.ca\/cdq\/?p=1076"},"modified":"2021-09-29T10:22:18","modified_gmt":"2021-09-29T14:22:18","slug":"lancement-de-la-campagne-centraide-2021-la-pauvrete-peut-toucher-tout-le-monde","status":"publish","type":"post","link":"https:\/\/centraide-rcoq.ca\/cdq\/lancement-de-la-campagne-centraide-2021-la-pauvrete-peut-toucher-tout-le-monde\/","title":{"rendered":"Lancement de la campagne Centraide 2021 &#8211;                          La pauvret\u00e9 peut toucher tout le monde"},"content":{"rendered":"\n<p><strong>Centre-du-Qu\u00e9bec, octobre 2021<\/strong> \u2013  Centraide, le plus important investisseur social non gouvernemental dans le domaine sociocommunautaire, lance aujourd\u2019hui sa campagne de collecte de fonds annuelle. Jusqu\u2019\u00e0 la fin d\u00e9cembre 2021, les Qu\u00e9b\u00e9cois et Qu\u00e9b\u00e9coises sont invit\u00e9.es \u00e0 joindre le mouvement afin de recueillir des dons qui serviront \u00e0 am\u00e9liorer les conditions de vie des personnes les plus vuln\u00e9rables. <\/p>\n\n\n\n<p>Les Centraide du Qu\u00e9bec contribuent \u00e0 rendre visibles les enjeux sociaux li\u00e9s \u00e0 la pauvret\u00e9 et l\u2019exclusion sociale dans leurs communaut\u00e9s afin d\u2019am\u00e9liorer les conditions de vie des plus vuln\u00e9rables et tendre vers un avenir plus juste et prosp\u00e8re. Pour ce faire, ils investissent dans plus de 1500 organismes et projets communautaires qui agissent sur plusieurs dimensions de la pauvret\u00e9 comme la r\u00e9ussite des jeunes, l\u2019inclusion des personnes marginalis\u00e9es et vuln\u00e9rables et la r\u00e9ponse aux besoins de base.  <\/p>\n\n\n\n<p>Soulignons par ailleurs que la situation de plusieurs d\u2019entre elles s\u2019est aggrav\u00e9e dans le contexte de la pand\u00e9mie de COVID-19. Ces organismes de proximit\u00e9, souvent moins connus que d\u2019autres causes plus visibles dans la sph\u00e8re publique, offrent des services adapt\u00e9s \u00e0 chacune des r\u00e9gions.   <\/p>\n\n\n\n<p>\u00ab Centraide a pour mission de donner \u00e0 chacun les moyens d\u2019am\u00e9liorer les conditions de vie des gens et de b\u00e2tir des communaut\u00e9s inclusives pour lutter contre la pauvret\u00e9 et l\u2019exclusion, car Centraide croit fermement que chacun, dans chaque communaut\u00e9, a la possibilit\u00e9 de r\u00e9aliser son plein potentiel.\u00a0 Avec un contexte toujours incertain, la campagne de Centraide prend plus que jamais son importance et il est primordial de faire preuve de g\u00e9n\u00e9rosit\u00e9 \u00e0 la hauteur de ses moyens pour maintenir l\u2019\u00e9quilibre fragile de nos communaut\u00e9s \u00bb, mentionne Val\u00e9rye Bourassa, directrice r\u00e9gionale de Centraide Centre-du-Qu\u00e9bec. <\/p>\n\n\n\n<p>Elle conclut en affirmant que \u00ab vos dons, peu importe le montant, font la diff\u00e9rence ici au Centre-du-Qu\u00e9bec et il est important de le dire et de le r\u00e9p\u00e9ter. Vos dons contribuent \u00e0 faire la diff\u00e9rence localement et \u00e0 am\u00e9liorer la qualit\u00e9 de vie des gens d\u2019ici.\u00a0 Quand notre communaut\u00e9 va bien, c\u2019est nous tous qui en profitons ! \u00bb <\/p>\n\n\n\n<p><strong>Le nombre de personnes en situation de pauvret\u00e9 sous-estim\u00e9<\/strong><\/p>\n\n\n\n<p>La campagne Centraide donne \u00e9galement l\u2019occasion de conscientiser la population \u00e0 l\u2019importance de la r\u00e9duction des in\u00e9galit\u00e9s, qui ont d\u2019ailleurs \u00e9t\u00e9 amplifi\u00e9es par la pand\u00e9mie, et d\u2019une relance socio\u00e9conomique \u00e9quitable et inclusive. Selon un r\u00e9cent sondage L\u00e9ger, les r\u00e9pondant.e.s sous-estiment le nombre de personnes vivant sous le seuil de pauvret\u00e9 au Qu\u00e9bec. Cependant, trois r\u00e9pondant.e.s sur quatre sont d\u2019avis que la situation de la pauvret\u00e9 au Qu\u00e9bec s\u2019est d\u00e9t\u00e9rior\u00e9e depuis le d\u00e9but de la pand\u00e9mie. <\/p>\n\n\n\n<p><a>\u00a0<\/a><strong><a href=\"https:\/\/static1.squarespace.com\/static\/60e86c2a9c03f41c25b716cd\/t\/61438757d4faa428d2f1131f\/1631815511766\/L%C3%A9ger+X+Im%C3%A9dia+Sondage.pdf\" target=\"_blank\" rel=\"noreferrer noopener\" aria-label=\" (s\u2019ouvre dans un nouvel onglet)\">Cliquez ici pour acc\u00e9der aux r\u00e9sultats du sondage.<\/a><\/strong><\/p>\n\n\n\n<p><strong>Faits saillants du sondage<\/strong><\/p>\n\n\n\n<ul class=\"wp-block-list\"><li>Plus d\u2019un.e r\u00e9pondant.e sur cinq affirme s\u2019\u00eatre retrouv\u00e9.e dans une situation de pauvret\u00e9 et de vuln\u00e9rabilit\u00e9 en raison de la pand\u00e9mie. Il s\u2019agit du tiers chez les 18 \u00e0 34 ans.<\/li><li>Une grande partie des Qu\u00e9b\u00e9cois.es sous-estiment l&rsquo;importance de la pauvret\u00e9 au Qu\u00e9bec : 37 % des r\u00e9pondant.e.s au sondage L\u00e9ger \u00e9valuent que moins de 500 000 personnes y sont confront\u00e9es. La r\u00e9alit\u00e9 est tout autre. Le Qu\u00e9bec compte effectivement beaucoup plus de personnes \u00e0 faible revenu qu&rsquo;estim\u00e9 par les r\u00e9pondant.e.s (elles sont plut\u00f4t 800 000 selon la Mesure du panier de consommation et 1,2 M selon la Mesure de faible revenu). <\/li><\/ul>\n\n\n\n<ul class=\"wp-block-list\"><li>Plus de 70&nbsp;% des r\u00e9pondant.e.s au\nr\u00e9cent sondage L\u00e9ger croient que la situation de la pauvret\u00e9 au Qu\u00e9bec s\u2019est\nd\u00e9t\u00e9rior\u00e9e et que les in\u00e9galit\u00e9s entre les riches et les pauvres se sont\naccentu\u00e9es depuis le d\u00e9but de la pand\u00e9mie de COVID-19.<\/li><li>Plus de 75&nbsp;% des r\u00e9pondant.e.s ont par\nailleurs \u00e9t\u00e9 sensibilis\u00e9.e.s au fait qu\u2019une telle situation peut toucher tout\nle monde.<\/li><\/ul>\n\n\n\n<ul class=\"wp-block-list\"><li>Aux yeux des r\u00e9pondant.e.s, la principale action permettant d\u2019agir sur la pauvret\u00e9 serait la mise en place de programmes pour la cr\u00e9ation de logements abordables (60 %). Les autres actions seraient l\u2019augmentation du salaire minimum (50 %), la r\u00e9vision des paliers d\u2019imposition (49 %) et l\u2019\u00e9laboration d\u2019un r\u00e9el projet social misant sur la lutte \u00e0 la pauvret\u00e9 (46 %).<\/li><\/ul>\n\n\n\n<p>Le\nsondage L\u00e9ger, command\u00e9 par les Centraide du Qu\u00e9bec, a \u00e9t\u00e9 r\u00e9alis\u00e9 aupr\u00e8s de 1\u2009005&nbsp;r\u00e9pondant.e.s\ndu 13 au 15&nbsp;ao\u00fbt 2021 inclusivement. La marge d\u2019erreur maximale du sondage\nest de 3,1&nbsp;%, 19&nbsp;fois sur&nbsp;20.<\/p>\n\n\n\n<p style=\"text-align:center\">&#8211; 30 &#8211;<\/p>\n","protected":false},"excerpt":{"rendered":"<p>Centre-du-Qu\u00e9bec, octobre 2021 \u2013 Centraide, le plus important investisseur social non gouvernemental dans le domaine sociocommunautaire, lance aujourd\u2019hui sa campagne de collecte de fonds annuelle. Jusqu\u2019\u00e0 la fin d\u00e9cembre 2021, les Qu\u00e9b\u00e9cois et Qu\u00e9b\u00e9coises sont invit\u00e9.es \u00e0 joindre le mouvement afin de recueillir des dons qui serviront \u00e0 am\u00e9liorer les conditions de vie des personnes [&hellip;]<\/p>\n","protected":false},"author":3,"featured_media":930,"comment_status":"closed","ping_status":"closed","sticky":false,"template":"","format":"standard","meta":{"ocean_post_layout":"","ocean_both_sidebars_style":"","ocean_both_sidebars_content_width":0,"ocean_both_sidebars_sidebars_width":0,"ocean_sidebar":"0","ocean_second_sidebar":"0","ocean_disable_margins":"enable","ocean_add_body_class":"","ocean_shortcode_before_top_bar":"","ocean_shortcode_after_top_bar":"","ocean_shortcode_before_header":"","ocean_shortcode_after_header":"","ocean_has_shortcode":"","ocean_shortcode_after_title":"","ocean_shortcode_before_footer_widgets":"","ocean_shortcode_after_footer_widgets":"","ocean_shortcode_before_footer_bottom":"","ocean_shortcode_after_footer_bottom":"","ocean_display_top_bar":"default","ocean_display_header":"default","ocean_header_style":"","ocean_center_header_left_menu":"0","ocean_custom_header_template":"0","ocean_custom_logo":0,"ocean_custom_retina_logo":0,"ocean_custom_logo_max_width":0,"ocean_custom_logo_tablet_max_width":0,"ocean_custom_logo_mobile_max_width":0,"ocean_custom_logo_max_height":0,"ocean_custom_logo_tablet_max_height":0,"ocean_custom_logo_mobile_max_height":0,"ocean_header_custom_menu":"0","ocean_menu_typo_font_family":"0","ocean_menu_typo_font_subset":"","ocean_menu_typo_font_size":0,"ocean_menu_typo_font_size_tablet":0,"ocean_menu_typo_font_size_mobile":0,"ocean_menu_typo_font_size_unit":"px","ocean_menu_typo_font_weight":"","ocean_menu_typo_font_weight_tablet":"","ocean_menu_typo_font_weight_mobile":"","ocean_menu_typo_transform":"","ocean_menu_typo_transform_tablet":"","ocean_menu_typo_transform_mobile":"","ocean_menu_typo_line_height":0,"ocean_menu_typo_line_height_tablet":0,"ocean_menu_typo_line_height_mobile":0,"ocean_menu_typo_line_height_unit":"","ocean_menu_typo_spacing":0,"ocean_menu_typo_spacing_tablet":0,"ocean_menu_typo_spacing_mobile":0,"ocean_menu_typo_spacing_unit":"","ocean_menu_link_color":"","ocean_menu_link_color_hover":"","ocean_menu_link_color_active":"","ocean_menu_link_background":"","ocean_menu_link_hover_background":"","ocean_menu_link_active_background":"","ocean_menu_social_links_bg":"","ocean_menu_social_hover_links_bg":"","ocean_menu_social_links_color":"","ocean_menu_social_hover_links_color":"","ocean_disable_title":"default","ocean_disable_heading":"default","ocean_post_title":"","ocean_post_subheading":"","ocean_post_title_style":"","ocean_post_title_background_color":"","ocean_post_title_background":0,"ocean_post_title_bg_image_position":"","ocean_post_title_bg_image_attachment":"","ocean_post_title_bg_image_repeat":"","ocean_post_title_bg_image_size":"","ocean_post_title_height":0,"ocean_post_title_bg_overlay":0.5,"ocean_post_title_bg_overlay_color":"","ocean_disable_breadcrumbs":"default","ocean_breadcrumbs_color":"","ocean_breadcrumbs_separator_color":"","ocean_breadcrumbs_links_color":"","ocean_breadcrumbs_links_hover_color":"","ocean_display_footer_widgets":"default","ocean_display_footer_bottom":"default","ocean_custom_footer_template":"0","ocean_post_oembed":"","ocean_post_self_hosted_media":"","ocean_post_video_embed":"","ocean_link_format":"","ocean_link_format_target":"self","ocean_quote_format":"","ocean_quote_format_link":"post","ocean_gallery_link_images":"off","ocean_gallery_id":[],"footnotes":""},"categories":[7],"tags":[],"class_list":["post-1076","post","type-post","status-publish","format-standard","has-post-thumbnail","hentry","category-nouvelles","entry","has-media"],"_links":{"self":[{"href":"https:\/\/centraide-rcoq.ca\/cdq\/wp-json\/wp\/v2\/posts\/1076","targetHints":{"allow":["GET"]}}],"collection":[{"href":"https:\/\/centraide-rcoq.ca\/cdq\/wp-json\/wp\/v2\/posts"}],"about":[{"href":"https:\/\/centraide-rcoq.ca\/cdq\/wp-json\/wp\/v2\/types\/post"}],"author":[{"embeddable":true,"href":"https:\/\/centraide-rcoq.ca\/cdq\/wp-json\/wp\/v2\/users\/3"}],"replies":[{"embeddable":true,"href":"https:\/\/centraide-rcoq.ca\/cdq\/wp-json\/wp\/v2\/comments?post=1076"}],"version-history":[{"count":2,"href":"https:\/\/centraide-rcoq.ca\/cdq\/wp-json\/wp\/v2\/posts\/1076\/revisions"}],"predecessor-version":[{"id":1078,"href":"https:\/\/centraide-rcoq.ca\/cdq\/wp-json\/wp\/v2\/posts\/1076\/revisions\/1078"}],"wp:featuredmedia":[{"embeddable":true,"href":"https:\/\/centraide-rcoq.ca\/cdq\/wp-json\/wp\/v2\/media\/930"}],"wp:attachment":[{"href":"https:\/\/centraide-rcoq.ca\/cdq\/wp-json\/wp\/v2\/media?parent=1076"}],"wp:term":[{"taxonomy":"category","embeddable":true,"href":"https:\/\/centraide-rcoq.ca\/cdq\/wp-json\/wp\/v2\/categories?post=1076"},{"taxonomy":"post_tag","embeddable":true,"href":"https:\/\/centraide-rcoq.ca\/cdq\/wp-json\/wp\/v2\/tags?post=1076"}],"curies":[{"name":"wp","href":"https:\/\/api.w.org\/{rel}","templated":true}]}}