{"id":3879,"date":"2026-04-29T13:00:00","date_gmt":"2026-04-29T17:00:00","guid":{"rendered":"https:\/\/centraide-rcoq.ca\/atnq\/?p=3879"},"modified":"2026-04-29T12:50:54","modified_gmt":"2026-04-29T16:50:54","slug":"centraide-atnq-lance-le-premier-fonds-dinvestissement-social-de-lindustrie-miniere-au-canada","status":"publish","type":"post","link":"https:\/\/centraide-rcoq.ca\/atnq\/centraide-atnq-lance-le-premier-fonds-dinvestissement-social-de-lindustrie-miniere-au-canada\/","title":{"rendered":"Centraide ATNQ lance le premier fonds d&rsquo;investissement social de l&rsquo;industrie mini\u00e8re au Canada\u00a0"},"content":{"rendered":"\n<p><em>Une\u00a0quinzaine\u00a0de membres fondateurs de tout horizon de l&rsquo;industrie mini\u00e8re r\u00e9pondent \u00e0 l&rsquo;appel de Centraide ATNQ pour b\u00e2tir un h\u00e9ritage social durable<\/em><\/p>\n\n\n\n<p><em>English\u00a0follows<\/em>\u00a0<\/p>\n\n\n\n<p>C&rsquo;est une premi\u00e8re au Canada. Centraide Abitibi T\u00e9miscamingue et Nord-du-Qu\u00e9bec (ATNQ) annonce la cr\u00e9ation du Fonds d&rsquo;investissement social de l&rsquo;industrie mini\u00e8re (FISIM), une initiative \u00e0 laquelle une quinzaine de membres fondateurs issus de tous les horizons de l&rsquo;industrie mini\u00e8re r\u00e9gionale ont choisi de s&rsquo;associer.&nbsp;Soci\u00e9t\u00e9s mini\u00e8res, entrepreneurs, fournisseurs et firmes-conseils&nbsp;: rarement l&rsquo;industrie s&rsquo;\u00e9tait mobilis\u00e9e aussi largement autour d&rsquo;un projet \u00e0 vocation sociale. Ce fonds collectif et durable vise \u00e0 renforcer le tissu social de l&rsquo;Abitibi-T\u00e9miscamingue et du Nord-du-Qu\u00e9bec pour les g\u00e9n\u00e9rations actuelles et futures.&nbsp;<\/p>\n\n\n\n<p><strong>Des r\u00e9gions riches, mais pas \u00e0 l&rsquo;abri<\/strong>&nbsp;<\/p>\n\n\n\n<p>L&rsquo;industrie mini\u00e8re est un pilier \u00e9conomique incontournable de ces deux r\u00e9gions.&nbsp;En plus de&nbsp;g\u00e9n\u00e9rer&nbsp;des milliers d\u2019emplois,&nbsp;les investissements miniers annuels au Qu\u00e9bec ont r\u00e9cemment atteint un sommet historique de 5,7 milliards de dollars, dont pr\u00e8s de 75 % r\u00e9alis\u00e9s dans ces deux r\u00e9gions.&nbsp;<\/p>\n\n\n\n<p>Pourtant, derri\u00e8re cette vitalit\u00e9 \u00e9conomique, les besoins sociaux sont bien r\u00e9els et en croissance. Logement abordable, s\u00e9curit\u00e9 alimentaire, sant\u00e9 mentale, isolement&nbsp;: ces enjeux touchent une part croissante de la population. L&rsquo;\u00e9loignement g\u00e9ographique et la dispersion des communaut\u00e9s amplifient les d\u00e9fis d&rsquo;acc\u00e8s aux services. Le FISIM est n\u00e9 de ce constat&nbsp;: une \u00e9conomie forte a besoin de communaut\u00e9s en sant\u00e9 pour prosp\u00e9rer,&nbsp;et le d\u00e9veloppement social repose sur une base \u00e9conomique solide.&nbsp;<\/p>\n\n\n\n<p><strong>Une r\u00e9ponse in\u00e9dite de l&rsquo;industrie<\/strong>&nbsp;<\/p>\n\n\n\n<p>En r\u00e9pondant \u00e0 l&rsquo;appel de Centraide ATNQ, une quinzaine de membres fondateurs ont choisi de s&rsquo;unir autour d&rsquo;un mod\u00e8le d&rsquo;investissement social collectif, structurant et p\u00e9renne.\u00a0Parmi eux figurent<strong>\u00a0Corporation Mini\u00e8re\u00a0Troilus,\u00a0Dhilmar\u00a0Mine \u00c9l\u00e9onore,\u00a0Agnico\u00a0Eagle, Eldorado Gold Qu\u00e9bec, IAMGOLD Westwood, Fournier, Moreau,\u00a0MineOps, Forages Chibougamau, M\u00e9tal Marquis,\u00a0ethos\u00a0strat\u00e9gie, GCM Corpo, Acc\u00e8s Industriel\u00a0(Groupe Dion),\u00a0Fresnillo\u00a0plc\u00a0Projet\u00a0Novador\u00a0et Transfert Environnement et Soci\u00e9t\u00e9<\/strong>. Cette diversit\u00e9 de l&rsquo;industrie, t\u00e9moigne d&rsquo;une volont\u00e9 collective sans pr\u00e9c\u00e9dent.\u00a0<\/p>\n\n\n\n<p>\u00ab&nbsp;Jamais au Canada une initiative comme celle-l\u00e0 n&rsquo;avait vu le jour. C&rsquo;est la preuve que notre r\u00e9gion est capable d&rsquo;innover, d&rsquo;unir ses forces et de penser \u00e0 long terme. La porte est ouverte \u00e0 toutes les entreprises qui partagent cette vision et qui souhaitent contribuer \u00e0 b\u00e2tir des communaut\u00e9s plus fortes.&nbsp;\u00bb&nbsp;<strong>&nbsp;\u2014 M\u00e9lanie Perreault, directrice du d\u00e9veloppement et des partenariats, Centraide Abitibi-T\u00e9miscamingue et Nord-du-Qu\u00e9bec.<\/strong>&nbsp;<\/p>\n\n\n\n<p>\u00ab En tant que partenaire fondateur,&nbsp;Troilus&nbsp;est fi\u00e8re de contribuer au lancement du FISIM, une initiative qui refl\u00e8te la capacit\u00e9 de notre industrie \u00e0 se mobiliser collectivement pour soutenir des communaut\u00e9s plus fortes et durables. Pour&nbsp;Troilus, dont le projet est ancr\u00e9 dans le Nord-du-Qu\u00e9bec, cet engagement s\u2019inscrit directement dans notre approche de d\u00e9veloppement responsable, et en phase avec les besoins des communaut\u00e9s o\u00f9 nous op\u00e9rons. \u00bb&nbsp;<strong>\u2014 Justin Reid, chef de la direction (CEO),&nbsp;Corporation Mini\u00e8re&nbsp;Troilus<\/strong>&nbsp;<\/p>\n\n\n\n<p><strong>Un lancement ancr\u00e9 dans les deux territoires<\/strong>&nbsp;<\/p>\n\n\n\n<p>Le FISIM a \u00e9t\u00e9 lanc\u00e9 le&nbsp;27&nbsp;avril \u00e0&nbsp;Chibougamau, en pr\u00e9sence de membres fondateurs et de partenaires r\u00e9gionaux, puis&nbsp;le&nbsp;29&nbsp;avril \u00e0&nbsp;Val d\u2019Or&nbsp;refl\u00e9tant ainsi la double r\u00e9alit\u00e9 territoriale que ce fonds entend servir.&nbsp;<\/p>\n\n\n\n<figure class=\"wp-block-gallery has-nested-images columns-default is-cropped wp-block-gallery-1 is-layout-flex wp-block-gallery-is-layout-flex\">\n<figure class=\"wp-block-image size-large\"><img fetchpriority=\"high\" decoding=\"async\" width=\"1024\" height=\"681\" data-id=\"3898\" src=\"https:\/\/centraide-rcoq.ca\/atnq\/wp-content\/uploads\/sites\/2\/2026\/04\/Photo-Chibougamau-1024x681.jpg\" alt=\"Photo du lancement du FISIM \u00e0 Chibougamau\" class=\"wp-image-3898\" srcset=\"https:\/\/centraide-rcoq.ca\/atnq\/wp-content\/uploads\/sites\/2\/2026\/04\/Photo-Chibougamau-1024x681.jpg 1024w, https:\/\/centraide-rcoq.ca\/atnq\/wp-content\/uploads\/sites\/2\/2026\/04\/Photo-Chibougamau-300x200.jpg 300w, https:\/\/centraide-rcoq.ca\/atnq\/wp-content\/uploads\/sites\/2\/2026\/04\/Photo-Chibougamau-768x511.jpg 768w, https:\/\/centraide-rcoq.ca\/atnq\/wp-content\/uploads\/sites\/2\/2026\/04\/Photo-Chibougamau-1536x1022.jpg 1536w, https:\/\/centraide-rcoq.ca\/atnq\/wp-content\/uploads\/sites\/2\/2026\/04\/Photo-Chibougamau-2048x1363.jpg 2048w\" sizes=\"(max-width: 1024px) 100vw, 1024px\" \/><figcaption class=\"wp-element-caption\">Photo du lancement du FISIM \u00e0 Chibougamau<\/figcaption><\/figure>\n\n\n\n<figure class=\"wp-block-image size-large\"><img decoding=\"async\" width=\"1024\" height=\"683\" data-id=\"3899\" src=\"https:\/\/centraide-rcoq.ca\/atnq\/wp-content\/uploads\/sites\/2\/2026\/04\/Photo-Val-dOr--1024x683.jpg\" alt=\"Lancement du FISIM \u00e0 Val d'Or\" class=\"wp-image-3899\" srcset=\"https:\/\/centraide-rcoq.ca\/atnq\/wp-content\/uploads\/sites\/2\/2026\/04\/Photo-Val-dOr--1024x683.jpg 1024w, https:\/\/centraide-rcoq.ca\/atnq\/wp-content\/uploads\/sites\/2\/2026\/04\/Photo-Val-dOr--300x200.jpg 300w, https:\/\/centraide-rcoq.ca\/atnq\/wp-content\/uploads\/sites\/2\/2026\/04\/Photo-Val-dOr--768x512.jpg 768w, https:\/\/centraide-rcoq.ca\/atnq\/wp-content\/uploads\/sites\/2\/2026\/04\/Photo-Val-dOr--1536x1025.jpg 1536w, https:\/\/centraide-rcoq.ca\/atnq\/wp-content\/uploads\/sites\/2\/2026\/04\/Photo-Val-dOr-.jpg 2048w\" sizes=\"(max-width: 1024px) 100vw, 1024px\" \/><figcaption class=\"wp-element-caption\">Lancement du FISIM \u00e0 Val d&rsquo;Or<\/figcaption><\/figure>\n<\/figure>\n\n\n\n<p>\u00ab La cr\u00e9ation du FISIM repr\u00e9sente un levier suppl\u00e9mentaire et concret pour renforcer le tissu social de nos communaut\u00e9s. C\u2019est un outil qui permet \u00e0 Centraide ATNQ d\u2019agir encore plus efficacement sur des enjeux bien r\u00e9els dans nos milieux, tout en offrant \u00e0 l\u2019industrie mini\u00e8re une nouvelle fa\u00e7on de s\u2019impliquer de mani\u00e8re structur\u00e9e et durable. Cette initiative vient en compl\u00e9ment des discussions et des ententes conclues avec les municipalit\u00e9s d\u2019accueil ; elle ne s\u2019y substitue pas, mais elle \u00e9largit notre capacit\u00e9 collective \u00e0 soutenir des communaut\u00e9s fortes et inclusives. \u00bb<strong>&nbsp;Nich\u00e8le&nbsp;Compartino, pr\u00e9sidente du conseil d\u2019administration de l\u2019Administration r\u00e9gionale Baie-James<\/strong>&nbsp;<\/p>\n\n\n\n<p>\u00ab Par son caract\u00e8re novateur, ce fonds t\u00e9moigne d\u2019une vision collective porteuse, dont nous esp\u00e9rons que les retomb\u00e9es pourront \u00eatre concr\u00e8tes et adapt\u00e9es aux r\u00e9alit\u00e9s propres \u00e0 notre territoire. Dans une r\u00e9gion o\u00f9 l\u2019industrie mini\u00e8re constitue un pilier majeur de notre d\u00e9veloppement \u00e9conomique, il va de soi qu\u2019elle contribue activement \u00e0 la r\u00e9ponse aux enjeux sociaux qui touchent nos communaut\u00e9s. Le renforcement de notre filet social demeure essentiel pour soutenir les citoyennes et citoyens et assurer la vitalit\u00e9 de nos milieux de vie. Cette initiative repr\u00e9sente un levier important pour am\u00e9liorer les conditions de vie et en ce sens, nous reconnaissons le leadership de tous les acteurs impliqu\u00e9s dans la cr\u00e9ation du FISIM. \u00bb<strong>&nbsp;\u2014 Gilles&nbsp;Chapadeau, pr\u00e9sident de la Conf\u00e9rence des pr\u00e9fets de l\u2019Abitibi-T\u00e9miscamingue et maire\/pr\u00e9fet de la Ville\/MRC de Rouyn-Noranda.<\/strong>&nbsp;<\/p>\n\n\n\n<p>Fid\u00e8le \u00e0 sa mission de rassembler et d&rsquo;agir pour des communaut\u00e9s inclusives et sans pauvret\u00e9, Centraide ATNQ ouvre la voie \u00e0 une nouvelle forme d&rsquo;engagement philanthropique pour les entreprises, ancr\u00e9e dans la dur\u00e9e et orient\u00e9e vers des changements concrets et mesurables. Le FISIM repr\u00e9sente une occasion unique pour les entreprises de l&rsquo;industrie mini\u00e8re de faire partie d&rsquo;un h\u00e9ritage collectif qui grandira avec le temps.<\/p>\n\n\n\n<div class=\"wp-block-media-text alignwide is-stacked-on-mobile\" style=\"grid-template-columns:35% auto\"><figure class=\"wp-block-media-text__media\"><a href=\"https:\/\/centraide-rcoq.ca\/atnq\/wp-content\/uploads\/sites\/2\/2026\/04\/FISIM_FR_compressed.pdf\"><img decoding=\"async\" width=\"1545\" height=\"1999\" src=\"https:\/\/centraide-rcoq.ca\/atnq\/wp-content\/uploads\/sites\/2\/2026\/04\/Copie-de-Document-promo-FISIM-FR.png\" alt=\"\" class=\"wp-image-3884 size-full\" srcset=\"https:\/\/centraide-rcoq.ca\/atnq\/wp-content\/uploads\/sites\/2\/2026\/04\/Copie-de-Document-promo-FISIM-FR.png 1545w, https:\/\/centraide-rcoq.ca\/atnq\/wp-content\/uploads\/sites\/2\/2026\/04\/Copie-de-Document-promo-FISIM-FR-232x300.png 232w, https:\/\/centraide-rcoq.ca\/atnq\/wp-content\/uploads\/sites\/2\/2026\/04\/Copie-de-Document-promo-FISIM-FR-791x1024.png 791w, https:\/\/centraide-rcoq.ca\/atnq\/wp-content\/uploads\/sites\/2\/2026\/04\/Copie-de-Document-promo-FISIM-FR-768x994.png 768w, https:\/\/centraide-rcoq.ca\/atnq\/wp-content\/uploads\/sites\/2\/2026\/04\/Copie-de-Document-promo-FISIM-FR-1187x1536.png 1187w\" sizes=\"(max-width: 1545px) 100vw, 1545px\" \/><\/a><\/figure><div class=\"wp-block-media-text__content\">\n<p><strong><a href=\"https:\/\/centraide-rcoq.ca\/atnq\/wp-content\/uploads\/sites\/2\/2026\/04\/FISIM_FR_compressed.pdf\">Consultez la brochure promotionnelle<\/a><\/strong><\/p>\n\n\n\n<p><a href=\"https:\/\/centraide-rcoq.ca\/atnq\/nous-joindre\/\" target=\"_blank\" rel=\"noreferrer noopener\"><strong>Nous joindre<\/strong><\/a><\/p>\n<\/div><\/div>\n\n\n\n<h2 class=\"wp-block-heading\"><strong>Centraide ATNQ Launches Canada&rsquo;s First Social Investment Fund of the Mining Industry<\/strong>&nbsp;<\/h2>\n\n\n\n<p><em>Fifteen founding members from across the mining industry&nbsp;join&nbsp;Centraide&nbsp;ATNQ&nbsp;to build a lasting social legacy<\/em>&nbsp;<\/p>\n\n\n\n<p><em>In\u00a0a Canadian first,<\/em>\u00a0Centraide Abitibi\u00a0T\u00e9miscamingue\u00a0et Nord-du-Qu\u00e9bec (ATNQ) announces the creation of the Social Investment Fund of the Mining Industry (FISIM), an initiative\u00a0supported by a coalition of\u00a0fifteen founding members from across the regional mining industry.\u00a0Mining companies, contractors, suppliers,\u00a0and consulting firms: the industry\u00a0has rarely\u00a0mobilized\u00a0on this scale\u00a0around a social initiative.\u00a0This\u00a0collective fund\u00a0is designed to sustainably\u00a0strengthen the social fabric of Abitibi-T\u00e9miscamingue\u00a0and Nord-du-Qu\u00e9bec for generations\u00a0to come.\u00a0<\/p>\n\n\n\n<p><strong>Thriving Regions, Real Social Needs<\/strong>&nbsp;<\/p>\n\n\n\n<p>The mining industry is an essential economic pillar of both regions.&nbsp;Beyond creating&nbsp;thousands of jobs, annual mining investment in Quebec recently reached a record high of $5.7 billion, with&nbsp;nearly 75%&nbsp;concentrated in these two regions.&nbsp;<\/p>\n\n\n\n<p>Yet behind this economic vitality, social needs&nbsp;remain&nbsp;pressing&nbsp;and&nbsp;are&nbsp;growing. Affordable housing, food security, mental health, and isolation are challenges affecting an increasing share of the population.&nbsp;Regional&nbsp;remoteness and&nbsp;scattered&nbsp;communities&nbsp;create unique&nbsp;barriers to&nbsp;essential&nbsp;services.&nbsp;This is the context&nbsp;that led to&nbsp;the&nbsp;creation of&nbsp;FISIM:&nbsp;a strong economy needs healthy communities to thrive, and social development requires a solid economic base.&nbsp;<\/p>\n\n\n\n<p><strong>An Unprecedented Industry Response<\/strong>&nbsp;<\/p>\n\n\n\n<p>By&nbsp;joining&nbsp;Centraide&nbsp;ATNQ, fifteen founding members have chosen to unite around a structured, long-term collective&nbsp;model.&nbsp;Among them are Troilus Mining Corp.,&nbsp;Dhilmar&nbsp;Mine \u00c9l\u00e9onore, Agnico Eagle, Eldorado Gold Qu\u00e9bec, IAMGOLD Westwood, Fournier, Moreau,&nbsp;MineOps, Chibougamau Drilling,&nbsp;M\u00e9tal&nbsp;Marquis, ethos&nbsp;strat\u00e9gie, GCM Corpo, Access Industrial (Groupe Dion), Fresnillo plc&nbsp;Novador&nbsp;Project and&nbsp;Transfert&nbsp;Environnement et Soci\u00e9t\u00e9.&nbsp;This broad&nbsp;industry representation&nbsp;reflects&nbsp;an unprecedented collective commitment.&nbsp;<\/p>\n\n\n\n<p>\u00ab\u00a0This fund is&nbsp;a&nbsp;new model&nbsp;for regional innovation. The boldness of the founders who chose to join forces with Centraide ATNQ has made this lasting alliance possible. By combining the mining industry&rsquo;s capacity with our community&nbsp;expertise, we are&nbsp;building&nbsp;a powerful and inclusive&nbsp;force&nbsp;for change&nbsp;that goes beyond financial support.&nbsp;Every investment will&nbsp;help drive&nbsp;progress&nbsp;in&nbsp;our communities.\u00a0\u00bb&nbsp;<strong>\u2014 M\u00e9lanie Perreault, Director of Development and Partnerships, Centraide Abitibi&nbsp;T\u00e9miscamingue&nbsp;et Nord-du-Qu\u00e9bec<\/strong>&nbsp;<\/p>\n\n\n\n<p>\u00ab\u00a0As a founding partner, Troilus is proud to contribute to the launch of the FISIM, an initiative that shows how our industry can come together to support stronger and more sustainable communities. For Troilus, whose project&nbsp;is&nbsp;based&nbsp;in&nbsp;Nord-du-Qu\u00e9bec, this commitment is a direct expression of our responsible development approach, aligned with the needs of the communities where we operate.\u00a0\u00bb<strong>&nbsp;\u2014 Justin Reid, President and CEO, Troilus Mining Corp.<\/strong>&nbsp;<\/p>\n\n\n\n<p><strong>A Dual-Region Launch<\/strong>&nbsp;<\/p>\n\n\n\n<p>The FISIM was launched on April 27 in Chibougamau, in the presence of founding members and regional partners, and on April 29 in Val-d&rsquo;Or,&nbsp;reflecting&nbsp;the reality&nbsp;of serving two distinct regions.&nbsp;<\/p>\n\n\n\n<p>\u00ab\u00a0The creation of FISIM represents a&nbsp;tangible way to further strengthen&nbsp;the social fabric of our communities. It is a tool that allows Centraide&nbsp;ATNQ to&nbsp;act&nbsp;more effectively on&nbsp;the challenges facing our&nbsp;local&nbsp;communities, while offering the mining industry a new,&nbsp;structured,&nbsp;and&nbsp;long-term way&nbsp;to engage.&nbsp;This initiative&nbsp;is intended to complement&nbsp;ongoing&nbsp;discussions and agreements with host municipalities\u2014not replace them\u2014while strengthening&nbsp;our collective&nbsp;ability&nbsp;to support strong and inclusive communities.\u00a0\u00bb&nbsp;<strong>\u2014&nbsp;Nich\u00e8le&nbsp;Compartino, Chair of the Board, Administration&nbsp;r\u00e9gionale&nbsp;Baie-James<\/strong>&nbsp;<\/p>\n\n\n\n<p>\u00ab\u00a0This innovative&nbsp;fund reflects a shared and promising vision, and we hope its benefits will be concrete and adapted to&nbsp;local&nbsp;realities.&nbsp;In a region where the mining industry is a major pillar of our economic development,&nbsp;it&nbsp;also&nbsp;plays&nbsp;a key&nbsp;role&nbsp;in&nbsp;addressing&nbsp;the&nbsp;social challenges facing our communities.&nbsp;A strong&nbsp;social&nbsp;safety&nbsp;net&nbsp;remains&nbsp;essential&nbsp;to supporting residents and ensuring the vitality of our communities. This initiative&nbsp;represents&nbsp;an important&nbsp;driver&nbsp;of improved&nbsp;living conditions.&nbsp;We&nbsp;also&nbsp;recognize the leadership of all those involved in creating the FISIM.\u00a0\u00bb<strong>&nbsp;\u2014 Gilles&nbsp;Chapadeau, President of the&nbsp;Conf\u00e9rence&nbsp;des&nbsp;pr\u00e9fets&nbsp;de&nbsp;l&rsquo;Abitibi-T\u00e9miscamingue&nbsp;and Mayor\/Warden of the City\/RCM of Rouyn-Noranda<\/strong>&nbsp;<\/p>\n\n\n\n<p>Staying true&nbsp;to its mission of bringing people together and acting for inclusive, poverty-free communities, Centraide ATNQ&nbsp;is paving&nbsp;the way&nbsp;for&nbsp;a new form of&nbsp;corporate philanthropy,&nbsp;built for&nbsp;the long&nbsp;term&nbsp;and focused on&nbsp;concrete,&nbsp;measurable change. The FISIM&nbsp;represents&nbsp;a unique opportunity for mining industry companies to be part of a collective legacy that will grow over time.&nbsp;<\/p>\n\n\n\n<div class=\"wp-block-media-text alignwide is-stacked-on-mobile\" style=\"grid-template-columns:35% auto\"><figure class=\"wp-block-media-text__media\"><a href=\"https:\/\/centraide-rcoq.ca\/atnq\/wp-content\/uploads\/sites\/2\/2026\/04\/Document_promo_FISIM_ANGLO_compressed.pdf\"><img loading=\"lazy\" decoding=\"async\" width=\"791\" height=\"1024\" src=\"https:\/\/centraide-rcoq.ca\/atnq\/wp-content\/uploads\/sites\/2\/2026\/04\/Document-promo-FISIM-ANGLO-791x1024.png\" alt=\"\" class=\"wp-image-3894 size-full\" srcset=\"https:\/\/centraide-rcoq.ca\/atnq\/wp-content\/uploads\/sites\/2\/2026\/04\/Document-promo-FISIM-ANGLO-791x1024.png 791w, https:\/\/centraide-rcoq.ca\/atnq\/wp-content\/uploads\/sites\/2\/2026\/04\/Document-promo-FISIM-ANGLO-232x300.png 232w, https:\/\/centraide-rcoq.ca\/atnq\/wp-content\/uploads\/sites\/2\/2026\/04\/Document-promo-FISIM-ANGLO-768x994.png 768w, https:\/\/centraide-rcoq.ca\/atnq\/wp-content\/uploads\/sites\/2\/2026\/04\/Document-promo-FISIM-ANGLO-1187x1536.png 1187w, https:\/\/centraide-rcoq.ca\/atnq\/wp-content\/uploads\/sites\/2\/2026\/04\/Document-promo-FISIM-ANGLO.png 1545w\" sizes=\"(max-width: 791px) 100vw, 791px\" \/><\/a><\/figure><div class=\"wp-block-media-text__content\">\n<p><a href=\"https:\/\/centraide-rcoq.ca\/atnq\/wp-content\/uploads\/sites\/2\/2026\/04\/Document_promo_FISIM_ANGLO_compressed.pdf\"><strong>View the promotional brochure<\/strong><\/a><\/p>\n\n\n\n<p><a href=\"https:\/\/centraide-rcoq.ca\/atnq\/nous-joindre\/\" target=\"_blank\" rel=\"noreferrer noopener\"><strong>Contact Us<\/strong><\/a><\/p>\n<\/div><\/div>\n","protected":false},"excerpt":{"rendered":"<p>Une\u00a0quinzaine\u00a0de membres fondateurs de tout horizon de l&rsquo;industrie mini\u00e8re r\u00e9pondent \u00e0 l&rsquo;appel de Centraide ATNQ pour b\u00e2tir un h\u00e9ritage social durable English\u00a0follows\u00a0 C&rsquo;est une premi\u00e8re au Canada. Centraide Abitibi T\u00e9miscamingue et Nord-du-Qu\u00e9bec (ATNQ) annonce la cr\u00e9ation du Fonds d&rsquo;investissement social de l&rsquo;industrie mini\u00e8re (FISIM), une initiative \u00e0 laquelle une quinzaine de membres fondateurs issus de [&hellip;]<\/p>\n","protected":false},"author":2,"featured_media":3901,"comment_status":"closed","ping_status":"closed","sticky":false,"template":"","format":"standard","meta":{"ocean_post_layout":"","ocean_both_sidebars_style":"","ocean_both_sidebars_content_width":0,"ocean_both_sidebars_sidebars_width":0,"ocean_sidebar":"","ocean_second_sidebar":"","ocean_disable_margins":"enable","ocean_add_body_class":"","ocean_shortcode_before_top_bar":"","ocean_shortcode_after_top_bar":"","ocean_shortcode_before_header":"","ocean_shortcode_after_header":"","ocean_has_shortcode":"","ocean_shortcode_after_title":"","ocean_shortcode_before_footer_widgets":"","ocean_shortcode_after_footer_widgets":"","ocean_shortcode_before_footer_bottom":"","ocean_shortcode_after_footer_bottom":"","ocean_display_top_bar":"default","ocean_display_header":"default","ocean_header_style":"","ocean_center_header_left_menu":"","ocean_custom_header_template":"","ocean_custom_logo":0,"ocean_custom_retina_logo":0,"ocean_custom_logo_max_width":0,"ocean_custom_logo_tablet_max_width":0,"ocean_custom_logo_mobile_max_width":0,"ocean_custom_logo_max_height":0,"ocean_custom_logo_tablet_max_height":0,"ocean_custom_logo_mobile_max_height":0,"ocean_header_custom_menu":"","ocean_menu_typo_font_family":"","ocean_menu_typo_font_subset":"","ocean_menu_typo_font_size":0,"ocean_menu_typo_font_size_tablet":0,"ocean_menu_typo_font_size_mobile":0,"ocean_menu_typo_font_size_unit":"px","ocean_menu_typo_font_weight":"","ocean_menu_typo_font_weight_tablet":"","ocean_menu_typo_font_weight_mobile":"","ocean_menu_typo_transform":"","ocean_menu_typo_transform_tablet":"","ocean_menu_typo_transform_mobile":"","ocean_menu_typo_line_height":0,"ocean_menu_typo_line_height_tablet":0,"ocean_menu_typo_line_height_mobile":0,"ocean_menu_typo_line_height_unit":"","ocean_menu_typo_spacing":0,"ocean_menu_typo_spacing_tablet":0,"ocean_menu_typo_spacing_mobile":0,"ocean_menu_typo_spacing_unit":"","ocean_menu_link_color":"","ocean_menu_link_color_hover":"","ocean_menu_link_color_active":"","ocean_menu_link_background":"","ocean_menu_link_hover_background":"","ocean_menu_link_active_background":"","ocean_menu_social_links_bg":"","ocean_menu_social_hover_links_bg":"","ocean_menu_social_links_color":"","ocean_menu_social_hover_links_color":"","ocean_disable_title":"default","ocean_disable_heading":"default","ocean_post_title":"","ocean_post_subheading":"","ocean_post_title_style":"","ocean_post_title_background_color":"","ocean_post_title_background":0,"ocean_post_title_bg_image_position":"","ocean_post_title_bg_image_attachment":"","ocean_post_title_bg_image_repeat":"","ocean_post_title_bg_image_size":"","ocean_post_title_height":0,"ocean_post_title_bg_overlay":0.5,"ocean_post_title_bg_overlay_color":"","ocean_disable_breadcrumbs":"default","ocean_breadcrumbs_color":"","ocean_breadcrumbs_separator_color":"","ocean_breadcrumbs_links_color":"","ocean_breadcrumbs_links_hover_color":"","ocean_display_footer_widgets":"default","ocean_display_footer_bottom":"default","ocean_custom_footer_template":"","ocean_post_oembed":"","ocean_post_self_hosted_media":"","ocean_post_video_embed":"","ocean_link_format":"","ocean_link_format_target":"self","ocean_quote_format":"","ocean_quote_format_link":"post","ocean_gallery_link_images":"on","ocean_gallery_id":[],"footnotes":""},"categories":[7],"tags":[],"class_list":["post-3879","post","type-post","status-publish","format-standard","has-post-thumbnail","hentry","category-nouvelles","entry","has-media"],"_links":{"self":[{"href":"https:\/\/centraide-rcoq.ca\/atnq\/wp-json\/wp\/v2\/posts\/3879","targetHints":{"allow":["GET"]}}],"collection":[{"href":"https:\/\/centraide-rcoq.ca\/atnq\/wp-json\/wp\/v2\/posts"}],"about":[{"href":"https:\/\/centraide-rcoq.ca\/atnq\/wp-json\/wp\/v2\/types\/post"}],"author":[{"embeddable":true,"href":"https:\/\/centraide-rcoq.ca\/atnq\/wp-json\/wp\/v2\/users\/2"}],"replies":[{"embeddable":true,"href":"https:\/\/centraide-rcoq.ca\/atnq\/wp-json\/wp\/v2\/comments?post=3879"}],"version-history":[{"count":2,"href":"https:\/\/centraide-rcoq.ca\/atnq\/wp-json\/wp\/v2\/posts\/3879\/revisions"}],"predecessor-version":[{"id":3902,"href":"https:\/\/centraide-rcoq.ca\/atnq\/wp-json\/wp\/v2\/posts\/3879\/revisions\/3902"}],"wp:featuredmedia":[{"embeddable":true,"href":"https:\/\/centraide-rcoq.ca\/atnq\/wp-json\/wp\/v2\/media\/3901"}],"wp:attachment":[{"href":"https:\/\/centraide-rcoq.ca\/atnq\/wp-json\/wp\/v2\/media?parent=3879"}],"wp:term":[{"taxonomy":"category","embeddable":true,"href":"https:\/\/centraide-rcoq.ca\/atnq\/wp-json\/wp\/v2\/categories?post=3879"},{"taxonomy":"post_tag","embeddable":true,"href":"https:\/\/centraide-rcoq.ca\/atnq\/wp-json\/wp\/v2\/tags?post=3879"}],"curies":[{"name":"wp","href":"https:\/\/api.w.org\/{rel}","templated":true}]}}