{"id":3760,"date":"2025-11-06T14:32:55","date_gmt":"2025-11-06T19:32:55","guid":{"rendered":"https:\/\/centraide-rcoq.ca\/atnq\/?p=3760"},"modified":"2026-03-03T11:18:52","modified_gmt":"2026-03-03T16:18:52","slug":"conseiller-en-developpement-social-et-philanthropique-mrc-du-temiscamingue-de-rouyn-noranda-et-dabitibi-ouest","status":"publish","type":"post","link":"https:\/\/centraide-rcoq.ca\/atnq\/conseiller-en-developpement-social-et-philanthropique-mrc-du-temiscamingue-de-rouyn-noranda-et-dabitibi-ouest\/","title":{"rendered":"Conseiller\u00b7\u00e8re en d\u00e9veloppement social\u00a0et philanthropique, MRC du T\u00e9miscamingue, de Rouyn-Noranda et d\u2019Abitibi-Ouest"},"content":{"rendered":"\n<p><strong>Un poste de\u00a0conseiller\u00b7\u00e8re\u00a0en d\u00e9veloppement social\u00a0et philanthropie \u2013\u00a0MRC du T\u00e9miscamingue, de Rouyn-Noranda et d\u2019Abitibi-Ouest,\u00a0\u00e7a t\u2019int\u00e9resse?<\/strong>\u00a0<\/p>\n\n\n\n<p>Tu es reconnu pour ton leadership mobilisateur, ta capacit\u00e9 \u00e0 cr\u00e9er&nbsp;des liens, ta&nbsp;rigueur, mais surtout ton r\u00e9el int\u00e9r\u00eat pour faire une diff\u00e9rence dans la lutte contre la pauvret\u00e9 et l\u2019exclusion sociale ?\u202f&nbsp;Nous t\u2019offrons un environnement riche et stimulant qui valorise l\u2019esprit de communaut\u00e9 et le climat de confiance pour faire valoir tes comp\u00e9tences au sein d\u2019une \u00e9quipe port\u00e9e par l\u2019engagement, l\u2019ouverture et la collaboration.&nbsp;<\/p>\n\n\n\n<p><strong>Nous te proposons\u202f:<\/strong>&nbsp;<\/p>\n\n\n\n<ul class=\"wp-block-list\">\n<li>Des mesures de conciliation travail-vie personnelle\/familiale&nbsp;&nbsp;<\/li>\n\n\n\n<li>Un salaire entre 46 312 $ et 55 050 $ sur une base annuelle<\/li>\n\n\n\n<li>Un programme d\u2019avantages sociaux incluant assurances collectives et fonds de pension&nbsp;<\/li>\n\n\n\n<li>T\u00e9l\u00e9travail&nbsp;<\/li>\n<\/ul>\n\n\n\n<p><strong>SOMMAIRE DE LA FONCTION<\/strong>&nbsp;<\/p>\n\n\n\n<p>Sous la supervision de la direction d\u00e9veloppement et partenariats de Centraide ATNQ, la personne titulaire du poste a la responsabilit\u00e9&nbsp;de contribuer activement au d\u00e9veloppement social et communautaire des territoires des MRC du T\u00e9miscamingue, de Rouyn-Noranda et d\u2019Abitibi Ouest et&nbsp;d\u2019assurer la croissance d\u2019un portefeuille de comptes issus de secteurs d\u2019activit\u00e9s vari\u00e9s.\u202f\u202f&nbsp;<\/p>\n\n\n\n<p><strong>Vos principales responsabilit\u00e9s<\/strong>&nbsp;<\/p>\n\n\n\n<p><strong>D\u00e9veloppement social &amp; investissements<\/strong>\u202f&nbsp;<\/p>\n\n\n\n<ul class=\"wp-block-list\">\n<li>Collaborer \u00e0 l\u2019analyse des besoins sociaux de la communaut\u00e9 et participer \u00e0 l\u2019am\u00e9lioration continue des connaissances sur les enjeux sociaux;\u202f\u202f&nbsp;<\/li>\n\n\n\n<li>Assurer le maintien et le d\u00e9veloppement de liens de collaboration avec les diff\u00e9rents acteurs sociaux de la communaut\u00e9;\u202f&nbsp;<\/li>\n\n\n\n<li>Repr\u00e9senter Centraide \u00e0 diverses instances de concertation ou de mobilisation du milieu;\u202f&nbsp;<\/li>\n\n\n\n<li>Communiquer les orientations d\u2019investissement social de Centraide;\u202f&nbsp;<\/li>\n\n\n\n<li>Assurer l\u2019analyse et l\u2019appr\u00e9ciation des demandes de partenariats sociaux-communautaires des territoires sous sa responsabilit\u00e9 et en \u00e9mettre des recommandations;\u202f&nbsp;<\/li>\n\n\n\n<li>Contribuer \u00e9troitement aux travaux du comit\u00e9 d\u2019investissements et \u00e0 la mise en \u0153uvre de la strat\u00e9gie d\u2019investissements li\u00e9e aux priorit\u00e9s identifi\u00e9es par le milieu et align\u00e9es aux orientations de Centraide.&nbsp;<\/li>\n<\/ul>\n\n\n\n<p><strong>D\u00e9veloppement philanthropique\u202f<\/strong>\u202f&nbsp;<\/p>\n\n\n\n<ul class=\"wp-block-list\">\n<li>Contribuer \u00e0 d\u00e9finir les priorit\u00e9s r\u00e9gionales en philanthropie;\u202f<\/li>\n\n\n\n<li>\u00c9laborer et d\u00e9ployer des strat\u00e9gies de sollicitation adapt\u00e9es aux comptes assign\u00e9s afin de susciter le plus haut niveau d\u2019engagement;\u202f\u202f\u202f&nbsp;<\/li>\n\n\n\n<li>Concentrer le d\u00e9veloppement de partenariats autour d\u2019ententes de dons corporatifs, de campagnes en milieu de travail et du cercle des donateurs majeurs;\u202f&nbsp;<\/li>\n\n\n\n<li>Entretenir des relations durables et de qualit\u00e9 avec tous les partenaires;\u202f\u202f&nbsp;<\/li>\n\n\n\n<li>Participer aux rencontres de travail du Cabinet de campagne dans la mise en \u0153uvre des strat\u00e9gies qui ciblent l\u2019accroissement des ressources;\u202f&nbsp;<\/li>\n\n\n\n<li>Contribuer activement \u00e0 la promotion de Centraide et de ses activit\u00e9s aupr\u00e8s des membres de la communaut\u00e9 et des partenaires externes, notamment en participant aux activit\u00e9s des Chambres de commerce;\u202f&nbsp;<\/li>\n\n\n\n<li>Demeurer \u00e0 l\u2019aff\u00fbt des meilleures pratiques des Centraide, du secteur philanthropique et social.\u202f&nbsp;<\/li>\n<\/ul>\n\n\n\n<p><strong>Communication et vie organisationnelle<\/strong>\u202f&nbsp;<\/p>\n\n\n\n<ul class=\"wp-block-list\">\n<li>Soutenir le d\u00e9veloppement de contenus (rapport annuel, m\u00e9dias sociaux, site Internet, infolettre);\u202f&nbsp;<\/li>\n\n\n\n<li>Participer \u00e0 la vie interne de l\u2019organisation\u202f: rencontres \u00e9quipe et interservices, journ\u00e9es annuelles des professionnels, formations ponctuelles afin de poursuivre son perfectionnement.\u202f\u202f&nbsp;<\/li>\n<\/ul>\n\n\n\n<p><em>Cette description r\u00e9sume les principales responsabilit\u00e9s, mais n\u2019est pas exhaustive.<\/em>\u202f&nbsp;<\/p>\n\n\n\n<p><strong>Profil et comp\u00e9tences :<\/strong>\u202f&nbsp;<\/p>\n\n\n\n<ul class=\"wp-block-list\">\n<li>Formation universitaire dans un domaine pertinent;\u202f\u202f&nbsp;<\/li>\n\n\n\n<li>Tr\u00e8s bonne connaissance du milieu social, public et communautaire;\u202f\u202f&nbsp;<\/li>\n\n\n\n<li>Autonomie, grand sens de l\u2019initiative et capacit\u00e9 d\u2019analyse;\u202f<\/li>\n\n\n\n<li>Connaissance et compr\u00e9hension des enjeux li\u00e9s au d\u00e9veloppement social des communaut\u00e9s;\u202f&nbsp;<\/li>\n\n\n\n<li>Habilet\u00e9 \u00e0 communiquer et \u00e0 promouvoir les avantages de s\u2019associer \u00e0 Centraide dans un contexte de partenariat d\u2019affaires;\u202f\u202f<\/li>\n\n\n\n<li>Aptitudes \u00e0 mobiliser et \u00e0 rassembler;<\/li>\n\n\n\n<li>Ma\u00eetrise de l\u2019environnement Windows;\u202f&nbsp;<\/li>\n\n\n\n<li>Anglais fonctionnel un atout.\u202f\u202f&nbsp;<\/li>\n<\/ul>\n\n\n\n<p>\u202f&nbsp;<strong>Conditions particuli\u00e8res au poste :\u202f<\/strong>\u202f\u202f\u202f&nbsp;<\/p>\n\n\n\n<ul class=\"wp-block-list\">\n<li>Poste \u00e0 28&nbsp;heures par semaine;<\/li>\n\n\n\n<li>Aisance \u00e0 composer avec des p\u00e9riodes de pointe o\u00f9 le rythme de travail est \u00e9lev\u00e9;\u202f\u202f&nbsp;<\/li>\n\n\n\n<li>Disponibilit\u00e9 \u00e0 travailler en dehors des heures r\u00e9guli\u00e8res de bureau;\u202f\u202f<\/li>\n\n\n\n<li>Mobilit\u00e9 (permis de conduire et voiture);\u202f\u202f&nbsp;<\/li>\n\n\n\n<li>Adaptabilit\u00e9 dans un contexte en \u00e9volution et au sein d\u2019une structure d\u00e9centralis\u00e9e.\u202f&nbsp;<\/li>\n<\/ul>\n\n\n\n<p><strong>Tu souhaites faire la diff\u00e9rence pour ta communaut\u00e9 et ton profil correspond \u00e0 celui recherch\u00e9?&nbsp;<\/strong>&nbsp;<\/p>\n\n\n\n<p>Fais parvenir ton curriculum vitae,&nbsp;<strong>au plus tard le&nbsp;11 mars 2026,<\/strong>&nbsp;\u00e0 l\u2019attention de&nbsp;<strong>M\u00e9lanie Perreault<\/strong>, directrice&nbsp;d\u00e9veloppement et partenariats, Centraide Abitibi T\u00e9miscamingue et Nord-du-Qu\u00e9bec,&nbsp;\u00e0 l\u2019adresse suivante\u202f: <a href=\"mailto:mperreault@centraide-atnq.qc.ca\" target=\"_blank\" rel=\"noreferrer noopener\"><strong>mperreault@centraide-atnq.qc.ca<\/strong><\/a><\/p>\n\n\n\n<p><\/p>\n","protected":false},"excerpt":{"rendered":"<p>Un poste de\u00a0conseiller\u00b7\u00e8re\u00a0en d\u00e9veloppement social\u00a0et philanthropie \u2013\u00a0MRC du T\u00e9miscamingue, de Rouyn-Noranda et d\u2019Abitibi-Ouest,\u00a0\u00e7a t\u2019int\u00e9resse?\u00a0 Tu es reconnu pour ton leadership mobilisateur, ta capacit\u00e9 \u00e0 cr\u00e9er&nbsp;des liens, ta&nbsp;rigueur, mais surtout ton r\u00e9el int\u00e9r\u00eat pour faire une diff\u00e9rence dans la lutte contre la pauvret\u00e9 et l\u2019exclusion sociale ?\u202f&nbsp;Nous t\u2019offrons un environnement riche et stimulant qui valorise l\u2019esprit [&hellip;]<\/p>\n","protected":false},"author":2,"featured_media":1468,"comment_status":"closed","ping_status":"closed","sticky":false,"template":"","format":"standard","meta":{"ocean_post_layout":"","ocean_both_sidebars_style":"","ocean_both_sidebars_content_width":0,"ocean_both_sidebars_sidebars_width":0,"ocean_sidebar":"","ocean_second_sidebar":"","ocean_disable_margins":"enable","ocean_add_body_class":"","ocean_shortcode_before_top_bar":"","ocean_shortcode_after_top_bar":"","ocean_shortcode_before_header":"","ocean_shortcode_after_header":"","ocean_has_shortcode":"","ocean_shortcode_after_title":"","ocean_shortcode_before_footer_widgets":"","ocean_shortcode_after_footer_widgets":"","ocean_shortcode_before_footer_bottom":"","ocean_shortcode_after_footer_bottom":"","ocean_display_top_bar":"default","ocean_display_header":"default","ocean_header_style":"","ocean_center_header_left_menu":"","ocean_custom_header_template":"","ocean_custom_logo":0,"ocean_custom_retina_logo":0,"ocean_custom_logo_max_width":0,"ocean_custom_logo_tablet_max_width":0,"ocean_custom_logo_mobile_max_width":0,"ocean_custom_logo_max_height":0,"ocean_custom_logo_tablet_max_height":0,"ocean_custom_logo_mobile_max_height":0,"ocean_header_custom_menu":"","ocean_menu_typo_font_family":"","ocean_menu_typo_font_subset":"","ocean_menu_typo_font_size":0,"ocean_menu_typo_font_size_tablet":0,"ocean_menu_typo_font_size_mobile":0,"ocean_menu_typo_font_size_unit":"px","ocean_menu_typo_font_weight":"","ocean_menu_typo_font_weight_tablet":"","ocean_menu_typo_font_weight_mobile":"","ocean_menu_typo_transform":"","ocean_menu_typo_transform_tablet":"","ocean_menu_typo_transform_mobile":"","ocean_menu_typo_line_height":0,"ocean_menu_typo_line_height_tablet":0,"ocean_menu_typo_line_height_mobile":0,"ocean_menu_typo_line_height_unit":"","ocean_menu_typo_spacing":0,"ocean_menu_typo_spacing_tablet":0,"ocean_menu_typo_spacing_mobile":0,"ocean_menu_typo_spacing_unit":"","ocean_menu_link_color":"","ocean_menu_link_color_hover":"","ocean_menu_link_color_active":"","ocean_menu_link_background":"","ocean_menu_link_hover_background":"","ocean_menu_link_active_background":"","ocean_menu_social_links_bg":"","ocean_menu_social_hover_links_bg":"","ocean_menu_social_links_color":"","ocean_menu_social_hover_links_color":"","ocean_disable_title":"default","ocean_disable_heading":"default","ocean_post_title":"","ocean_post_subheading":"","ocean_post_title_style":"","ocean_post_title_background_color":"","ocean_post_title_background":0,"ocean_post_title_bg_image_position":"","ocean_post_title_bg_image_attachment":"","ocean_post_title_bg_image_repeat":"","ocean_post_title_bg_image_size":"","ocean_post_title_height":0,"ocean_post_title_bg_overlay":0.5,"ocean_post_title_bg_overlay_color":"","ocean_disable_breadcrumbs":"default","ocean_breadcrumbs_color":"","ocean_breadcrumbs_separator_color":"","ocean_breadcrumbs_links_color":"","ocean_breadcrumbs_links_hover_color":"","ocean_display_footer_widgets":"default","ocean_display_footer_bottom":"default","ocean_custom_footer_template":"","ocean_post_oembed":"","ocean_post_self_hosted_media":"","ocean_post_video_embed":"","ocean_link_format":"","ocean_link_format_target":"self","ocean_quote_format":"","ocean_quote_format_link":"post","ocean_gallery_link_images":"on","ocean_gallery_id":[],"footnotes":""},"categories":[7],"tags":[],"class_list":["post-3760","post","type-post","status-publish","format-standard","has-post-thumbnail","hentry","category-nouvelles","entry","has-media"],"_links":{"self":[{"href":"https:\/\/centraide-rcoq.ca\/atnq\/wp-json\/wp\/v2\/posts\/3760","targetHints":{"allow":["GET"]}}],"collection":[{"href":"https:\/\/centraide-rcoq.ca\/atnq\/wp-json\/wp\/v2\/posts"}],"about":[{"href":"https:\/\/centraide-rcoq.ca\/atnq\/wp-json\/wp\/v2\/types\/post"}],"author":[{"embeddable":true,"href":"https:\/\/centraide-rcoq.ca\/atnq\/wp-json\/wp\/v2\/users\/2"}],"replies":[{"embeddable":true,"href":"https:\/\/centraide-rcoq.ca\/atnq\/wp-json\/wp\/v2\/comments?post=3760"}],"version-history":[{"count":2,"href":"https:\/\/centraide-rcoq.ca\/atnq\/wp-json\/wp\/v2\/posts\/3760\/revisions"}],"predecessor-version":[{"id":3798,"href":"https:\/\/centraide-rcoq.ca\/atnq\/wp-json\/wp\/v2\/posts\/3760\/revisions\/3798"}],"wp:featuredmedia":[{"embeddable":true,"href":"https:\/\/centraide-rcoq.ca\/atnq\/wp-json\/wp\/v2\/media\/1468"}],"wp:attachment":[{"href":"https:\/\/centraide-rcoq.ca\/atnq\/wp-json\/wp\/v2\/media?parent=3760"}],"wp:term":[{"taxonomy":"category","embeddable":true,"href":"https:\/\/centraide-rcoq.ca\/atnq\/wp-json\/wp\/v2\/categories?post=3760"},{"taxonomy":"post_tag","embeddable":true,"href":"https:\/\/centraide-rcoq.ca\/atnq\/wp-json\/wp\/v2\/tags?post=3760"}],"curies":[{"name":"wp","href":"https:\/\/api.w.org\/{rel}","templated":true}]}}