{"id":3712,"date":"2025-09-24T13:31:14","date_gmt":"2025-09-24T17:31:14","guid":{"rendered":"https:\/\/centraide-rcoq.ca\/atnq\/?p=3712"},"modified":"2025-09-24T13:31:15","modified_gmt":"2025-09-24T17:31:15","slug":"lancement-de-la-campagne-2025-de-centraide-atnq","status":"publish","type":"post","link":"https:\/\/centraide-rcoq.ca\/atnq\/lancement-de-la-campagne-2025-de-centraide-atnq\/","title":{"rendered":"Lancement de la campagne 2025 de Centraide ATNQ"},"content":{"rendered":"\n<h2 class=\"wp-block-heading\"><strong>Pr\u00e9sence renforc\u00e9e, fiert\u00e9 et solidarit\u00e9\u00a0!<\/strong>\u00a0<\/h2>\n\n\n\n<p>C\u2019est hier que Centraide Abitibi-T\u00e9miscamingue et Nord-du Qu\u00e9bec a donn\u00e9 le coup d\u2019envoi \u00e0 sa campagne 2025, lors d\u2019un \u00e9v\u00e9nement tenu \u00e0 la salle du Conseil de la MRC d\u2019Abitibi-Ouest. Cette campagne, qui s\u2019inscrit sous le slogan \u00ab<strong> \u00c0 go, on Centraide \u00bb<\/strong>, vise \u00e0 mobiliser la population, les entreprises et les organisations afin de soutenir des solutions durables aux enjeux sociaux qui touchent&nbsp;nos communaut\u00e9s.&nbsp;<\/p>\n\n\n\n<p>\u00ab Chez Centraide, notre souhait est de <strong>rassembler et d\u2019agir pour b\u00e2tir des communaut\u00e9s inclusives, solidaires et sans pauvret\u00e9<\/strong>. Donner \u00e0 Centraide, <strong>c\u2019est un investissement collectif pour am\u00e9liorer la qualit\u00e9 de vie des personnes d\u2019ici<\/strong> \u00bb, a rappel\u00e9 M\u00e9lanie Perreault, directrice du d\u00e9veloppement et des partenariats chez Centraide ATNQ.&nbsp;<\/p>\n\n\n\n<h3 class=\"wp-block-heading\"><strong>Une organisation r\u00e9gionale qui s\u2019enracine dans tous ses territoires<\/strong>&nbsp;<\/h3>\n\n\n<div class=\"wp-block-image\">\n<figure class=\"alignright size-large is-resized\"><img fetchpriority=\"high\" decoding=\"async\" width=\"683\" height=\"1024\" src=\"https:\/\/centraide-rcoq.ca\/atnq\/wp-content\/uploads\/sites\/2\/2025\/09\/WED_9216-683x1024.jpg\" alt=\"Photo de Normand Lagrange, directeur g\u00e9n\u00e9ral de la MRC d'Abitibi-Ouest\" class=\"wp-image-3714\" style=\"width:211px;height:auto\" srcset=\"https:\/\/centraide-rcoq.ca\/atnq\/wp-content\/uploads\/sites\/2\/2025\/09\/WED_9216-683x1024.jpg 683w, https:\/\/centraide-rcoq.ca\/atnq\/wp-content\/uploads\/sites\/2\/2025\/09\/WED_9216-200x300.jpg 200w, https:\/\/centraide-rcoq.ca\/atnq\/wp-content\/uploads\/sites\/2\/2025\/09\/WED_9216-768x1152.jpg 768w, https:\/\/centraide-rcoq.ca\/atnq\/wp-content\/uploads\/sites\/2\/2025\/09\/WED_9216-1024x1536.jpg 1024w, https:\/\/centraide-rcoq.ca\/atnq\/wp-content\/uploads\/sites\/2\/2025\/09\/WED_9216-1365x2048.jpg 1365w, https:\/\/centraide-rcoq.ca\/atnq\/wp-content\/uploads\/sites\/2\/2025\/09\/WED_9216.jpg 1520w\" sizes=\"(max-width: 683px) 100vw, 683px\" \/><\/figure>\n<\/div>\n\n\n<p>Centraide ATNQ r\u00e9affirme sa pr\u00e9sence plus que jamais sur l\u2019ensemble des territoires de la r\u00e9gion. Le lancement de l\u2019an dernier avait eu lieu au T\u00e9miscamingue et cette ann\u00e9e, l\u2019\u00e9quipe \u00e9tait fi\u00e8re de rejoindre ses partenaires de&nbsp;l\u2019Abitibi-Ouest.<em> \u00ab&nbsp;Nous avons des partenariats partout dans la r\u00e9gion et nous en sommes fi\u00e8res. Il y a quelques ann\u00e9es, nous avons fait le choix de tenir notre lancement dans un territoire diff\u00e9rent&nbsp;chaque ann\u00e9e. Pour nous, c\u2019est une d\u00e9monstration de notre proximit\u00e9 et de la solidarit\u00e9 avec la population de toute notre belle et grande r\u00e9gion&nbsp;! <\/em>\u00bb,<em> pr\u00e9cis<\/em><em>e Mme <\/em><em>Perreault. <\/em>&nbsp;<\/p>\n\n\n\n<p>M. Normand Lagrange, directeur g\u00e9n\u00e9ral de la MRC A-O a d\u2019ailleurs insist\u00e9 sur ce point: <em>\u00ab Fid\u00e8le \u00e0 sa mission de tisser des liens dans toutes les communaut\u00e9s, Centraide ATNQ a choisi de lancer sa campagne annuelle \u00e0 La Sarre. Une premi\u00e8re en 40 ans qui illustre bien leur volont\u00e9 d\u2019\u00eatre plus pr\u00e8s que jamais des gens d\u2019ici. \u00bb<\/em>&nbsp;<\/p>\n\n\n\n<h3 class=\"wp-block-heading\"><strong>Des impacts importants et structurants<\/strong>&nbsp;<\/h3>\n\n\n<div class=\"wp-block-image\">\n<figure class=\"alignleft size-large is-resized\"><img decoding=\"async\" width=\"1024\" height=\"683\" src=\"https:\/\/centraide-rcoq.ca\/atnq\/wp-content\/uploads\/sites\/2\/2025\/09\/WED_9202-1024x683.jpg\" alt=\"photo de M\u00e9lanie Perreault, directrice du d\u00e9veloppement et des partenariats de Centraide ATNQ\" class=\"wp-image-3715\" style=\"width:307px;height:auto\" srcset=\"https:\/\/centraide-rcoq.ca\/atnq\/wp-content\/uploads\/sites\/2\/2025\/09\/WED_9202-1024x683.jpg 1024w, https:\/\/centraide-rcoq.ca\/atnq\/wp-content\/uploads\/sites\/2\/2025\/09\/WED_9202-300x200.jpg 300w, https:\/\/centraide-rcoq.ca\/atnq\/wp-content\/uploads\/sites\/2\/2025\/09\/WED_9202-768x512.jpg 768w, https:\/\/centraide-rcoq.ca\/atnq\/wp-content\/uploads\/sites\/2\/2025\/09\/WED_9202-1536x1024.jpg 1536w, https:\/\/centraide-rcoq.ca\/atnq\/wp-content\/uploads\/sites\/2\/2025\/09\/WED_9202-2048x1365.jpg 2048w\" sizes=\"(max-width: 1024px) 100vw, 1024px\" \/><\/figure>\n<\/div>\n\n\n<p>Des partenaires communautaires de longue date ont t\u00e9moign\u00e9 de l\u2019apport extr\u00eamement important qu\u2019a Centraide pour leur action. La crise du logement et l\u2019inflation am\u00e8nent aussi vers d\u2019autres r\u00e9alit\u00e9s comme l\u2019ins\u00e9curit\u00e9 alimentaire et les enjeux en sant\u00e9 mentale. Les organismes communautaires ajustent donc leurs services pour r\u00e9pondre \u00e0 des besoins grandissants qui touchent de plus en plus de personnes. &nbsp;<\/p>\n\n\n\n<p>\u00ab<strong> On le constate encore une fois avec ces t\u00e9moignages, bien qu\u2019une personne sur cinq re\u00e7oit notre aide, ce sont plut\u00f4t cinq personnes sur cinq en b\u00e9n\u00e9ficient.<\/strong> En soutenant un r\u00e9seau d&rsquo;organismes qui luttent contre la pauvret\u00e9 et l&rsquo;exclusion sociale, c\u2019est toute la communaut\u00e9 qui en profite \u00bb, explique Mme Perreault&nbsp;<\/p>\n\n\n\n<p>Nous remercions chaleureusement la MRC d\u2019Abitibi-Ouest, Hecla Quebec ainsi que Meubles Marchand pour leur appui \u00e0 la r\u00e9alisation de cet \u00e9v\u00e9nement. &nbsp;<\/p>\n\n\n\n<h3 class=\"wp-block-heading\"><strong>Pour se mobiliser<\/strong>&nbsp;<\/h3>\n\n\n\n<p>Le soutien des donateurs et des entreprises est la cl\u00e9 pour b\u00e2tir des communaut\u00e9s plus fortes et plus r\u00e9silientes, offrant ainsi un avenir meilleur \u00e0 celles et eux qui en ont le plus besoin. Que ce soit par un don unique, un don mensuel, un don corporatif, une campagne en milieu de travail ou en devenant b\u00e9n\u00e9vole, chaque geste compte.&nbsp; &nbsp;<\/p>\n\n\n\n<p>Pour contribuer \u00e0 la campagne de Centraide ATNQ :<\/p>\n\n\n\n<div class=\"wp-block-buttons is-content-justification-center is-layout-flex wp-container-core-buttons-is-layout-16018d1d wp-block-buttons-is-layout-flex\">\n<div class=\"wp-block-button\"><a class=\"wp-block-button__link wp-element-button\" href=\"https:\/\/www.jedonneenligne.org\/centraideatnq\/?FrmGroupUID=all\">Faire un don<\/a><\/div>\n<\/div>\n\n\n\n<p><\/p>\n","protected":false},"excerpt":{"rendered":"<p>Pr\u00e9sence renforc\u00e9e, fiert\u00e9 et solidarit\u00e9 ! <\/p>\n","protected":false},"author":2,"featured_media":3713,"comment_status":"closed","ping_status":"closed","sticky":false,"template":"","format":"standard","meta":{"ocean_post_layout":"","ocean_both_sidebars_style":"","ocean_both_sidebars_content_width":0,"ocean_both_sidebars_sidebars_width":0,"ocean_sidebar":"","ocean_second_sidebar":"","ocean_disable_margins":"enable","ocean_add_body_class":"","ocean_shortcode_before_top_bar":"","ocean_shortcode_after_top_bar":"","ocean_shortcode_before_header":"","ocean_shortcode_after_header":"","ocean_has_shortcode":"","ocean_shortcode_after_title":"","ocean_shortcode_before_footer_widgets":"","ocean_shortcode_after_footer_widgets":"","ocean_shortcode_before_footer_bottom":"","ocean_shortcode_after_footer_bottom":"","ocean_display_top_bar":"default","ocean_display_header":"default","ocean_header_style":"","ocean_center_header_left_menu":"","ocean_custom_header_template":"","ocean_custom_logo":0,"ocean_custom_retina_logo":0,"ocean_custom_logo_max_width":0,"ocean_custom_logo_tablet_max_width":0,"ocean_custom_logo_mobile_max_width":0,"ocean_custom_logo_max_height":0,"ocean_custom_logo_tablet_max_height":0,"ocean_custom_logo_mobile_max_height":0,"ocean_header_custom_menu":"","ocean_menu_typo_font_family":"","ocean_menu_typo_font_subset":"","ocean_menu_typo_font_size":0,"ocean_menu_typo_font_size_tablet":0,"ocean_menu_typo_font_size_mobile":0,"ocean_menu_typo_font_size_unit":"px","ocean_menu_typo_font_weight":"","ocean_menu_typo_font_weight_tablet":"","ocean_menu_typo_font_weight_mobile":"","ocean_menu_typo_transform":"","ocean_menu_typo_transform_tablet":"","ocean_menu_typo_transform_mobile":"","ocean_menu_typo_line_height":0,"ocean_menu_typo_line_height_tablet":0,"ocean_menu_typo_line_height_mobile":0,"ocean_menu_typo_line_height_unit":"","ocean_menu_typo_spacing":0,"ocean_menu_typo_spacing_tablet":0,"ocean_menu_typo_spacing_mobile":0,"ocean_menu_typo_spacing_unit":"","ocean_menu_link_color":"","ocean_menu_link_color_hover":"","ocean_menu_link_color_active":"","ocean_menu_link_background":"","ocean_menu_link_hover_background":"","ocean_menu_link_active_background":"","ocean_menu_social_links_bg":"","ocean_menu_social_hover_links_bg":"","ocean_menu_social_links_color":"","ocean_menu_social_hover_links_color":"","ocean_disable_title":"default","ocean_disable_heading":"default","ocean_post_title":"","ocean_post_subheading":"","ocean_post_title_style":"","ocean_post_title_background_color":"","ocean_post_title_background":0,"ocean_post_title_bg_image_position":"","ocean_post_title_bg_image_attachment":"","ocean_post_title_bg_image_repeat":"","ocean_post_title_bg_image_size":"","ocean_post_title_height":0,"ocean_post_title_bg_overlay":0.5,"ocean_post_title_bg_overlay_color":"","ocean_disable_breadcrumbs":"default","ocean_breadcrumbs_color":"","ocean_breadcrumbs_separator_color":"","ocean_breadcrumbs_links_color":"","ocean_breadcrumbs_links_hover_color":"","ocean_display_footer_widgets":"default","ocean_display_footer_bottom":"default","ocean_custom_footer_template":"","ocean_post_oembed":"","ocean_post_self_hosted_media":"","ocean_post_video_embed":"","ocean_link_format":"","ocean_link_format_target":"self","ocean_quote_format":"","ocean_quote_format_link":"post","ocean_gallery_link_images":"on","ocean_gallery_id":[],"footnotes":""},"categories":[7],"tags":[],"class_list":["post-3712","post","type-post","status-publish","format-standard","has-post-thumbnail","hentry","category-nouvelles","entry","has-media"],"_links":{"self":[{"href":"https:\/\/centraide-rcoq.ca\/atnq\/wp-json\/wp\/v2\/posts\/3712","targetHints":{"allow":["GET"]}}],"collection":[{"href":"https:\/\/centraide-rcoq.ca\/atnq\/wp-json\/wp\/v2\/posts"}],"about":[{"href":"https:\/\/centraide-rcoq.ca\/atnq\/wp-json\/wp\/v2\/types\/post"}],"author":[{"embeddable":true,"href":"https:\/\/centraide-rcoq.ca\/atnq\/wp-json\/wp\/v2\/users\/2"}],"replies":[{"embeddable":true,"href":"https:\/\/centraide-rcoq.ca\/atnq\/wp-json\/wp\/v2\/comments?post=3712"}],"version-history":[{"count":2,"href":"https:\/\/centraide-rcoq.ca\/atnq\/wp-json\/wp\/v2\/posts\/3712\/revisions"}],"predecessor-version":[{"id":3717,"href":"https:\/\/centraide-rcoq.ca\/atnq\/wp-json\/wp\/v2\/posts\/3712\/revisions\/3717"}],"wp:featuredmedia":[{"embeddable":true,"href":"https:\/\/centraide-rcoq.ca\/atnq\/wp-json\/wp\/v2\/media\/3713"}],"wp:attachment":[{"href":"https:\/\/centraide-rcoq.ca\/atnq\/wp-json\/wp\/v2\/media?parent=3712"}],"wp:term":[{"taxonomy":"category","embeddable":true,"href":"https:\/\/centraide-rcoq.ca\/atnq\/wp-json\/wp\/v2\/categories?post=3712"},{"taxonomy":"post_tag","embeddable":true,"href":"https:\/\/centraide-rcoq.ca\/atnq\/wp-json\/wp\/v2\/tags?post=3712"}],"curies":[{"name":"wp","href":"https:\/\/api.w.org\/{rel}","templated":true}]}}