{"id":3533,"date":"2025-05-29T11:24:26","date_gmt":"2025-05-29T15:24:26","guid":{"rendered":"https:\/\/centraide-rcoq.ca\/atnq\/?p=3533"},"modified":"2025-07-01T08:45:25","modified_gmt":"2025-07-01T12:45:25","slug":"centraide-atnq-celebre-lexcellence-de-ses-partenaires-lors-de-son-evenement-reconnaissance-2025","status":"publish","type":"post","link":"https:\/\/centraide-rcoq.ca\/atnq\/centraide-atnq-celebre-lexcellence-de-ses-partenaires-lors-de-son-evenement-reconnaissance-2025\/","title":{"rendered":"Centraide ATNQ c\u00e9l\u00e8bre l&rsquo;excellence de ses partenaires lors de son \u00c9v\u00e9nement Reconnaissance 2025\u00a0"},"content":{"rendered":"\n<p>Centraide Abitibi-T\u00e9miscamingue et Nord-du-Qu\u00e9bec (ATNQ) a d\u00e9voil\u00e9 aujourd&rsquo;hui les laur\u00e9ats de ses <strong>prix Reconnaissance 2025<\/strong>, r\u00e9compensant l&rsquo;impact exceptionnel et l&rsquo;engagement remarquable d&rsquo;organisations et d&rsquo;individus qui font une diff\u00e9rence concr\u00e8te dans leur communaut\u00e9.&nbsp;<\/p>\n\n\n\n<p>La c\u00e9r\u00e9monie, qui s&rsquo;est tenue en format virtuel, a mis en lumi\u00e8re quatre champions de la solidarit\u00e9 dans les cat\u00e9gories <strong>Impact, \u00c9tincelle, Distinction et Coup de c\u0153ur<\/strong>.&nbsp;<\/p>\n\n\n\n<figure class=\"wp-block-gallery has-nested-images columns-default is-cropped wp-block-gallery-1 is-layout-flex wp-block-gallery-is-layout-flex\">\n<figure class=\"wp-block-image size-large\"><img fetchpriority=\"high\" decoding=\"async\" width=\"1024\" height=\"478\" data-id=\"3603\" src=\"https:\/\/centraide-rcoq.ca\/atnq\/wp-content\/uploads\/sites\/2\/2025\/05\/Groupe-dentraide-aux-aines-1024x478.jpg\" alt=\"Laur\u00e9at du prix \u00c9tincelle : Groupe d'entraide aux ain\u00e9s\" class=\"wp-image-3603\" srcset=\"https:\/\/centraide-rcoq.ca\/atnq\/wp-content\/uploads\/sites\/2\/2025\/05\/Groupe-dentraide-aux-aines-1024x478.jpg 1024w, https:\/\/centraide-rcoq.ca\/atnq\/wp-content\/uploads\/sites\/2\/2025\/05\/Groupe-dentraide-aux-aines-300x140.jpg 300w, https:\/\/centraide-rcoq.ca\/atnq\/wp-content\/uploads\/sites\/2\/2025\/05\/Groupe-dentraide-aux-aines-768x359.jpg 768w, https:\/\/centraide-rcoq.ca\/atnq\/wp-content\/uploads\/sites\/2\/2025\/05\/Groupe-dentraide-aux-aines-1536x717.jpg 1536w, https:\/\/centraide-rcoq.ca\/atnq\/wp-content\/uploads\/sites\/2\/2025\/05\/Groupe-dentraide-aux-aines-2048x956.jpg 2048w\" sizes=\"(max-width: 1024px) 100vw, 1024px\" \/><\/figure>\n\n\n\n<figure class=\"wp-block-image size-large\"><img decoding=\"async\" width=\"1024\" height=\"768\" data-id=\"3602\" src=\"https:\/\/centraide-rcoq.ca\/atnq\/wp-content\/uploads\/sites\/2\/2025\/05\/Westwood-et-Pascal-Lafortune-003_edited-1024x768.jpg\" alt=\"Laur\u00e9ats des prix Impact et Distinction : Westwood IAM Gold, ses employ\u00e9s et Pascal Lafortune\" class=\"wp-image-3602\" srcset=\"https:\/\/centraide-rcoq.ca\/atnq\/wp-content\/uploads\/sites\/2\/2025\/05\/Westwood-et-Pascal-Lafortune-003_edited-1024x768.jpg 1024w, https:\/\/centraide-rcoq.ca\/atnq\/wp-content\/uploads\/sites\/2\/2025\/05\/Westwood-et-Pascal-Lafortune-003_edited-300x225.jpg 300w, https:\/\/centraide-rcoq.ca\/atnq\/wp-content\/uploads\/sites\/2\/2025\/05\/Westwood-et-Pascal-Lafortune-003_edited-768x576.jpg 768w, https:\/\/centraide-rcoq.ca\/atnq\/wp-content\/uploads\/sites\/2\/2025\/05\/Westwood-et-Pascal-Lafortune-003_edited-1536x1152.jpg 1536w, https:\/\/centraide-rcoq.ca\/atnq\/wp-content\/uploads\/sites\/2\/2025\/05\/Westwood-et-Pascal-Lafortune-003_edited.jpg 1920w\" sizes=\"(max-width: 1024px) 100vw, 1024px\" \/><\/figure>\n<\/figure>\n\n\n\n<h4 class=\"wp-block-heading\"><strong>Des partenaires d&rsquo;exception au service de la communaut\u00e9<\/strong>&nbsp;<\/h4>\n\n\n\n<p>Le premier prix, pour la <strong>cat\u00e9gorie IMPACT<\/strong>, a \u00e9t\u00e9 remis \u00e0 <strong>Mine Westwood IAMGOLD et ses employ\u00e9s<\/strong>. Cette entreprise d\u00e9di\u00e9e s&rsquo;implique activement dans toutes les initiatives pour Centraide ATNQ, que ce soit la campagne en milieu de travail, le Golf des directeurs de mines, et bien plus encore. Cette ann\u00e9e, leur engagement exceptionnel s&rsquo;est traduit par un r\u00e9sultat de campagne remarquable d&rsquo;un montant de 28 370 $.&nbsp;<\/p>\n\n\n\n<p>Le prix <strong>\u00c9TINCELLE<\/strong> a \u00e9t\u00e9 attribu\u00e9 au <strong>Groupe d&rsquo;entraide aux a\u00een\u00e9s<\/strong> qui \u0153uvre aupr\u00e8s des personnes a\u00een\u00e9es de la MRC d&rsquo;Abitibi. Gr\u00e2ce au partenariat avec Centraide depuis deux ans, l&rsquo;organisme a pu d\u00e9velopper des initiatives pr\u00e9ventives, incluant la sensibilisation dans les municipalit\u00e9s et HLM, le r\u00e9f\u00e9rencement vers les ressources appropri\u00e9es et la vigilance aupr\u00e8s des plus vuln\u00e9rables. Des actions constituant un v\u00e9ritable filet de s\u00e9curit\u00e9 pour favoriser le maintien \u00e0 domicile des a\u00een\u00e9s souvent isol\u00e9s.&nbsp;<\/p>\n\n\n\n<p>La c\u00e9r\u00e9monie s&rsquo;est poursuivie avec l&rsquo;attribution du prix <strong>DISTINCTION<\/strong> \u00e0 <strong>Pascal Lafortune<\/strong>. Rassembleur et engag\u00e9, Pascal a, en seulement trois ans, raviv\u00e9 la campagne en milieu de travail en unissant parties syndicale et patronale. Sa cr\u00e9ativit\u00e9 s&rsquo;illustre notamment par la cr\u00e9ation du slogan 2025 : \u00ab\u00a0Ensemble, faisons vibrer notre solidarit\u00e9 en harmonie avec Centraide\u00a0\u00bb. Son d\u00e9vouement et sa conviction profonde ont transform\u00e9 la campagne en une initiative dynamique et mobilisatrice.&nbsp;<\/p>\n\n\n<div class=\"wp-block-image\">\n<figure class=\"alignright size-large is-resized\"><img decoding=\"async\" width=\"1690\" height=\"2252\" src=\"https:\/\/centraide-rcoq.ca\/atnq\/wp-content\/uploads\/sites\/2\/2025\/05\/20250516_134144-edited.jpg\" alt=\"\" class=\"wp-image-3539\" style=\"width:266px;height:auto\" srcset=\"https:\/\/centraide-rcoq.ca\/atnq\/wp-content\/uploads\/sites\/2\/2025\/05\/20250516_134144-edited.jpg 1690w, https:\/\/centraide-rcoq.ca\/atnq\/wp-content\/uploads\/sites\/2\/2025\/05\/20250516_134144-edited-225x300.jpg 225w, https:\/\/centraide-rcoq.ca\/atnq\/wp-content\/uploads\/sites\/2\/2025\/05\/20250516_134144-edited-768x1023.jpg 768w, https:\/\/centraide-rcoq.ca\/atnq\/wp-content\/uploads\/sites\/2\/2025\/05\/20250516_134144-edited-1153x1536.jpg 1153w, https:\/\/centraide-rcoq.ca\/atnq\/wp-content\/uploads\/sites\/2\/2025\/05\/20250516_134144-edited-1537x2048.jpg 1537w\" sizes=\"(max-width: 1690px) 100vw, 1690px\" \/><\/figure>\n<\/div>\n\n\n<p>Le dernier prix remis fut le <strong>COUP DE COEUR<\/strong>, attribu\u00e9 \u00e0 <strong>Sylvie Dallaire<\/strong>, impliqu\u00e9e chez Centraide ATNQ depuis plus de 20 ans, y ayant m\u00eame travaill\u00e9 comme directrice de campagne. Active au comit\u00e9 d&rsquo;analyse et de relations avec les organismes, Sylvie apporte une contribution inestimable aux r\u00e9flexions sur l&rsquo;impact social de Centraide. R\u00e9fl\u00e9chie et perspicace, elle a ce don unique de poser LA bonne question au bon moment, sans oublier ses petites attentions et collations sant\u00e9 qui agr\u00e9mentent chaque rencontre.&nbsp;<\/p>\n\n\n\n<p>L&rsquo;\u00c9v\u00e9nement Reconnaissance \u00e9tant le moment tout indiqu\u00e9 pour souligner le travail colossal accompli quotidiennement pour venir en aide aux personnes les plus vuln\u00e9rables, l&rsquo;\u00e9quipe de Centraide ATNQ a \u00e9galement tenu \u00e0 remercier tous ceux et celles qui, d&rsquo;une mani\u00e8re ou d&rsquo;une autre, ont contribu\u00e9 \u00e0 la cause au cours de l&rsquo;ann\u00e9e.<\/p>\n","protected":false},"excerpt":{"rendered":"<p>Centraide Abitibi-T\u00e9miscamingue et Nord-du-Qu\u00e9bec (ATNQ) a d\u00e9voil\u00e9 aujourd&rsquo;hui les laur\u00e9ats de ses prix Reconnaissance 2025, r\u00e9compensant l&rsquo;impact exceptionnel et l&rsquo;engagement remarquable d&rsquo;organisations et d&rsquo;individus qui font une diff\u00e9rence concr\u00e8te dans leur communaut\u00e9.&nbsp; La c\u00e9r\u00e9monie, qui s&rsquo;est tenue en format virtuel, a mis en lumi\u00e8re quatre champions de la solidarit\u00e9 dans les cat\u00e9gories Impact, \u00c9tincelle, Distinction [&hellip;]<\/p>\n","protected":false},"author":2,"featured_media":3534,"comment_status":"closed","ping_status":"closed","sticky":false,"template":"","format":"standard","meta":{"ocean_post_layout":"","ocean_both_sidebars_style":"","ocean_both_sidebars_content_width":0,"ocean_both_sidebars_sidebars_width":0,"ocean_sidebar":"","ocean_second_sidebar":"","ocean_disable_margins":"enable","ocean_add_body_class":"","ocean_shortcode_before_top_bar":"","ocean_shortcode_after_top_bar":"","ocean_shortcode_before_header":"","ocean_shortcode_after_header":"","ocean_has_shortcode":"","ocean_shortcode_after_title":"","ocean_shortcode_before_footer_widgets":"","ocean_shortcode_after_footer_widgets":"","ocean_shortcode_before_footer_bottom":"","ocean_shortcode_after_footer_bottom":"","ocean_display_top_bar":"default","ocean_display_header":"default","ocean_header_style":"","ocean_center_header_left_menu":"","ocean_custom_header_template":"","ocean_custom_logo":0,"ocean_custom_retina_logo":0,"ocean_custom_logo_max_width":0,"ocean_custom_logo_tablet_max_width":0,"ocean_custom_logo_mobile_max_width":0,"ocean_custom_logo_max_height":0,"ocean_custom_logo_tablet_max_height":0,"ocean_custom_logo_mobile_max_height":0,"ocean_header_custom_menu":"","ocean_menu_typo_font_family":"","ocean_menu_typo_font_subset":"","ocean_menu_typo_font_size":0,"ocean_menu_typo_font_size_tablet":0,"ocean_menu_typo_font_size_mobile":0,"ocean_menu_typo_font_size_unit":"px","ocean_menu_typo_font_weight":"","ocean_menu_typo_font_weight_tablet":"","ocean_menu_typo_font_weight_mobile":"","ocean_menu_typo_transform":"","ocean_menu_typo_transform_tablet":"","ocean_menu_typo_transform_mobile":"","ocean_menu_typo_line_height":0,"ocean_menu_typo_line_height_tablet":0,"ocean_menu_typo_line_height_mobile":0,"ocean_menu_typo_line_height_unit":"","ocean_menu_typo_spacing":0,"ocean_menu_typo_spacing_tablet":0,"ocean_menu_typo_spacing_mobile":0,"ocean_menu_typo_spacing_unit":"","ocean_menu_link_color":"","ocean_menu_link_color_hover":"","ocean_menu_link_color_active":"","ocean_menu_link_background":"","ocean_menu_link_hover_background":"","ocean_menu_link_active_background":"","ocean_menu_social_links_bg":"","ocean_menu_social_hover_links_bg":"","ocean_menu_social_links_color":"","ocean_menu_social_hover_links_color":"","ocean_disable_title":"default","ocean_disable_heading":"default","ocean_post_title":"","ocean_post_subheading":"","ocean_post_title_style":"","ocean_post_title_background_color":"","ocean_post_title_background":0,"ocean_post_title_bg_image_position":"","ocean_post_title_bg_image_attachment":"","ocean_post_title_bg_image_repeat":"","ocean_post_title_bg_image_size":"","ocean_post_title_height":0,"ocean_post_title_bg_overlay":0.5,"ocean_post_title_bg_overlay_color":"","ocean_disable_breadcrumbs":"default","ocean_breadcrumbs_color":"","ocean_breadcrumbs_separator_color":"","ocean_breadcrumbs_links_color":"","ocean_breadcrumbs_links_hover_color":"","ocean_display_footer_widgets":"default","ocean_display_footer_bottom":"default","ocean_custom_footer_template":"","ocean_post_oembed":"","ocean_post_self_hosted_media":"","ocean_post_video_embed":"","ocean_link_format":"","ocean_link_format_target":"self","ocean_quote_format":"","ocean_quote_format_link":"post","ocean_gallery_link_images":"on","ocean_gallery_id":[],"footnotes":""},"categories":[1],"tags":[],"class_list":["post-3533","post","type-post","status-publish","format-standard","has-post-thumbnail","hentry","category-non-classe","entry","has-media"],"_links":{"self":[{"href":"https:\/\/centraide-rcoq.ca\/atnq\/wp-json\/wp\/v2\/posts\/3533","targetHints":{"allow":["GET"]}}],"collection":[{"href":"https:\/\/centraide-rcoq.ca\/atnq\/wp-json\/wp\/v2\/posts"}],"about":[{"href":"https:\/\/centraide-rcoq.ca\/atnq\/wp-json\/wp\/v2\/types\/post"}],"author":[{"embeddable":true,"href":"https:\/\/centraide-rcoq.ca\/atnq\/wp-json\/wp\/v2\/users\/2"}],"replies":[{"embeddable":true,"href":"https:\/\/centraide-rcoq.ca\/atnq\/wp-json\/wp\/v2\/comments?post=3533"}],"version-history":[{"count":3,"href":"https:\/\/centraide-rcoq.ca\/atnq\/wp-json\/wp\/v2\/posts\/3533\/revisions"}],"predecessor-version":[{"id":3605,"href":"https:\/\/centraide-rcoq.ca\/atnq\/wp-json\/wp\/v2\/posts\/3533\/revisions\/3605"}],"wp:featuredmedia":[{"embeddable":true,"href":"https:\/\/centraide-rcoq.ca\/atnq\/wp-json\/wp\/v2\/media\/3534"}],"wp:attachment":[{"href":"https:\/\/centraide-rcoq.ca\/atnq\/wp-json\/wp\/v2\/media?parent=3533"}],"wp:term":[{"taxonomy":"category","embeddable":true,"href":"https:\/\/centraide-rcoq.ca\/atnq\/wp-json\/wp\/v2\/categories?post=3533"},{"taxonomy":"post_tag","embeddable":true,"href":"https:\/\/centraide-rcoq.ca\/atnq\/wp-json\/wp\/v2\/tags?post=3533"}],"curies":[{"name":"wp","href":"https:\/\/api.w.org\/{rel}","templated":true}]}}