{"id":3487,"date":"2025-05-08T08:10:23","date_gmt":"2025-05-08T12:10:23","guid":{"rendered":"https:\/\/centraide-rcoq.ca\/atnq\/?p=3487"},"modified":"2025-05-08T11:30:46","modified_gmt":"2025-05-08T15:30:46","slug":"reconstruire-sa-vie-apres-avoir-tout-perdu-le-parcours-de-roland","status":"publish","type":"post","link":"https:\/\/centraide-rcoq.ca\/atnq\/reconstruire-sa-vie-apres-avoir-tout-perdu-le-parcours-de-roland\/","title":{"rendered":"Reconstruire sa vie apr\u00e8s avoir tout perdu : le parcours de Roland"},"content":{"rendered":"\n<h2 class=\"wp-block-heading\"><strong>L&rsquo;histoire d&rsquo;un \u00e9b\u00e9niste qui a surmont\u00e9 les obstacles&nbsp;<\/strong><\/h2>\n\n\n\n<p>L&rsquo;histoire de Roland <strong>peut arriver \u00e0 n\u2019importe qui<\/strong>. Une malchance est si vite arriv\u00e9e, mais son parcours nous rappelle qu&rsquo;<strong>avec le bon soutien, il est possible de se relever des situations les plus difficiles<\/strong>.&nbsp;<\/p>\n\n\n\n<h3 class=\"wp-block-heading\"><strong>Une vie stable boulevers\u00e9e<\/strong><\/h3>\n\n\n\n<p>\u00c9b\u00e9niste de m\u00e9tier, il travaillait avec passion et d\u00e9vouement. Son quotidien \u00e9tait rythm\u00e9 par son travail et sa vie de famille, aux c\u00f4t\u00e9s de sa femme et de leur fils de trois ans.&nbsp;<\/p>\n\n\n\n<blockquote class=\"wp-block-quote is-layout-flow wp-block-quote-is-layout-flow\">\n<p><em>Je travaillais pour offrir une vie stable \u00e0 ma famille. J&rsquo;aimais mon m\u00e9tier et je menais une vie tranquille.<\/em><\/p>\n<\/blockquote>\n\n\n\n<p><strong>Mais un jour, alors qu&rsquo;il aidait un ami \u00e0 refaire son toit, l&rsquo;impensable s&rsquo;est produit<\/strong> : une grave chute a pr\u00e9cipit\u00e9 Roland dans un gouffre physique et \u00e9motionnel. Fractures multiples, op\u00e9rations, mois d&rsquo;hospitalisation&#8230; Sa vie a bascul\u00e9.<\/p>\n\n\n<div class=\"wp-block-image\">\n<figure class=\"alignright size-large is-resized\"><img fetchpriority=\"high\" decoding=\"async\" width=\"819\" height=\"1024\" src=\"https:\/\/centraide-rcoq.ca\/atnq\/wp-content\/uploads\/sites\/2\/2025\/05\/NVA04709-modifie-1-819x1024.png\" alt=\"\" class=\"wp-image-3498\" style=\"width:241px;height:auto\" srcset=\"https:\/\/centraide-rcoq.ca\/atnq\/wp-content\/uploads\/sites\/2\/2025\/05\/NVA04709-modifie-1-819x1024.png 819w, https:\/\/centraide-rcoq.ca\/atnq\/wp-content\/uploads\/sites\/2\/2025\/05\/NVA04709-modifie-1-240x300.png 240w, https:\/\/centraide-rcoq.ca\/atnq\/wp-content\/uploads\/sites\/2\/2025\/05\/NVA04709-modifie-1-768x960.png 768w, https:\/\/centraide-rcoq.ca\/atnq\/wp-content\/uploads\/sites\/2\/2025\/05\/NVA04709-modifie-1-1229x1536.png 1229w, https:\/\/centraide-rcoq.ca\/atnq\/wp-content\/uploads\/sites\/2\/2025\/05\/NVA04709-modifie-1-1638x2048.png 1638w\" sizes=\"(max-width: 819px) 100vw, 819px\" \/><\/figure>\n<\/div>\n\n\n<h3 class=\"wp-block-heading\"><strong>La spirale descendante<\/strong><\/h3>\n\n\n\n<p>Pour un homme qui a toujours \u00e9t\u00e9 autonome et fier, il disait se retrouver impuissant face \u00e0 cette situation. Son moral s&rsquo;est effondr\u00e9, sa patience s&rsquo;amenuisait.&nbsp;<\/p>\n\n\n\n<blockquote class=\"wp-block-quote is-layout-flow wp-block-quote-is-layout-flow\">\n<p><em>Je devenais un \u00e9tranger pour ma propre famille. Je n&rsquo;ai pas su accepter cette \u00e9preuve. Ma femme m\u2019a quitt\u00e9, me laissant seul avec notre fils. Mes finances s\u2019effondraient et l\u2019alcool est devenu un refuge pour combler le vide. Je pensais avoir tout perdu, l\u2019itin\u00e9rance n\u2019\u00e9tait plus qu\u2019\u00e0 un pas. Plus rien n\u2019allait.<\/em><\/p>\n<\/blockquote>\n\n\n\n<h3 class=\"wp-block-heading\"><strong>Une main tendue au moment critique<\/strong><\/h3>\n\n\n\n<p>C&rsquo;est au plus bas de cette descente que <strong>Roland a trouv\u00e9 le courage de demander de l&rsquo;aide aupr\u00e8s d&rsquo;un organisme soutenu par Centraide<\/strong>. Un premier pas qui s\u2019est r\u00e9v\u00e9l\u00e9 \u00eatre un tournant d\u00e9cisif vers un avenir meilleur.<\/p>\n\n\n\n<p>Une \u00e9quipe bienveillante l&rsquo;a accueilli et accompagn\u00e9 tout au long d&rsquo;une d\u00e9marche personnelle qui lui a permis progressivement de reprendre sa vie en main. Gr\u00e2ce \u00e0 ce soutien professionnel et humain, Roland a retrouv\u00e9 l&rsquo;espoir et la force n\u00e9cessaires pour se reconstruire.&nbsp;<\/p>\n\n\n\n<h3 class=\"wp-block-heading\"><strong>Du b\u00e9n\u00e9ficiaire \u00e0 l&rsquo;aidant<\/strong><\/h3>\n\n\n\n<p>Apr\u00e8s avoir compl\u00e9t\u00e9 sa d\u00e9marche de r\u00e9tablissement, Roland s&rsquo;est vu offrir une opportunit\u00e9 exceptionnelle : devenir responsable de l&rsquo;atelier de menuiserie au sein m\u00eame de l&rsquo;organisme qui lui avait tendu la main. <strong>C&rsquo;est ce qui est venu fermer la boucle pour reprendre contr\u00f4le sur sa vie<\/strong>.&nbsp; Au fil du temps, Roland a d\u00e9velopp\u00e9 un nouveau r\u00e9seau d&rsquo;amis et plus important encore, il a pu voir son fils grandir et a trouv\u00e9 l\u2019amour \u00e0 nouveau.&nbsp;<\/p>\n\n\n\n<figure class=\"wp-block-gallery has-nested-images columns-default is-cropped wp-block-gallery-1 is-layout-flex wp-block-gallery-is-layout-flex\">\n<figure class=\"wp-block-image size-large\"><img decoding=\"async\" width=\"1024\" height=\"683\" data-id=\"3496\" src=\"https:\/\/centraide-rcoq.ca\/atnq\/wp-content\/uploads\/sites\/2\/2025\/05\/NVA04729-modifie-1024x683.png\" alt=\"T\u00e9moignage de r\u00e9ussite : Roland dans l\u2019organisme qui l\u2019a aid\u00e9 \u00e0 reprendre confiance, debout dans l\u2019atelier.\" class=\"wp-image-3496\" srcset=\"https:\/\/centraide-rcoq.ca\/atnq\/wp-content\/uploads\/sites\/2\/2025\/05\/NVA04729-modifie-1024x683.png 1024w, https:\/\/centraide-rcoq.ca\/atnq\/wp-content\/uploads\/sites\/2\/2025\/05\/NVA04729-modifie-300x200.png 300w, https:\/\/centraide-rcoq.ca\/atnq\/wp-content\/uploads\/sites\/2\/2025\/05\/NVA04729-modifie-768x512.png 768w, https:\/\/centraide-rcoq.ca\/atnq\/wp-content\/uploads\/sites\/2\/2025\/05\/NVA04729-modifie-1536x1024.png 1536w, https:\/\/centraide-rcoq.ca\/atnq\/wp-content\/uploads\/sites\/2\/2025\/05\/NVA04729-modifie-2048x1365.png 2048w\" sizes=\"(max-width: 1024px) 100vw, 1024px\" \/><\/figure>\n\n\n\n<figure class=\"wp-block-image size-large\"><img decoding=\"async\" width=\"683\" height=\"1024\" data-id=\"3493\" src=\"https:\/\/centraide-rcoq.ca\/atnq\/wp-content\/uploads\/sites\/2\/2025\/05\/NVA04814-1-683x1024.jpg\" alt=\"Atelier de menuiserie dans un organisme communautaire, lieu de r\u00e9insertion et d\u2019accompagnement pour les personnes aid\u00e9es.\" class=\"wp-image-3493\" srcset=\"https:\/\/centraide-rcoq.ca\/atnq\/wp-content\/uploads\/sites\/2\/2025\/05\/NVA04814-1-683x1024.jpg 683w, https:\/\/centraide-rcoq.ca\/atnq\/wp-content\/uploads\/sites\/2\/2025\/05\/NVA04814-1-200x300.jpg 200w, https:\/\/centraide-rcoq.ca\/atnq\/wp-content\/uploads\/sites\/2\/2025\/05\/NVA04814-1-768x1152.jpg 768w, https:\/\/centraide-rcoq.ca\/atnq\/wp-content\/uploads\/sites\/2\/2025\/05\/NVA04814-1-1024x1536.jpg 1024w, https:\/\/centraide-rcoq.ca\/atnq\/wp-content\/uploads\/sites\/2\/2025\/05\/NVA04814-1-1365x2048.jpg 1365w, https:\/\/centraide-rcoq.ca\/atnq\/wp-content\/uploads\/sites\/2\/2025\/05\/NVA04814-1-scaled.jpg 1707w\" sizes=\"(max-width: 683px) 100vw, 683px\" \/><\/figure>\n\n\n\n<figure class=\"wp-block-image size-large\"><img loading=\"lazy\" decoding=\"async\" width=\"683\" height=\"1024\" data-id=\"3503\" src=\"https:\/\/centraide-rcoq.ca\/atnq\/wp-content\/uploads\/sites\/2\/2025\/05\/NVA04769-683x1024.png\" alt=\"Roland, dans l\u2019atelier de menuiserie de l\u2019organisme communautaire qui l\u2019a soutenu, en train de travailler.\" class=\"wp-image-3503\" srcset=\"https:\/\/centraide-rcoq.ca\/atnq\/wp-content\/uploads\/sites\/2\/2025\/05\/NVA04769-683x1024.png 683w, https:\/\/centraide-rcoq.ca\/atnq\/wp-content\/uploads\/sites\/2\/2025\/05\/NVA04769-200x300.png 200w, https:\/\/centraide-rcoq.ca\/atnq\/wp-content\/uploads\/sites\/2\/2025\/05\/NVA04769-768x1152.png 768w, https:\/\/centraide-rcoq.ca\/atnq\/wp-content\/uploads\/sites\/2\/2025\/05\/NVA04769-1024x1536.png 1024w, https:\/\/centraide-rcoq.ca\/atnq\/wp-content\/uploads\/sites\/2\/2025\/05\/NVA04769-1365x2048.png 1365w\" sizes=\"(max-width: 683px) 100vw, 683px\" \/><\/figure>\n<\/figure>\n\n\n\n<h2 class=\"wp-block-heading\"><strong>L&rsquo;importance du soutien communautaire<\/strong><\/h2>\n\n\n\n<p>L&rsquo;histoire de Roland illustre parfaitement <strong>l&rsquo;impact que peuvent avoir les organismes communautaires dans la vie des personnes qui cognent \u00e0 leur porte<\/strong>. Derri\u00e8re les statistiques et les rapports annuels se cachent des histoires humaines comme celle-ci, o\u00f9 une intervention, faite au bon moment, peut litt\u00e9ralement changer une vie.&nbsp;<\/p>\n\n\n\n<blockquote class=\"wp-block-quote is-layout-flow wp-block-quote-is-layout-flow\">\n<p><em>Chaque matin, je me r\u00e9jouis d&rsquo;aller travailler dans cet organisme pour lequel je ressens une profonde gratitude. Non seulement il m&rsquo;a permis de me relever, mais il m&rsquo;offre aujourd&rsquo;hui l&rsquo;occasion de redonner \u00e0 mon tour.<\/em><\/p>\n<\/blockquote>\n\n\n\n<p>Aujourd&rsquo;hui, Roland se tient debout, la t\u00eate haute. Sa plus grande fiert\u00e9 est maintenant d&rsquo;accompagner d&rsquo;autres personnes qui traversent des moments difficiles, perp\u00e9tuant ainsi le cercle vertueux de l&rsquo;entraide.&nbsp;<\/p>\n\n\n\n<figure class=\"wp-block-image size-large\"><img loading=\"lazy\" decoding=\"async\" width=\"1024\" height=\"683\" src=\"https:\/\/centraide-rcoq.ca\/atnq\/wp-content\/uploads\/sites\/2\/2025\/05\/NVA04744-modifie-1024x683.png\" alt=\"Roland, b\u00e9n\u00e9ficiaire d\u2019un organisme communautaire, aujourd\u2019hui impliqu\u00e9 activement dans l\u2019atelier de menuiserie.\" class=\"wp-image-3494\" srcset=\"https:\/\/centraide-rcoq.ca\/atnq\/wp-content\/uploads\/sites\/2\/2025\/05\/NVA04744-modifie-1024x683.png 1024w, https:\/\/centraide-rcoq.ca\/atnq\/wp-content\/uploads\/sites\/2\/2025\/05\/NVA04744-modifie-300x200.png 300w, https:\/\/centraide-rcoq.ca\/atnq\/wp-content\/uploads\/sites\/2\/2025\/05\/NVA04744-modifie-768x512.png 768w, https:\/\/centraide-rcoq.ca\/atnq\/wp-content\/uploads\/sites\/2\/2025\/05\/NVA04744-modifie-1536x1024.png 1536w, https:\/\/centraide-rcoq.ca\/atnq\/wp-content\/uploads\/sites\/2\/2025\/05\/NVA04744-modifie-2048x1365.png 2048w\" sizes=\"(max-width: 1024px) 100vw, 1024px\" \/><\/figure>\n\n\n\n<h3 class=\"wp-block-heading\"><strong>Comment soutenir ces initiatives essentielles<\/strong><\/h3>\n\n\n\n<p>Des milliers de personnes dans notre r\u00e9gion vivent des situations similaires \u00e0 celle de Roland, attendant parfois simplement une main tendue pour reprendre espoir. Les organismes soutenus par Centraide jouent ce r\u00f4le crucial dans notre tissu social.&nbsp;<\/p>\n\n\n\n<p>Si cette histoire vous touche, sachez que vous pouvez contribuer \u00e0 cr\u00e9er d&rsquo;autres r\u00e9cits de r\u00e9silience en soutenant ces initiatives communautaires. Votre don, quel qu&rsquo;en soit le montant, participe \u00e0 cette cha\u00eene de solidarit\u00e9 qui transforme des vies.&nbsp;<\/p>\n\n\n\n<h4 class=\"wp-block-heading has-text-align-center has-medium-font-size\"><strong>1 PERSONNE SUR 5 RE\u00c7OIT NOTRE AIDE.<\/strong>&nbsp;<\/h4>\n\n\n\n<h4 class=\"wp-block-heading has-text-align-center\"><strong>5 PERSONNES SUR 5 EN B\u00c9N\u00c9FICIENT.<\/strong>&nbsp;<\/h4>\n\n\n\n<p class=\"has-text-align-center has-medium-font-size\">\u00c0 go, on Centraide&nbsp;<\/p>\n\n\n\n<div class=\"wp-block-buttons is-content-justification-center is-layout-flex wp-container-core-buttons-is-layout-16018d1d wp-block-buttons-is-layout-flex\">\n<div class=\"wp-block-button\"><a class=\"wp-block-button__link wp-element-button\" href=\"https:\/\/www.jedonneenligne.org\/centraideatnq\/?FrmGroupUID=all\">DONNEZ<\/a><\/div>\n<\/div>\n","protected":false},"excerpt":{"rendered":"<p>L&rsquo;histoire d&rsquo;un \u00e9b\u00e9niste qui a surmont\u00e9 les obstacles&nbsp; L&rsquo;histoire de Roland peut arriver \u00e0 n\u2019importe qui. Une malchance est si vite arriv\u00e9e, mais son parcours nous rappelle qu&rsquo;avec le bon soutien, il est possible de se relever des situations les plus difficiles.&nbsp; Une vie stable boulevers\u00e9e \u00c9b\u00e9niste de m\u00e9tier, il travaillait avec passion et d\u00e9vouement. [&hellip;]<\/p>\n","protected":false},"author":2,"featured_media":3488,"comment_status":"closed","ping_status":"closed","sticky":false,"template":"","format":"standard","meta":{"ocean_post_layout":"","ocean_both_sidebars_style":"","ocean_both_sidebars_content_width":0,"ocean_both_sidebars_sidebars_width":0,"ocean_sidebar":"","ocean_second_sidebar":"","ocean_disable_margins":"enable","ocean_add_body_class":"","ocean_shortcode_before_top_bar":"","ocean_shortcode_after_top_bar":"","ocean_shortcode_before_header":"","ocean_shortcode_after_header":"","ocean_has_shortcode":"","ocean_shortcode_after_title":"","ocean_shortcode_before_footer_widgets":"","ocean_shortcode_after_footer_widgets":"","ocean_shortcode_before_footer_bottom":"","ocean_shortcode_after_footer_bottom":"","ocean_display_top_bar":"default","ocean_display_header":"default","ocean_header_style":"","ocean_center_header_left_menu":"","ocean_custom_header_template":"","ocean_custom_logo":0,"ocean_custom_retina_logo":0,"ocean_custom_logo_max_width":0,"ocean_custom_logo_tablet_max_width":0,"ocean_custom_logo_mobile_max_width":0,"ocean_custom_logo_max_height":0,"ocean_custom_logo_tablet_max_height":0,"ocean_custom_logo_mobile_max_height":0,"ocean_header_custom_menu":"","ocean_menu_typo_font_family":"","ocean_menu_typo_font_subset":"","ocean_menu_typo_font_size":0,"ocean_menu_typo_font_size_tablet":0,"ocean_menu_typo_font_size_mobile":0,"ocean_menu_typo_font_size_unit":"px","ocean_menu_typo_font_weight":"","ocean_menu_typo_font_weight_tablet":"","ocean_menu_typo_font_weight_mobile":"","ocean_menu_typo_transform":"","ocean_menu_typo_transform_tablet":"","ocean_menu_typo_transform_mobile":"","ocean_menu_typo_line_height":0,"ocean_menu_typo_line_height_tablet":0,"ocean_menu_typo_line_height_mobile":0,"ocean_menu_typo_line_height_unit":"","ocean_menu_typo_spacing":0,"ocean_menu_typo_spacing_tablet":0,"ocean_menu_typo_spacing_mobile":0,"ocean_menu_typo_spacing_unit":"","ocean_menu_link_color":"","ocean_menu_link_color_hover":"","ocean_menu_link_color_active":"","ocean_menu_link_background":"","ocean_menu_link_hover_background":"","ocean_menu_link_active_background":"","ocean_menu_social_links_bg":"","ocean_menu_social_hover_links_bg":"","ocean_menu_social_links_color":"","ocean_menu_social_hover_links_color":"","ocean_disable_title":"default","ocean_disable_heading":"default","ocean_post_title":"","ocean_post_subheading":"","ocean_post_title_style":"","ocean_post_title_background_color":"","ocean_post_title_background":0,"ocean_post_title_bg_image_position":"","ocean_post_title_bg_image_attachment":"","ocean_post_title_bg_image_repeat":"","ocean_post_title_bg_image_size":"","ocean_post_title_height":0,"ocean_post_title_bg_overlay":0.5,"ocean_post_title_bg_overlay_color":"","ocean_disable_breadcrumbs":"default","ocean_breadcrumbs_color":"","ocean_breadcrumbs_separator_color":"","ocean_breadcrumbs_links_color":"","ocean_breadcrumbs_links_hover_color":"","ocean_display_footer_widgets":"default","ocean_display_footer_bottom":"default","ocean_custom_footer_template":"","ocean_post_oembed":"","ocean_post_self_hosted_media":"","ocean_post_video_embed":"","ocean_link_format":"","ocean_link_format_target":"self","ocean_quote_format":"","ocean_quote_format_link":"post","ocean_gallery_link_images":"on","ocean_gallery_id":[],"footnotes":""},"categories":[7],"tags":[23],"class_list":["post-3487","post","type-post","status-publish","format-standard","has-post-thumbnail","hentry","category-nouvelles","tag-temoignage","entry","has-media"],"_links":{"self":[{"href":"https:\/\/centraide-rcoq.ca\/atnq\/wp-json\/wp\/v2\/posts\/3487","targetHints":{"allow":["GET"]}}],"collection":[{"href":"https:\/\/centraide-rcoq.ca\/atnq\/wp-json\/wp\/v2\/posts"}],"about":[{"href":"https:\/\/centraide-rcoq.ca\/atnq\/wp-json\/wp\/v2\/types\/post"}],"author":[{"embeddable":true,"href":"https:\/\/centraide-rcoq.ca\/atnq\/wp-json\/wp\/v2\/users\/2"}],"replies":[{"embeddable":true,"href":"https:\/\/centraide-rcoq.ca\/atnq\/wp-json\/wp\/v2\/comments?post=3487"}],"version-history":[{"count":6,"href":"https:\/\/centraide-rcoq.ca\/atnq\/wp-json\/wp\/v2\/posts\/3487\/revisions"}],"predecessor-version":[{"id":3505,"href":"https:\/\/centraide-rcoq.ca\/atnq\/wp-json\/wp\/v2\/posts\/3487\/revisions\/3505"}],"wp:featuredmedia":[{"embeddable":true,"href":"https:\/\/centraide-rcoq.ca\/atnq\/wp-json\/wp\/v2\/media\/3488"}],"wp:attachment":[{"href":"https:\/\/centraide-rcoq.ca\/atnq\/wp-json\/wp\/v2\/media?parent=3487"}],"wp:term":[{"taxonomy":"category","embeddable":true,"href":"https:\/\/centraide-rcoq.ca\/atnq\/wp-json\/wp\/v2\/categories?post=3487"},{"taxonomy":"post_tag","embeddable":true,"href":"https:\/\/centraide-rcoq.ca\/atnq\/wp-json\/wp\/v2\/tags?post=3487"}],"curies":[{"name":"wp","href":"https:\/\/api.w.org\/{rel}","templated":true}]}}