{"id":3423,"date":"2025-04-16T11:34:37","date_gmt":"2025-04-16T15:34:37","guid":{"rendered":"https:\/\/centraide-rcoq.ca\/atnq\/?p=3423"},"modified":"2025-04-22T10:09:02","modified_gmt":"2025-04-22T14:09:02","slug":"centraide-atnq-en-tournee-a-rouyn-noranda","status":"publish","type":"post","link":"https:\/\/centraide-rcoq.ca\/atnq\/centraide-atnq-en-tournee-a-rouyn-noranda\/","title":{"rendered":"Centraide ATNQ en tourn\u00e9e \u00e0 Rouyn-Noranda :"},"content":{"rendered":"\n<h2 class=\"wp-block-heading\"><strong>Comprendre pour mieux agir<\/strong><\/h2>\n\n\n\n<p><strong>Un portrait sociod\u00e9mographique qui \u00e9claire les enjeux locaux et renforce la collaboration<\/strong>&nbsp;<\/p>\n\n\n\n<p>Centraide Abitibi-T\u00e9miscamingue et Nord-du-Qu\u00e9bec (ATNQ), en partenariat avec l&rsquo;Observatoire de l&rsquo;Abitibi-T\u00e9miscamingue (OAT), a r\u00e9cemment pr\u00e9sent\u00e9 \u00e0 Rouyn-Noranda son portrait sociod\u00e9mographique du territoire. Cette initiative est arriv\u00e9e au moment o\u00f9 la direction de Ville et villages en sant\u00e9 Rouyn-Noranda (VVS) entame une r\u00e9flexion sur la gouvernance en d\u00e9veloppement social.\u00a0<\/p>\n\n\n\n<h3 class=\"wp-block-heading\">Rouyn-Noranda : Un territoire aux r\u00e9alit\u00e9s sociales contrast\u00e9es&nbsp;<\/h3>\n\n\n\n<p>Le portrait r\u00e9v\u00e8le une communaut\u00e9 en \u00e9volution, caract\u00e9ris\u00e9e par des contrastes significatifs :&nbsp;<\/p>\n\n\n\n<ul class=\"wp-block-list\">\n<li>Bien qu\u2019il s\u2019agisse du territoire le plus scolaris\u00e9 de l\u2019Abitibi-T\u00e9miscamingue, <strong>55 % de la population pr\u00e9sente un faible niveau de litt\u00e9ratie<\/strong>, ce qui peut freiner l\u2019inclusion sociale et professionnelle.&nbsp;<\/li>\n\n\n\n<li><strong>Une forte pr\u00e9sence de tout-petits<\/strong> \u2014 pr\u00e8s d\u2019un quart des enfants mineurs ont moins de 5 ans \u2014, mais un <strong>important d\u00e9ficit de places en garderie<\/strong>, avec 260 enfants en attente.&nbsp;<\/li>\n\n\n\n<li><strong>Un paradoxe \u00e9conomique<\/strong> : malgr\u00e9 l\u2019un des revenus moyens les plus \u00e9lev\u00e9s de la r\u00e9gion, <strong>les enjeux d\u2019itin\u00e9rance et d\u2019ins\u00e9curit\u00e9 alimentaire sont en hausse<\/strong>.&nbsp;<\/li>\n<\/ul>\n\n\n\n<h4 class=\"wp-block-heading\"><strong>Donn\u00e9es r\u00e9v\u00e9latrices sur les besoins prioritaires<\/strong>&nbsp;:<\/h4>\n\n\n\n<ul class=\"wp-block-list\">\n<li>1 m\u00e9nage a\u00een\u00e9 sur 3 est habit\u00e9 par une personne seule.&nbsp;<\/li>\n\n\n\n<li>55% de la population pr\u00e9sente un faible niveau de litt\u00e9ratie.&nbsp;<\/li>\n\n\n\n<li>3 personnes sur 10 qui fr\u00e9quentent une banque alimentaire sont mineures.&nbsp;<\/li>\n\n\n\n<li>260 enfants en attente d&rsquo;une place en garderie.&nbsp;<\/li>\n\n\n\n<li>29% des enfants pr\u00e9sentent un retard de d\u00e9veloppement \u00e0 la maternelle.&nbsp;<\/li>\n\n\n\n<li>Le taux de d\u00e9crochage scolaire est en hausse depuis 2018, autant chez les gar\u00e7ons que les filles.&nbsp;<\/li>\n<\/ul>\n\n\n\n<p>Cette analyse met en \u00e9vidence trois groupes particuli\u00e8rement vuln\u00e9rables : les jeunes adultes, les femmes monoparentales et les a\u00een\u00e9s.&nbsp;<\/p>\n\n\n\n<h3 class=\"wp-block-heading\"><strong>Des chantiers prioritaires align\u00e9s avec les constats du portrait<\/strong>&nbsp;<\/h3>\n\n\n\n<p>Les partenaires travaillent d\u00e9j\u00e0 activement sur plusieurs fronts qui r\u00e9pondent aux enjeux identifi\u00e9s :&nbsp;<\/p>\n\n\n\n<ul class=\"wp-block-list\">\n<li>D\u00e9veloppement des comp\u00e9tences et employabilit\u00e9<\/li>\n\n\n\n<li>Famille, vieillissement et conditions de vie<\/li>\n\n\n\n<li>Logements sociaux et abordables<\/li>\n\n\n\n<li>Sant\u00e9 mentale, d\u00e9pendances, toxicomanie et itin\u00e9rance<\/li>\n\n\n\n<li>Solidarit\u00e9 et inclusion sociale<\/li>\n<\/ul>\n\n\n\n<h3 class=\"wp-block-heading\"><strong>Des \u00e9changes riches qui ouvrent de nouvelles perspectives<\/strong>&nbsp;<\/h3>\n\n\n\n<p>Les donn\u00e9es partag\u00e9es stimulent la r\u00e9flexion collective et offrent une certaine pr\u00e9visibilit\u00e9 dans la planification. L&rsquo;\u00e9change entre la direction de Centraide, l&rsquo;agente de l&rsquo;OAT et les partenaires pr\u00e9sents a permis d&rsquo;explorer des avenues prometteuses concernant plusieurs enjeux prioritaires : le d\u00e9veloppement des jeunes enfants, la mixit\u00e9 sociale, et les d\u00e9fis des familles monoparentales, notamment en mati\u00e8re de conciliation famille-travail et de manque de places en CPE.&nbsp;<\/p>\n\n\n\n<p>Il \u00e9tait incontournable d\u2019aborder les projets li\u00e9s \u00e0 la fameuse \u201cZone tampon\u201d ainsi que le d\u00e9veloppement du futur quartier Senator qui apporte \u00e0 la fois <strong>des opportunit\u00e9s nouvelles et des pratiques sociales novatrices<\/strong>. Une \u00e9volution communautaire qui sera passionnante \u00e0 suivre !&nbsp;<\/p>\n\n\n\n<p>Nous remercions les membres du conseil d&rsquo;administration de Ville et villages en sant\u00e9 Rouyn-Noranda (VVS) pour leur accueil et tous les partenaires pour leur engagement envers un d\u00e9veloppement social inclusif et ancr\u00e9 dans la r\u00e9alit\u00e9 de Rouyn-Noranda.\u00a0<\/p>\n","protected":false},"excerpt":{"rendered":"<p>Comprendre pour mieux agir Un portrait sociod\u00e9mographique qui \u00e9claire les enjeux locaux et renforce la collaboration&nbsp; Centraide Abitibi-T\u00e9miscamingue et Nord-du-Qu\u00e9bec (ATNQ), en partenariat avec l&rsquo;Observatoire de l&rsquo;Abitibi-T\u00e9miscamingue (OAT), a r\u00e9cemment pr\u00e9sent\u00e9 \u00e0 Rouyn-Noranda son portrait sociod\u00e9mographique du territoire. Cette initiative est arriv\u00e9e au moment o\u00f9 la direction de Ville et villages en sant\u00e9 Rouyn-Noranda (VVS) [&hellip;]<\/p>\n","protected":false},"author":2,"featured_media":3424,"comment_status":"closed","ping_status":"closed","sticky":false,"template":"","format":"standard","meta":{"ocean_post_layout":"","ocean_both_sidebars_style":"","ocean_both_sidebars_content_width":0,"ocean_both_sidebars_sidebars_width":0,"ocean_sidebar":"","ocean_second_sidebar":"","ocean_disable_margins":"enable","ocean_add_body_class":"","ocean_shortcode_before_top_bar":"","ocean_shortcode_after_top_bar":"","ocean_shortcode_before_header":"","ocean_shortcode_after_header":"","ocean_has_shortcode":"","ocean_shortcode_after_title":"","ocean_shortcode_before_footer_widgets":"","ocean_shortcode_after_footer_widgets":"","ocean_shortcode_before_footer_bottom":"","ocean_shortcode_after_footer_bottom":"","ocean_display_top_bar":"default","ocean_display_header":"default","ocean_header_style":"","ocean_center_header_left_menu":"","ocean_custom_header_template":"","ocean_custom_logo":0,"ocean_custom_retina_logo":0,"ocean_custom_logo_max_width":0,"ocean_custom_logo_tablet_max_width":0,"ocean_custom_logo_mobile_max_width":0,"ocean_custom_logo_max_height":0,"ocean_custom_logo_tablet_max_height":0,"ocean_custom_logo_mobile_max_height":0,"ocean_header_custom_menu":"","ocean_menu_typo_font_family":"","ocean_menu_typo_font_subset":"","ocean_menu_typo_font_size":0,"ocean_menu_typo_font_size_tablet":0,"ocean_menu_typo_font_size_mobile":0,"ocean_menu_typo_font_size_unit":"px","ocean_menu_typo_font_weight":"","ocean_menu_typo_font_weight_tablet":"","ocean_menu_typo_font_weight_mobile":"","ocean_menu_typo_transform":"","ocean_menu_typo_transform_tablet":"","ocean_menu_typo_transform_mobile":"","ocean_menu_typo_line_height":0,"ocean_menu_typo_line_height_tablet":0,"ocean_menu_typo_line_height_mobile":0,"ocean_menu_typo_line_height_unit":"","ocean_menu_typo_spacing":0,"ocean_menu_typo_spacing_tablet":0,"ocean_menu_typo_spacing_mobile":0,"ocean_menu_typo_spacing_unit":"","ocean_menu_link_color":"","ocean_menu_link_color_hover":"","ocean_menu_link_color_active":"","ocean_menu_link_background":"","ocean_menu_link_hover_background":"","ocean_menu_link_active_background":"","ocean_menu_social_links_bg":"","ocean_menu_social_hover_links_bg":"","ocean_menu_social_links_color":"","ocean_menu_social_hover_links_color":"","ocean_disable_title":"default","ocean_disable_heading":"default","ocean_post_title":"","ocean_post_subheading":"","ocean_post_title_style":"","ocean_post_title_background_color":"","ocean_post_title_background":0,"ocean_post_title_bg_image_position":"","ocean_post_title_bg_image_attachment":"","ocean_post_title_bg_image_repeat":"","ocean_post_title_bg_image_size":"","ocean_post_title_height":0,"ocean_post_title_bg_overlay":0.5,"ocean_post_title_bg_overlay_color":"","ocean_disable_breadcrumbs":"default","ocean_breadcrumbs_color":"","ocean_breadcrumbs_separator_color":"","ocean_breadcrumbs_links_color":"","ocean_breadcrumbs_links_hover_color":"","ocean_display_footer_widgets":"default","ocean_display_footer_bottom":"default","ocean_custom_footer_template":"","ocean_post_oembed":"","ocean_post_self_hosted_media":"","ocean_post_video_embed":"","ocean_link_format":"","ocean_link_format_target":"self","ocean_quote_format":"","ocean_quote_format_link":"post","ocean_gallery_link_images":"on","ocean_gallery_id":[],"footnotes":""},"categories":[7],"tags":[],"class_list":["post-3423","post","type-post","status-publish","format-standard","has-post-thumbnail","hentry","category-nouvelles","entry","has-media"],"_links":{"self":[{"href":"https:\/\/centraide-rcoq.ca\/atnq\/wp-json\/wp\/v2\/posts\/3423","targetHints":{"allow":["GET"]}}],"collection":[{"href":"https:\/\/centraide-rcoq.ca\/atnq\/wp-json\/wp\/v2\/posts"}],"about":[{"href":"https:\/\/centraide-rcoq.ca\/atnq\/wp-json\/wp\/v2\/types\/post"}],"author":[{"embeddable":true,"href":"https:\/\/centraide-rcoq.ca\/atnq\/wp-json\/wp\/v2\/users\/2"}],"replies":[{"embeddable":true,"href":"https:\/\/centraide-rcoq.ca\/atnq\/wp-json\/wp\/v2\/comments?post=3423"}],"version-history":[{"count":6,"href":"https:\/\/centraide-rcoq.ca\/atnq\/wp-json\/wp\/v2\/posts\/3423\/revisions"}],"predecessor-version":[{"id":3432,"href":"https:\/\/centraide-rcoq.ca\/atnq\/wp-json\/wp\/v2\/posts\/3423\/revisions\/3432"}],"wp:featuredmedia":[{"embeddable":true,"href":"https:\/\/centraide-rcoq.ca\/atnq\/wp-json\/wp\/v2\/media\/3424"}],"wp:attachment":[{"href":"https:\/\/centraide-rcoq.ca\/atnq\/wp-json\/wp\/v2\/media?parent=3423"}],"wp:term":[{"taxonomy":"category","embeddable":true,"href":"https:\/\/centraide-rcoq.ca\/atnq\/wp-json\/wp\/v2\/categories?post=3423"},{"taxonomy":"post_tag","embeddable":true,"href":"https:\/\/centraide-rcoq.ca\/atnq\/wp-json\/wp\/v2\/tags?post=3423"}],"curies":[{"name":"wp","href":"https:\/\/api.w.org\/{rel}","templated":true}]}}