{"id":3419,"date":"2025-04-10T11:18:07","date_gmt":"2025-04-10T15:18:07","guid":{"rendered":"https:\/\/centraide-rcoq.ca\/atnq\/?p=3419"},"modified":"2025-04-10T11:18:07","modified_gmt":"2025-04-10T15:18:07","slug":"centraide-atnq-en-tournee-2","status":"publish","type":"post","link":"https:\/\/centraide-rcoq.ca\/atnq\/centraide-atnq-en-tournee-2\/","title":{"rendered":"Centraide ATNQ en tourn\u00e9e"},"content":{"rendered":"\n<h2 class=\"wp-block-heading\"><strong>D\u00e9veloppement social et mobilisation en Abitibi<\/strong>\u00a0<\/h2>\n\n\n\n<p>Dans le cadre de sa tourn\u00e9e territoriale, Centraide est all\u00e9 \u00e0 la rencontre des partenaires de la MRC d\u2019Abitibi pour pr\u00e9senter, en collaboration avec l\u2019Observatoire de l\u2019Abitibi-T\u00e9miscamingue (OAT), un portrait socio-d\u00e9mographique et du d\u00e9veloppement social du territoire. Une rencontre marqu\u00e9e par des \u00e9changes riches et une mobilisation palpable autour des enjeux sociaux locaux.&nbsp;<\/p>\n\n\n\n<h4 class=\"wp-block-heading\"><strong>Des partenaires engag\u00e9s autour d&rsquo;un m\u00eame objectif<\/strong>&nbsp;<\/h4>\n\n\n\n<p>Cette rencontre a rassembl\u00e9 les partenaires incontournables du d\u00e9veloppement social dans la MRC : la ville d\u2019Amos, la MRC d\u2019Abitibi, le Centre de services scolaire Harricana, le CISSSAT, l\u2019UQAT, des organismes communautaires, la Corporation de d\u00e9veloppement communautaire (CDC) d\u2019Amos&#8230; Tous \u00e9taient pr\u00e9sents et r\u00e9ceptifs aux donn\u00e9es pr\u00e9sent\u00e9es et aux pistes de r\u00e9flexion qu&rsquo;elles ont suscit\u00e9es.&nbsp;<\/p>\n\n\n\n<h4 class=\"wp-block-heading\"><strong>Des constats qui appellent \u00e0 l&rsquo;action<\/strong>&nbsp;<\/h4>\n\n\n\n<p>Le portrait pr\u00e9sent\u00e9 a permis de mettre en lumi\u00e8re plusieurs enjeux prioritaires pour la r\u00e9gion. Parmi les faits saillants qui ont marqu\u00e9 les partenaires :&nbsp;<\/p>\n\n\n\n<ul class=\"wp-block-list\">\n<li>La baisse anticip\u00e9e de la population dans les 10 prochaines ann\u00e9es, malgr\u00e9 une croissance r\u00e9cente attribuable \u00e0 l\u2019immigration.\u00a0<\/li>\n\n\n\n<li>Le faible niveau de litt\u00e9ratie touchant 59 % de la population, un frein \u00e0 l\u2019int\u00e9gration socioprofessionnelle.<\/li>\n\n\n\n<li>La forte croissance des personnes vivant seules, accentuant la vuln\u00e9rabilit\u00e9 sociale et \u00e9conomique.\u00a0<\/li>\n\n\n\n<li>Un taux d\u2019effort locatif parmi les plus \u00e9lev\u00e9s de la r\u00e9gion.\u00a0<\/li>\n\n\n\n<li>Des taux de ch\u00f4mage plus \u00e9lev\u00e9s chez les personnes immigrantes et autochtones, amenant une r\u00e9flexion quant \u00e0 l\u2019int\u00e9gration et aux pr\u00e9jug\u00e9s.\u00a0<\/li>\n\n\n\n<li>Une hausse des retards de d\u00e9veloppement chez les enfants, renfor\u00e7ant le besoin d\u2019actions concert\u00e9es en petite enfance.\u00a0<\/li>\n\n\n\n<li>Une forte augmentation des demandes en aide alimentaire (+30 %), malgr\u00e9 un revenu moyen \u00e9lev\u00e9, illustrant une dualit\u00e9 sociale marqu\u00e9e.\u00a0<\/li>\n\n\n\n<li>Des indicateurs alarmants en mati\u00e8re de sant\u00e9 mentale, incluant le taux le plus \u00e9lev\u00e9 de tentatives de suicide de la r\u00e9gion.\u00a0<\/li>\n\n\n\n<li>Le vieillissement rapide de la population, un enjeu qui devra \u00eatre anticip\u00e9 pour adapter les services.\u00a0<\/li>\n<\/ul>\n\n\n\n<h4 class=\"wp-block-heading\"><strong>Un portrait qui r\u00e9sonne avec de grands chantiers d\u00e9j\u00e0 en cours<\/strong>&nbsp;<\/h4>\n\n\n\n<p>Les partenaires en d\u00e9veloppement social de la MRC d\u2019Abitibi travaillent d\u00e9j\u00e0 activement autour de grands chantiers :&nbsp;<\/p>\n\n\n\n<ul class=\"wp-block-list\">\n<li>petite enfance et famille (0-11 ans) ;\u00a0<\/li>\n\n\n\n<li>jeunesse (12-25 ans) ;\u00a0<\/li>\n\n\n\n<li>sant\u00e9 mentale, d\u00e9pendance, itin\u00e9rance ;\u00a0\u00a0<\/li>\n\n\n\n<li>s\u00e9curit\u00e9 alimentaire ;\u00a0<\/li>\n\n\n\n<li>diversit\u00e9 culturelle (int\u00e9gr\u00e9e transversalement).\u00a0<\/li>\n<\/ul>\n\n\n\n<h4 class=\"wp-block-heading\"><strong>Vers une strat\u00e9gie collective et durable<\/strong>&nbsp;<\/h4>\n\n\n\n<p>Ce qui ressort de cette rencontre, c\u2019est la volont\u00e9 claire de travailler ensemble de fa\u00e7on strat\u00e9gique. Comme le souligne <strong>Bernard Blais, directeur culture, tourisme et qualit\u00e9 de vie \u00e0 la Ville d\u2019Amos<\/strong> :&nbsp;<\/p>\n\n\n\n<blockquote class=\"wp-block-quote is-layout-flow wp-block-quote-is-layout-flow\">\n<p>On travaille d\u00e9j\u00e0 ensemble, alors on est rendu l\u00e0\u2026 Il faut aller encore plus loin et \u00eatre strat\u00e9gique. L\u2019union fait la force, et nous devons avoir la perspective de tous les fonds disponibles pour l\u2019ensemble des initiatives \u00e0 mettre en place, quitte \u00e0 cofinancer plusieurs projets, que ce soit par les fonds publics et philanthropiques ! \u00a0<\/p>\n<\/blockquote>\n\n\n\n<h4 class=\"wp-block-heading\"><strong>La rencontre a aussi permis de mettre en lumi\u00e8re des leviers financiers disponibles pour appuyer le d\u00e9veloppement social<\/strong>\u00a0\u00a0<\/h4>\n\n\n\n<p>Une entente sectorielle r\u00e9cemment conclue entre la Ville d\u2019Amos, la MRC et le CISSSAT permettra de soutenir des initiatives locales pendant un an. Les partenaires analysent actuellement les meilleurs investissements \u00e0 faire avec ce fonds, dans une logique de projets structurants.\u00a0<\/p>\n\n\n\n<p>La CDC a \u00e9galement pr\u00e9sent\u00e9 le renouvellement du Fonds qu\u00e9b\u00e9cois d\u2019initiatives sociales (FQIS), qui visera \u00e0 appuyer des projets concert\u00e9s en lien direct avec les priorit\u00e9s locales.\u00a0\u00a0<\/p>\n\n\n\n<h4 class=\"wp-block-heading\"><strong>Un pas de plus vers un d\u00e9veloppement social concert\u00e9<\/strong>&nbsp;<\/h4>\n\n\n\n<p>Cette rencontre territoriale repr\u00e9sente un moment d&rsquo;\u00e9change significatif pour le d\u00e9veloppement social en Abitibi. En facilitant ce dialogue entre les acteurs cl\u00e9s, Centraide ATNQ contribue \u00e0 enrichir la compr\u00e9hension collective des enjeux locaux et \u00e0 favoriser une meilleure coordination. Les donn\u00e9es partag\u00e9es lors de cette rencontre permettront \u00e0 Centraide d&rsquo;affiner ses propres investissements sociaux, tout en offrant aux partenaires pr\u00e9sents une vision commune des d\u00e9fis \u00e0 relever. Cette approche collaborative t\u00e9moigne de notre engagement \u00e0 travailler main dans la main avec les communaut\u00e9s pour construire des solutions adapt\u00e9es et durables.&nbsp;<\/p>\n\n\n\n<p><strong>La suite ?<\/strong> Poursuivre les discussions pour arrimer au mieux les besoins sociaux et les ressources disponibles. Parce que chaque territoire m\u00e9rite qu\u2019on s\u2019y arr\u00eate, qu\u2019on l\u2019\u00e9coute et qu\u2019on construise ensemble des solutions durables.&nbsp;<\/p>\n","protected":false},"excerpt":{"rendered":"<p>D\u00e9veloppement social et mobilisation en Abitibi\u00a0 Dans le cadre de sa tourn\u00e9e territoriale, Centraide est all\u00e9 \u00e0 la rencontre des partenaires de la MRC d\u2019Abitibi pour pr\u00e9senter, en collaboration avec l\u2019Observatoire de l\u2019Abitibi-T\u00e9miscamingue (OAT), un portrait socio-d\u00e9mographique et du d\u00e9veloppement social du territoire. Une rencontre marqu\u00e9e par des \u00e9changes riches et une mobilisation palpable autour [&hellip;]<\/p>\n","protected":false},"author":2,"featured_media":3420,"comment_status":"closed","ping_status":"closed","sticky":false,"template":"","format":"standard","meta":{"ocean_post_layout":"","ocean_both_sidebars_style":"","ocean_both_sidebars_content_width":0,"ocean_both_sidebars_sidebars_width":0,"ocean_sidebar":"","ocean_second_sidebar":"","ocean_disable_margins":"enable","ocean_add_body_class":"","ocean_shortcode_before_top_bar":"","ocean_shortcode_after_top_bar":"","ocean_shortcode_before_header":"","ocean_shortcode_after_header":"","ocean_has_shortcode":"","ocean_shortcode_after_title":"","ocean_shortcode_before_footer_widgets":"","ocean_shortcode_after_footer_widgets":"","ocean_shortcode_before_footer_bottom":"","ocean_shortcode_after_footer_bottom":"","ocean_display_top_bar":"default","ocean_display_header":"default","ocean_header_style":"","ocean_center_header_left_menu":"","ocean_custom_header_template":"","ocean_custom_logo":0,"ocean_custom_retina_logo":0,"ocean_custom_logo_max_width":0,"ocean_custom_logo_tablet_max_width":0,"ocean_custom_logo_mobile_max_width":0,"ocean_custom_logo_max_height":0,"ocean_custom_logo_tablet_max_height":0,"ocean_custom_logo_mobile_max_height":0,"ocean_header_custom_menu":"","ocean_menu_typo_font_family":"","ocean_menu_typo_font_subset":"","ocean_menu_typo_font_size":0,"ocean_menu_typo_font_size_tablet":0,"ocean_menu_typo_font_size_mobile":0,"ocean_menu_typo_font_size_unit":"px","ocean_menu_typo_font_weight":"","ocean_menu_typo_font_weight_tablet":"","ocean_menu_typo_font_weight_mobile":"","ocean_menu_typo_transform":"","ocean_menu_typo_transform_tablet":"","ocean_menu_typo_transform_mobile":"","ocean_menu_typo_line_height":0,"ocean_menu_typo_line_height_tablet":0,"ocean_menu_typo_line_height_mobile":0,"ocean_menu_typo_line_height_unit":"","ocean_menu_typo_spacing":0,"ocean_menu_typo_spacing_tablet":0,"ocean_menu_typo_spacing_mobile":0,"ocean_menu_typo_spacing_unit":"","ocean_menu_link_color":"","ocean_menu_link_color_hover":"","ocean_menu_link_color_active":"","ocean_menu_link_background":"","ocean_menu_link_hover_background":"","ocean_menu_link_active_background":"","ocean_menu_social_links_bg":"","ocean_menu_social_hover_links_bg":"","ocean_menu_social_links_color":"","ocean_menu_social_hover_links_color":"","ocean_disable_title":"default","ocean_disable_heading":"default","ocean_post_title":"","ocean_post_subheading":"","ocean_post_title_style":"","ocean_post_title_background_color":"","ocean_post_title_background":0,"ocean_post_title_bg_image_position":"","ocean_post_title_bg_image_attachment":"","ocean_post_title_bg_image_repeat":"","ocean_post_title_bg_image_size":"","ocean_post_title_height":0,"ocean_post_title_bg_overlay":0.5,"ocean_post_title_bg_overlay_color":"","ocean_disable_breadcrumbs":"default","ocean_breadcrumbs_color":"","ocean_breadcrumbs_separator_color":"","ocean_breadcrumbs_links_color":"","ocean_breadcrumbs_links_hover_color":"","ocean_display_footer_widgets":"default","ocean_display_footer_bottom":"default","ocean_custom_footer_template":"","ocean_post_oembed":"","ocean_post_self_hosted_media":"","ocean_post_video_embed":"","ocean_link_format":"","ocean_link_format_target":"self","ocean_quote_format":"","ocean_quote_format_link":"post","ocean_gallery_link_images":"on","ocean_gallery_id":[],"footnotes":""},"categories":[7],"tags":[],"class_list":["post-3419","post","type-post","status-publish","format-standard","has-post-thumbnail","hentry","category-nouvelles","entry","has-media"],"_links":{"self":[{"href":"https:\/\/centraide-rcoq.ca\/atnq\/wp-json\/wp\/v2\/posts\/3419","targetHints":{"allow":["GET"]}}],"collection":[{"href":"https:\/\/centraide-rcoq.ca\/atnq\/wp-json\/wp\/v2\/posts"}],"about":[{"href":"https:\/\/centraide-rcoq.ca\/atnq\/wp-json\/wp\/v2\/types\/post"}],"author":[{"embeddable":true,"href":"https:\/\/centraide-rcoq.ca\/atnq\/wp-json\/wp\/v2\/users\/2"}],"replies":[{"embeddable":true,"href":"https:\/\/centraide-rcoq.ca\/atnq\/wp-json\/wp\/v2\/comments?post=3419"}],"version-history":[{"count":2,"href":"https:\/\/centraide-rcoq.ca\/atnq\/wp-json\/wp\/v2\/posts\/3419\/revisions"}],"predecessor-version":[{"id":3422,"href":"https:\/\/centraide-rcoq.ca\/atnq\/wp-json\/wp\/v2\/posts\/3419\/revisions\/3422"}],"wp:featuredmedia":[{"embeddable":true,"href":"https:\/\/centraide-rcoq.ca\/atnq\/wp-json\/wp\/v2\/media\/3420"}],"wp:attachment":[{"href":"https:\/\/centraide-rcoq.ca\/atnq\/wp-json\/wp\/v2\/media?parent=3419"}],"wp:term":[{"taxonomy":"category","embeddable":true,"href":"https:\/\/centraide-rcoq.ca\/atnq\/wp-json\/wp\/v2\/categories?post=3419"},{"taxonomy":"post_tag","embeddable":true,"href":"https:\/\/centraide-rcoq.ca\/atnq\/wp-json\/wp\/v2\/tags?post=3419"}],"curies":[{"name":"wp","href":"https:\/\/api.w.org\/{rel}","templated":true}]}}