{"id":3397,"date":"2025-04-08T08:14:41","date_gmt":"2025-04-08T12:14:41","guid":{"rendered":"https:\/\/centraide-rcoq.ca\/atnq\/?p=3397"},"modified":"2025-04-08T08:18:04","modified_gmt":"2025-04-08T12:18:04","slug":"centraide-atnq-en-tournee-regionale","status":"publish","type":"post","link":"https:\/\/centraide-rcoq.ca\/atnq\/centraide-atnq-en-tournee-regionale\/","title":{"rendered":"Centraide ATNQ en tourn\u00e9e r\u00e9gionale"},"content":{"rendered":"\n<h2 class=\"wp-block-heading\"><strong>\u00c0 la rencontre de la Table de D\u00e9veloppement Social du T\u00e9miscamingue<\/strong>&nbsp;<\/h2>\n\n\n\n<p>R\u00e9cemment, Centraide Abitibi-T\u00e9miscamingue et Nord-du-Qu\u00e9bec (ATNQ) a \u00e9t\u00e9 invit\u00e9 \u00e0 une rencontre de la Table de d\u00e9veloppement social du T\u00e9miscamingue, coordonn\u00e9e par la Corporation de d\u00e9veloppement communautaire du T\u00e9miscamingue (CDCT).&nbsp;<\/p>\n\n\n\n<p>L\u2019\u00e9v\u00e9nement a rassembl\u00e9 environ 15 participants provenant de divers acteurs du milieu, incluant des organisations communautaires, des institutions publiques et des repr\u00e9sentants politiques. L\u2019objectif de cette rencontre \u00e9tait de partager un portrait actualis\u00e9 des enjeux sociaux du territoire et de r\u00e9fl\u00e9chir aux actions concr\u00e8tes \u00e0 mettre en place pour y r\u00e9pondre.&nbsp;<\/p>\n\n\n\n<figure class=\"wp-block-gallery has-nested-images columns-default is-cropped wp-block-gallery-1 is-layout-flex wp-block-gallery-is-layout-flex\">\n<figure class=\"wp-block-image size-large\"><img fetchpriority=\"high\" decoding=\"async\" width=\"1024\" height=\"768\" data-id=\"3414\" src=\"https:\/\/centraide-rcoq.ca\/atnq\/wp-content\/uploads\/sites\/2\/2025\/04\/no-1-2-1024x768.jpg\" alt=\"\" class=\"wp-image-3414\" srcset=\"https:\/\/centraide-rcoq.ca\/atnq\/wp-content\/uploads\/sites\/2\/2025\/04\/no-1-2-1024x768.jpg 1024w, https:\/\/centraide-rcoq.ca\/atnq\/wp-content\/uploads\/sites\/2\/2025\/04\/no-1-2-300x225.jpg 300w, https:\/\/centraide-rcoq.ca\/atnq\/wp-content\/uploads\/sites\/2\/2025\/04\/no-1-2-768x576.jpg 768w, https:\/\/centraide-rcoq.ca\/atnq\/wp-content\/uploads\/sites\/2\/2025\/04\/no-1-2-1536x1152.jpg 1536w, https:\/\/centraide-rcoq.ca\/atnq\/wp-content\/uploads\/sites\/2\/2025\/04\/no-1-2-2048x1536.jpg 2048w\" sizes=\"(max-width: 1024px) 100vw, 1024px\" \/><\/figure>\n\n\n\n<figure class=\"wp-block-image size-large\"><img decoding=\"async\" width=\"1024\" height=\"768\" data-id=\"3409\" src=\"https:\/\/centraide-rcoq.ca\/atnq\/wp-content\/uploads\/sites\/2\/2025\/04\/no-4-3-1024x768.jpg\" alt=\"\" class=\"wp-image-3409\" srcset=\"https:\/\/centraide-rcoq.ca\/atnq\/wp-content\/uploads\/sites\/2\/2025\/04\/no-4-3-1024x768.jpg 1024w, https:\/\/centraide-rcoq.ca\/atnq\/wp-content\/uploads\/sites\/2\/2025\/04\/no-4-3-300x225.jpg 300w, https:\/\/centraide-rcoq.ca\/atnq\/wp-content\/uploads\/sites\/2\/2025\/04\/no-4-3-768x576.jpg 768w, https:\/\/centraide-rcoq.ca\/atnq\/wp-content\/uploads\/sites\/2\/2025\/04\/no-4-3-1536x1152.jpg 1536w, https:\/\/centraide-rcoq.ca\/atnq\/wp-content\/uploads\/sites\/2\/2025\/04\/no-4-3-2048x1536.jpg 2048w\" sizes=\"(max-width: 1024px) 100vw, 1024px\" \/><\/figure>\n\n\n\n<figure class=\"wp-block-image size-full\"><img decoding=\"async\" width=\"2560\" height=\"1920\" data-id=\"3415\" src=\"https:\/\/centraide-rcoq.ca\/atnq\/wp-content\/uploads\/sites\/2\/2025\/04\/no-2-edited-scaled.jpg\" alt=\"\" class=\"wp-image-3415\" srcset=\"https:\/\/centraide-rcoq.ca\/atnq\/wp-content\/uploads\/sites\/2\/2025\/04\/no-2-edited-scaled.jpg 2560w, https:\/\/centraide-rcoq.ca\/atnq\/wp-content\/uploads\/sites\/2\/2025\/04\/no-2-edited-300x225.jpg 300w, https:\/\/centraide-rcoq.ca\/atnq\/wp-content\/uploads\/sites\/2\/2025\/04\/no-2-edited-1024x768.jpg 1024w, https:\/\/centraide-rcoq.ca\/atnq\/wp-content\/uploads\/sites\/2\/2025\/04\/no-2-edited-768x576.jpg 768w, https:\/\/centraide-rcoq.ca\/atnq\/wp-content\/uploads\/sites\/2\/2025\/04\/no-2-edited-1536x1152.jpg 1536w, https:\/\/centraide-rcoq.ca\/atnq\/wp-content\/uploads\/sites\/2\/2025\/04\/no-2-edited-2048x1536.jpg 2048w\" sizes=\"(max-width: 2560px) 100vw, 2560px\" \/><\/figure>\n<\/figure>\n\n\n\n<figure class=\"wp-block-gallery has-nested-images columns-default is-cropped wp-block-gallery-2 is-layout-flex wp-block-gallery-is-layout-flex\"><\/figure>\n\n\n\n<h3 class=\"wp-block-heading\"><strong>Un portrait r\u00e9gional r\u00e9v\u00e9lateur<\/strong>&nbsp;<\/h3>\n\n\n\n<p>La rencontre a permis de pr\u00e9senter un portrait d\u00e9taill\u00e9 de la situation socio-\u00e9conomique du T\u00e9miscamingue, \u00e9labor\u00e9 par Centraide ATNQ, en collaboration avec l\u2019Observatoire de l\u2019Abitibi-T\u00e9miscamingue (OAT). Ce portrait a mis en lumi\u00e8re plusieurs enjeux cruciaux, notamment les vuln\u00e9rabilit\u00e9s rurales, la situation des familles monoparentales, ainsi que l&rsquo;isolement des personnes \u00e2g\u00e9es et les d\u00e9fis d&rsquo;inclusion sociale.&nbsp;<\/p>\n\n\n\n<p>Voici quelques points marquants du portrait r\u00e9gional :&nbsp;<\/p>\n\n\n\n<ul class=\"wp-block-list\">\n<li>Une proportion importante des familles, en particulier les familles monoparentales, vit avec de faibles revenus.&nbsp;<\/li>\n\n\n\n<li>Une part grandissante de familles monoparentales est dirig\u00e9e par des p\u00e8res.&nbsp;<\/li>\n\n\n\n<li>Le vieillissement de la population, avec des projections indiquant que d\u2019ici 2034, les personnes \u00e2g\u00e9es repr\u00e9senteront pr\u00e8s du tiers de la population.&nbsp;<\/li>\n\n\n\n<li>Un taux de d\u00e9crochage scolaire \u00e0 la hausse.&nbsp;<\/li>\n\n\n\n<li>La question de l\u2019accessibilit\u00e9 au logement demeure un d\u00e9fi majeur, avec 21 % des familles qui consacrent plus de 30 % de leur revenu au logement.<\/li>\n<\/ul>\n\n\n\n<h3 class=\"wp-block-heading\"><strong>L&rsquo;importance d&rsquo;une action concert\u00e9e<\/strong>&nbsp;<\/h3>\n\n\n\n<p>Les participants ont pu constater les liens \u00e9vidents entre ces enjeux sociaux et les priorit\u00e9s locales du territoire. Ces priorit\u00e9s, r\u00e9cemment reconfirm\u00e9es par la Table en d\u00e9veloppement social, incluent la d\u00e9tresse psychologique, la s\u00e9curit\u00e9 alimentaire, la participation citoyenne et l\u2019inclusion sociale, la mobilit\u00e9 des personnes et le logement social.&nbsp;<\/p>\n\n\n\n<p>Cet \u00e9change a permis de faire ressortir l\u2019importance de prioriser des investissements sociaux cibl\u00e9s, en vue d\u2019une action collective et concert\u00e9e, afin de r\u00e9pondre aux besoins sp\u00e9cifiques de la population du T\u00e9miscamingue.&nbsp;<\/p>\n","protected":false},"excerpt":{"rendered":"<p>\u00c0 la rencontre de la Table de D\u00e9veloppement Social du T\u00e9miscamingue&nbsp; R\u00e9cemment, Centraide Abitibi-T\u00e9miscamingue et Nord-du-Qu\u00e9bec (ATNQ) a \u00e9t\u00e9 invit\u00e9 \u00e0 une rencontre de la Table de d\u00e9veloppement social du T\u00e9miscamingue, coordonn\u00e9e par la Corporation de d\u00e9veloppement communautaire du T\u00e9miscamingue (CDCT).&nbsp; L\u2019\u00e9v\u00e9nement a rassembl\u00e9 environ 15 participants provenant de divers acteurs du milieu, incluant des [&hellip;]<\/p>\n","protected":false},"author":2,"featured_media":3399,"comment_status":"closed","ping_status":"closed","sticky":false,"template":"","format":"standard","meta":{"ocean_post_layout":"","ocean_both_sidebars_style":"","ocean_both_sidebars_content_width":0,"ocean_both_sidebars_sidebars_width":0,"ocean_sidebar":"","ocean_second_sidebar":"","ocean_disable_margins":"enable","ocean_add_body_class":"","ocean_shortcode_before_top_bar":"","ocean_shortcode_after_top_bar":"","ocean_shortcode_before_header":"","ocean_shortcode_after_header":"","ocean_has_shortcode":"","ocean_shortcode_after_title":"","ocean_shortcode_before_footer_widgets":"","ocean_shortcode_after_footer_widgets":"","ocean_shortcode_before_footer_bottom":"","ocean_shortcode_after_footer_bottom":"","ocean_display_top_bar":"default","ocean_display_header":"default","ocean_header_style":"","ocean_center_header_left_menu":"","ocean_custom_header_template":"","ocean_custom_logo":0,"ocean_custom_retina_logo":0,"ocean_custom_logo_max_width":0,"ocean_custom_logo_tablet_max_width":0,"ocean_custom_logo_mobile_max_width":0,"ocean_custom_logo_max_height":0,"ocean_custom_logo_tablet_max_height":0,"ocean_custom_logo_mobile_max_height":0,"ocean_header_custom_menu":"","ocean_menu_typo_font_family":"","ocean_menu_typo_font_subset":"","ocean_menu_typo_font_size":0,"ocean_menu_typo_font_size_tablet":0,"ocean_menu_typo_font_size_mobile":0,"ocean_menu_typo_font_size_unit":"px","ocean_menu_typo_font_weight":"","ocean_menu_typo_font_weight_tablet":"","ocean_menu_typo_font_weight_mobile":"","ocean_menu_typo_transform":"","ocean_menu_typo_transform_tablet":"","ocean_menu_typo_transform_mobile":"","ocean_menu_typo_line_height":0,"ocean_menu_typo_line_height_tablet":0,"ocean_menu_typo_line_height_mobile":0,"ocean_menu_typo_line_height_unit":"","ocean_menu_typo_spacing":0,"ocean_menu_typo_spacing_tablet":0,"ocean_menu_typo_spacing_mobile":0,"ocean_menu_typo_spacing_unit":"","ocean_menu_link_color":"","ocean_menu_link_color_hover":"","ocean_menu_link_color_active":"","ocean_menu_link_background":"","ocean_menu_link_hover_background":"","ocean_menu_link_active_background":"","ocean_menu_social_links_bg":"","ocean_menu_social_hover_links_bg":"","ocean_menu_social_links_color":"","ocean_menu_social_hover_links_color":"","ocean_disable_title":"default","ocean_disable_heading":"default","ocean_post_title":"","ocean_post_subheading":"","ocean_post_title_style":"","ocean_post_title_background_color":"","ocean_post_title_background":0,"ocean_post_title_bg_image_position":"","ocean_post_title_bg_image_attachment":"","ocean_post_title_bg_image_repeat":"","ocean_post_title_bg_image_size":"","ocean_post_title_height":0,"ocean_post_title_bg_overlay":0.5,"ocean_post_title_bg_overlay_color":"","ocean_disable_breadcrumbs":"default","ocean_breadcrumbs_color":"","ocean_breadcrumbs_separator_color":"","ocean_breadcrumbs_links_color":"","ocean_breadcrumbs_links_hover_color":"","ocean_display_footer_widgets":"default","ocean_display_footer_bottom":"default","ocean_custom_footer_template":"","ocean_post_oembed":"","ocean_post_self_hosted_media":"","ocean_post_video_embed":"","ocean_link_format":"","ocean_link_format_target":"self","ocean_quote_format":"","ocean_quote_format_link":"post","ocean_gallery_link_images":"on","ocean_gallery_id":[],"footnotes":""},"categories":[7],"tags":[],"class_list":["post-3397","post","type-post","status-publish","format-standard","has-post-thumbnail","hentry","category-nouvelles","entry","has-media"],"_links":{"self":[{"href":"https:\/\/centraide-rcoq.ca\/atnq\/wp-json\/wp\/v2\/posts\/3397","targetHints":{"allow":["GET"]}}],"collection":[{"href":"https:\/\/centraide-rcoq.ca\/atnq\/wp-json\/wp\/v2\/posts"}],"about":[{"href":"https:\/\/centraide-rcoq.ca\/atnq\/wp-json\/wp\/v2\/types\/post"}],"author":[{"embeddable":true,"href":"https:\/\/centraide-rcoq.ca\/atnq\/wp-json\/wp\/v2\/users\/2"}],"replies":[{"embeddable":true,"href":"https:\/\/centraide-rcoq.ca\/atnq\/wp-json\/wp\/v2\/comments?post=3397"}],"version-history":[{"count":3,"href":"https:\/\/centraide-rcoq.ca\/atnq\/wp-json\/wp\/v2\/posts\/3397\/revisions"}],"predecessor-version":[{"id":3416,"href":"https:\/\/centraide-rcoq.ca\/atnq\/wp-json\/wp\/v2\/posts\/3397\/revisions\/3416"}],"wp:featuredmedia":[{"embeddable":true,"href":"https:\/\/centraide-rcoq.ca\/atnq\/wp-json\/wp\/v2\/media\/3399"}],"wp:attachment":[{"href":"https:\/\/centraide-rcoq.ca\/atnq\/wp-json\/wp\/v2\/media?parent=3397"}],"wp:term":[{"taxonomy":"category","embeddable":true,"href":"https:\/\/centraide-rcoq.ca\/atnq\/wp-json\/wp\/v2\/categories?post=3397"},{"taxonomy":"post_tag","embeddable":true,"href":"https:\/\/centraide-rcoq.ca\/atnq\/wp-json\/wp\/v2\/tags?post=3397"}],"curies":[{"name":"wp","href":"https:\/\/api.w.org\/{rel}","templated":true}]}}