{"id":3385,"date":"2025-04-07T14:28:14","date_gmt":"2025-04-07T18:28:14","guid":{"rendered":"https:\/\/centraide-rcoq.ca\/atnq\/?p=3385"},"modified":"2025-04-07T14:28:14","modified_gmt":"2025-04-07T18:28:14","slug":"tournee-des-regions-arret-en-abitibi-ouest","status":"publish","type":"post","link":"https:\/\/centraide-rcoq.ca\/atnq\/tournee-des-regions-arret-en-abitibi-ouest\/","title":{"rendered":"Tourn\u00e9e des r\u00e9gions : arr\u00eat en Abitibi-Ouest"},"content":{"rendered":"\n<h2 class=\"wp-block-heading\">Une mobilisation r\u00e9gionale pour le d\u00e9veloppement social\u00a0<\/h2>\n\n\n\n<p>En ce moment, notre directrice du d\u00e9veloppement et des partenariats, M\u00e9lanie Perreault, sillonne le territoire pour aller \u00e0 la rencontre des acteurs locaux en d\u00e9veloppement social. Cette tourn\u00e9e vise \u00e0 mieux comprendre les r\u00e9alit\u00e9s r\u00e9gionales, tout en pr\u00e9parant les prochaines d\u00e9cisions sur la mani\u00e8re de r\u00e9partir les dons re\u00e7us cette ann\u00e9e.&nbsp;&nbsp;<\/p>\n\n\n<div class=\"wp-block-image\">\n<figure class=\"alignright size-large is-resized\"><img fetchpriority=\"high\" decoding=\"async\" width=\"1349\" height=\"1349\" src=\"https:\/\/centraide-rcoq.ca\/atnq\/wp-content\/uploads\/sites\/2\/2025\/04\/20240605-LArtdeCapter-Melanie09-edited-1.jpg\" alt=\"\" class=\"wp-image-3392\" style=\"width:140px;height:auto\" srcset=\"https:\/\/centraide-rcoq.ca\/atnq\/wp-content\/uploads\/sites\/2\/2025\/04\/20240605-LArtdeCapter-Melanie09-edited-1.jpg 1349w, https:\/\/centraide-rcoq.ca\/atnq\/wp-content\/uploads\/sites\/2\/2025\/04\/20240605-LArtdeCapter-Melanie09-edited-1-300x300.jpg 300w, https:\/\/centraide-rcoq.ca\/atnq\/wp-content\/uploads\/sites\/2\/2025\/04\/20240605-LArtdeCapter-Melanie09-edited-1-1024x1024.jpg 1024w, https:\/\/centraide-rcoq.ca\/atnq\/wp-content\/uploads\/sites\/2\/2025\/04\/20240605-LArtdeCapter-Melanie09-edited-1-150x150.jpg 150w, https:\/\/centraide-rcoq.ca\/atnq\/wp-content\/uploads\/sites\/2\/2025\/04\/20240605-LArtdeCapter-Melanie09-edited-1-768x768.jpg 768w, https:\/\/centraide-rcoq.ca\/atnq\/wp-content\/uploads\/sites\/2\/2025\/04\/20240605-LArtdeCapter-Melanie09-edited-1-600x600.jpg 600w\" sizes=\"(max-width: 1349px) 100vw, 1349px\" \/><figcaption class=\"wp-element-caption\">M\u00e9lanie Perreault<\/figcaption><\/figure>\n<\/div>\n\n\n<p>R\u00e9cemment, cette tourn\u00e9e a fait escale en <strong>Abitibi-Ouest<\/strong>, o\u00f9 <strong>Centraide Abitibi-T\u00e9miscamingue et Nord-du-Qu\u00e9bec (ATNQ)<\/strong> a coorganis\u00e9 une rencontre avec la <strong>MRC d\u2019Abitibi-Ouest<\/strong>. Un moment fort et porteur de sens pour l\u2019ensemble des participants.&nbsp;<\/p>\n\n\n\n<blockquote class=\"wp-block-quote is-style-default is-layout-flow wp-block-quote-is-layout-flow\">\n<p><em>\u00ab Quelle richesse et quel moment privil\u00e9gi\u00e9 que \u00e7a a \u00e9t\u00e9 que de se r\u00e9unir ainsi, de se dire les vraies affaires avec ouverture et motivation, et de se donner collectivement la main en parlant de l\u2019avenir ! \u00bb<\/em> \u2013 M\u00e9lanie Perreault, Centraide ATNQ\u00a0<\/p>\n<\/blockquote>\n\n\n\n<h3 class=\"wp-block-heading\"><strong>Une participation forte et diversifi\u00e9e<\/strong>\u00a0<\/h3>\n\n\n\n<p>Plus de <strong>45 personnes<\/strong> \u00e9taient r\u00e9unies, t\u00e9moignant de la volont\u00e9 collective d\u2019agir ensemble pour relever les <strong>enjeux sociaux<\/strong> de la r\u00e9gion :&nbsp;<\/p>\n\n\n\n<ul class=\"wp-block-list\">\n<li>\u00c9lus municipaux, directeurs g\u00e9n\u00e9raux des municipalit\u00e9s locales et employ\u00e9s de la MRC\u00a0<\/li>\n\n\n\n<li>Organismes communautaires d\u00e9di\u00e9s \u00e0 la jeunesse, la sant\u00e9 mentale, la s\u00e9curit\u00e9 alimentaire ou encore l\u2019itin\u00e9rance\u00a0<\/li>\n\n\n\n<li>Carrefour Jeunesse Emploi, CISSSAT, Desjardins, UQAT, Services Qu\u00e9bec, SADC, CPE\u00a0<\/li>\n\n\n\n<li>Deux partenaires r\u00e9gionaux s\u2019\u00e9taient \u00e9galement joints \u00e0 la rencontre \u00e0 titre d\u2019observateurs : le MAMH et la Chaire en d\u00e9veloppement des petites collectivit\u00e9s de l\u2019UQAT<\/li>\n<\/ul>\n\n\n\n<h3 class=\"wp-block-heading\"><strong>Un portrait social \u00e9clairant<\/strong>\u00a0<\/h3>\n\n\n\n<p>La rencontre a \u00e9t\u00e9 l\u2019occasion de pr\u00e9senter le <strong>portrait r\u00e9gional de Centraide Abitibi-T\u00e9miscamingue et Nord-du-Qu\u00e9bec<\/strong>, enrichi par les contributions de l\u2019Observatoire de l\u2019Abitibi-T\u00e9miscamingue (OAT), pour mieux comprendre les r\u00e9alit\u00e9s sociales du territoire. Ce portrait a permis de faire \u00e9merger plusieurs constats importants :\u00a0<\/p>\n\n\n\n<ul class=\"wp-block-list\">\n<li>Une personne sur quatre dans la r\u00e9gion est <strong>vieillissante<\/strong>, et un <strong>ain\u00e9 sur deux<\/strong> vit avec un faible revenu\u00a0<\/li>\n\n\n\n<li>Un <strong>\u00e9cart marqu\u00e9 de revenu<\/strong> persiste entre les hommes et les femmes\u00a0<\/li>\n\n\n\n<li>Une forte <strong>augmentation des m\u00e9nages compos\u00e9s de personnes seules<\/strong>, souvent associ\u00e9s \u00e0 l\u2019isolement et \u00e0 la pr\u00e9carit\u00e9\u00a0<\/li>\n\n\n\n<li><strong>40 % des m\u00e9nages vivent avec un faible revenu<\/strong>\u00a0<\/li>\n\n\n\n<li>Des enjeux pr\u00e9occupants touchent aussi la <strong>sant\u00e9 mentale<\/strong>, l\u2019<strong>ins\u00e9curit\u00e9 alimentaire<\/strong>, l\u2019<strong>abordabilit\u00e9 du logement<\/strong> et les <strong>conditions de vie des jeunes<\/strong>\u00a0\u00a0<\/li>\n<\/ul>\n\n\n\n<h3 class=\"wp-block-heading\"><strong>Des \u00e9changes riches et des actions \u00e0 venir<\/strong>\u00a0<\/h3>\n\n\n\n<p>Les participants ont \u00e9chang\u00e9 librement, mettant en parall\u00e8le les donn\u00e9es pr\u00e9sent\u00e9es avec leurs propres r\u00e9alit\u00e9s de terrain. Cette discussion collective a permis de confirmer la pertinence des <strong>cinq priorit\u00e9s sociales d\u00e9j\u00e0 identifi\u00e9es pour le territoire<\/strong> et d\u2019en prendre pleinement acte, en vue de renforcer l\u2019action collective autour de ces enjeux. \u00a0<br>\u00a0<br><strong>M. Normand Lagrange, directeur g\u00e9n\u00e9ral de la MRC d\u2019Abitibi-Oues<\/strong>t, a annonc\u00e9 le <strong>renouvellement du Fonds qu\u00e9b\u00e9cois d\u2019initiatives sociales (FQIS)<\/strong>, qui permettra de soutenir les actions en lien avec les priorit\u00e9s sociales identifi\u00e9es. Il a \u00e9galement mentionn\u00e9 que des annonces du minist\u00e8re des Affaires municipales et de l\u2019Habitation (MAMH) sont attendues prochainement concernant les nouvelles modalit\u00e9s du Fonds r\u00e9gions et ruralit\u00e9 (FRR) pour une p\u00e9riode de cinq ans, notamment pour le Volet 2 \u2013 Soutien \u00e0 la comp\u00e9tence de d\u00e9veloppement local et r\u00e9gional, et le Volet 4 \u2013 Soutien \u00e0 la vitalisation et \u00e0 la coop\u00e9ration intermunicipale.\u00a0<\/p>\n\n\n\n<p>Il a profit\u00e9\u00a0de l\u2019occasion pour annoncer la cr\u00e9ation de la <strong>Table de concertation en d\u00e9veloppement social d\u2019Abitibi-Ouest<\/strong>, un <strong>espace de collaboration strat\u00e9gique<\/strong>\u00a0qui chapeautera les concertations th\u00e9matiques selon les cinq priorit\u00e9s \u00e9tablies :\u00a0<\/p>\n\n\n\n<ul class=\"wp-block-list\">\n<li>le <strong>logement social et abordable<\/strong>\u00a0<\/li>\n\n\n\n<li>la <strong>r\u00e9ussite \u00e9ducative<\/strong>\u00a0<\/li>\n\n\n\n<li>le <strong>transport collectif<\/strong>\u00a0<\/li>\n\n\n\n<li>la <strong>s\u00e9curit\u00e9 alimentaire<\/strong>\u00a0<\/li>\n\n\n\n<li>la <strong>sant\u00e9 mentale et les d\u00e9pendances<\/strong>\u00a0<\/li>\n<\/ul>\n\n\n\n<p><\/p>\n","protected":false},"excerpt":{"rendered":"<p>Une mobilisation r\u00e9gionale pour le d\u00e9veloppement social\u00a0 En ce moment, notre directrice du d\u00e9veloppement et des partenariats, M\u00e9lanie Perreault, sillonne le territoire pour aller \u00e0 la rencontre des acteurs locaux en d\u00e9veloppement social. Cette tourn\u00e9e vise \u00e0 mieux comprendre les r\u00e9alit\u00e9s r\u00e9gionales, tout en pr\u00e9parant les prochaines d\u00e9cisions sur la mani\u00e8re de r\u00e9partir les dons [&hellip;]<\/p>\n","protected":false},"author":2,"featured_media":3386,"comment_status":"closed","ping_status":"closed","sticky":false,"template":"","format":"standard","meta":{"ocean_post_layout":"","ocean_both_sidebars_style":"","ocean_both_sidebars_content_width":0,"ocean_both_sidebars_sidebars_width":0,"ocean_sidebar":"","ocean_second_sidebar":"","ocean_disable_margins":"enable","ocean_add_body_class":"","ocean_shortcode_before_top_bar":"","ocean_shortcode_after_top_bar":"","ocean_shortcode_before_header":"","ocean_shortcode_after_header":"","ocean_has_shortcode":"","ocean_shortcode_after_title":"","ocean_shortcode_before_footer_widgets":"","ocean_shortcode_after_footer_widgets":"","ocean_shortcode_before_footer_bottom":"","ocean_shortcode_after_footer_bottom":"","ocean_display_top_bar":"default","ocean_display_header":"default","ocean_header_style":"","ocean_center_header_left_menu":"","ocean_custom_header_template":"","ocean_custom_logo":0,"ocean_custom_retina_logo":0,"ocean_custom_logo_max_width":0,"ocean_custom_logo_tablet_max_width":0,"ocean_custom_logo_mobile_max_width":0,"ocean_custom_logo_max_height":0,"ocean_custom_logo_tablet_max_height":0,"ocean_custom_logo_mobile_max_height":0,"ocean_header_custom_menu":"","ocean_menu_typo_font_family":"","ocean_menu_typo_font_subset":"","ocean_menu_typo_font_size":0,"ocean_menu_typo_font_size_tablet":0,"ocean_menu_typo_font_size_mobile":0,"ocean_menu_typo_font_size_unit":"px","ocean_menu_typo_font_weight":"","ocean_menu_typo_font_weight_tablet":"","ocean_menu_typo_font_weight_mobile":"","ocean_menu_typo_transform":"","ocean_menu_typo_transform_tablet":"","ocean_menu_typo_transform_mobile":"","ocean_menu_typo_line_height":0,"ocean_menu_typo_line_height_tablet":0,"ocean_menu_typo_line_height_mobile":0,"ocean_menu_typo_line_height_unit":"","ocean_menu_typo_spacing":0,"ocean_menu_typo_spacing_tablet":0,"ocean_menu_typo_spacing_mobile":0,"ocean_menu_typo_spacing_unit":"","ocean_menu_link_color":"","ocean_menu_link_color_hover":"","ocean_menu_link_color_active":"","ocean_menu_link_background":"","ocean_menu_link_hover_background":"","ocean_menu_link_active_background":"","ocean_menu_social_links_bg":"","ocean_menu_social_hover_links_bg":"","ocean_menu_social_links_color":"","ocean_menu_social_hover_links_color":"","ocean_disable_title":"default","ocean_disable_heading":"default","ocean_post_title":"","ocean_post_subheading":"","ocean_post_title_style":"","ocean_post_title_background_color":"","ocean_post_title_background":0,"ocean_post_title_bg_image_position":"","ocean_post_title_bg_image_attachment":"","ocean_post_title_bg_image_repeat":"","ocean_post_title_bg_image_size":"","ocean_post_title_height":0,"ocean_post_title_bg_overlay":0.5,"ocean_post_title_bg_overlay_color":"","ocean_disable_breadcrumbs":"default","ocean_breadcrumbs_color":"","ocean_breadcrumbs_separator_color":"","ocean_breadcrumbs_links_color":"","ocean_breadcrumbs_links_hover_color":"","ocean_display_footer_widgets":"default","ocean_display_footer_bottom":"default","ocean_custom_footer_template":"","ocean_post_oembed":"","ocean_post_self_hosted_media":"","ocean_post_video_embed":"","ocean_link_format":"","ocean_link_format_target":"self","ocean_quote_format":"","ocean_quote_format_link":"post","ocean_gallery_link_images":"on","ocean_gallery_id":[],"footnotes":""},"categories":[7],"tags":[],"class_list":["post-3385","post","type-post","status-publish","format-standard","has-post-thumbnail","hentry","category-nouvelles","entry","has-media"],"_links":{"self":[{"href":"https:\/\/centraide-rcoq.ca\/atnq\/wp-json\/wp\/v2\/posts\/3385","targetHints":{"allow":["GET"]}}],"collection":[{"href":"https:\/\/centraide-rcoq.ca\/atnq\/wp-json\/wp\/v2\/posts"}],"about":[{"href":"https:\/\/centraide-rcoq.ca\/atnq\/wp-json\/wp\/v2\/types\/post"}],"author":[{"embeddable":true,"href":"https:\/\/centraide-rcoq.ca\/atnq\/wp-json\/wp\/v2\/users\/2"}],"replies":[{"embeddable":true,"href":"https:\/\/centraide-rcoq.ca\/atnq\/wp-json\/wp\/v2\/comments?post=3385"}],"version-history":[{"count":7,"href":"https:\/\/centraide-rcoq.ca\/atnq\/wp-json\/wp\/v2\/posts\/3385\/revisions"}],"predecessor-version":[{"id":3396,"href":"https:\/\/centraide-rcoq.ca\/atnq\/wp-json\/wp\/v2\/posts\/3385\/revisions\/3396"}],"wp:featuredmedia":[{"embeddable":true,"href":"https:\/\/centraide-rcoq.ca\/atnq\/wp-json\/wp\/v2\/media\/3386"}],"wp:attachment":[{"href":"https:\/\/centraide-rcoq.ca\/atnq\/wp-json\/wp\/v2\/media?parent=3385"}],"wp:term":[{"taxonomy":"category","embeddable":true,"href":"https:\/\/centraide-rcoq.ca\/atnq\/wp-json\/wp\/v2\/categories?post=3385"},{"taxonomy":"post_tag","embeddable":true,"href":"https:\/\/centraide-rcoq.ca\/atnq\/wp-json\/wp\/v2\/tags?post=3385"}],"curies":[{"name":"wp","href":"https:\/\/api.w.org\/{rel}","templated":true}]}}