{"id":3363,"date":"2025-04-02T13:38:14","date_gmt":"2025-04-02T17:38:14","guid":{"rendered":"https:\/\/centraide-rcoq.ca\/atnq\/?p=3363"},"modified":"2025-04-02T13:38:15","modified_gmt":"2025-04-02T17:38:15","slug":"centraide-atnq-en-tournee","status":"publish","type":"post","link":"https:\/\/centraide-rcoq.ca\/atnq\/centraide-atnq-en-tournee\/","title":{"rendered":"Centraide ATNQ en tourn\u00e9e"},"content":{"rendered":"\n<h1 class=\"wp-block-heading\">Centraide ATNQ en tourn\u00e9e : ensemble pour des communaut\u00e9s plus fortes !\u00a0<\/h1>\n\n\n\n<p>Depuis quelques jours, Centraide ATNQ sillonne l&rsquo;Abitibi-T\u00e9miscamingue pour rencontrer les acteurs du d\u00e9veloppement social. Cette grande tourn\u00e9e, men\u00e9e par <strong>M\u00e9lanie Perreault, directrice du d\u00e9veloppement et des partenariats,<\/strong> vise \u00e0 \u00e9changer directement avec les partenaires afin de mieux comprendre les r\u00e9alit\u00e9s locales et d\u2019agir avec pertinence.\u00a0<\/p>\n\n\n\n<p>L\u2019enthousiasme est au rendez-vous ! Plusieurs corporations de d\u00e9veloppement communautaire et MRC ont m\u00eame mobilis\u00e9 leurs propres partenaires pour enrichir les discussions, preuve que ces \u00e9changes sont essentiels et attendus.<\/p>\n\n\n\n<figure class=\"wp-block-gallery has-nested-images columns-default is-cropped wp-block-gallery-1 is-layout-flex wp-block-gallery-is-layout-flex\">\n<figure class=\"wp-block-image size-full\"><img fetchpriority=\"high\" decoding=\"async\" width=\"2560\" height=\"1920\" data-id=\"3369\" src=\"https:\/\/centraide-rcoq.ca\/atnq\/wp-content\/uploads\/sites\/2\/2025\/04\/Rencontre-MRC-Vallee-de-lOr-presentation-1-scaled.jpg\" alt=\"\" class=\"wp-image-3369\" srcset=\"https:\/\/centraide-rcoq.ca\/atnq\/wp-content\/uploads\/sites\/2\/2025\/04\/Rencontre-MRC-Vallee-de-lOr-presentation-1-scaled.jpg 2560w, https:\/\/centraide-rcoq.ca\/atnq\/wp-content\/uploads\/sites\/2\/2025\/04\/Rencontre-MRC-Vallee-de-lOr-presentation-1-300x225.jpg 300w, https:\/\/centraide-rcoq.ca\/atnq\/wp-content\/uploads\/sites\/2\/2025\/04\/Rencontre-MRC-Vallee-de-lOr-presentation-1-1024x768.jpg 1024w, https:\/\/centraide-rcoq.ca\/atnq\/wp-content\/uploads\/sites\/2\/2025\/04\/Rencontre-MRC-Vallee-de-lOr-presentation-1-768x576.jpg 768w, https:\/\/centraide-rcoq.ca\/atnq\/wp-content\/uploads\/sites\/2\/2025\/04\/Rencontre-MRC-Vallee-de-lOr-presentation-1-1536x1152.jpg 1536w, https:\/\/centraide-rcoq.ca\/atnq\/wp-content\/uploads\/sites\/2\/2025\/04\/Rencontre-MRC-Vallee-de-lOr-presentation-1-2048x1536.jpg 2048w\" sizes=\"(max-width: 2560px) 100vw, 2560px\" \/><\/figure>\n\n\n\n<figure class=\"wp-block-image size-large\"><img decoding=\"async\" width=\"1024\" height=\"768\" data-id=\"3365\" src=\"https:\/\/centraide-rcoq.ca\/atnq\/wp-content\/uploads\/sites\/2\/2025\/04\/Melanie-presente-1024x768.jpg\" alt=\"\" class=\"wp-image-3365\" srcset=\"https:\/\/centraide-rcoq.ca\/atnq\/wp-content\/uploads\/sites\/2\/2025\/04\/Melanie-presente-1024x768.jpg 1024w, https:\/\/centraide-rcoq.ca\/atnq\/wp-content\/uploads\/sites\/2\/2025\/04\/Melanie-presente-300x225.jpg 300w, https:\/\/centraide-rcoq.ca\/atnq\/wp-content\/uploads\/sites\/2\/2025\/04\/Melanie-presente-768x576.jpg 768w, https:\/\/centraide-rcoq.ca\/atnq\/wp-content\/uploads\/sites\/2\/2025\/04\/Melanie-presente-1536x1152.jpg 1536w, https:\/\/centraide-rcoq.ca\/atnq\/wp-content\/uploads\/sites\/2\/2025\/04\/Melanie-presente.jpg 2048w\" sizes=\"(max-width: 1024px) 100vw, 1024px\" \/><\/figure>\n\n\n\n<figure class=\"wp-block-image size-large\"><img decoding=\"async\" width=\"768\" height=\"1024\" data-id=\"3366\" src=\"https:\/\/centraide-rcoq.ca\/atnq\/wp-content\/uploads\/sites\/2\/2025\/04\/Rencontre-territoire-DS-fiches-MRC-Vallee-de-lOr-768x1024.jpg\" alt=\"\" class=\"wp-image-3366\" srcset=\"https:\/\/centraide-rcoq.ca\/atnq\/wp-content\/uploads\/sites\/2\/2025\/04\/Rencontre-territoire-DS-fiches-MRC-Vallee-de-lOr-768x1024.jpg 768w, https:\/\/centraide-rcoq.ca\/atnq\/wp-content\/uploads\/sites\/2\/2025\/04\/Rencontre-territoire-DS-fiches-MRC-Vallee-de-lOr-225x300.jpg 225w, https:\/\/centraide-rcoq.ca\/atnq\/wp-content\/uploads\/sites\/2\/2025\/04\/Rencontre-territoire-DS-fiches-MRC-Vallee-de-lOr-1152x1536.jpg 1152w, https:\/\/centraide-rcoq.ca\/atnq\/wp-content\/uploads\/sites\/2\/2025\/04\/Rencontre-territoire-DS-fiches-MRC-Vallee-de-lOr-1536x2048.jpg 1536w, https:\/\/centraide-rcoq.ca\/atnq\/wp-content\/uploads\/sites\/2\/2025\/04\/Rencontre-territoire-DS-fiches-MRC-Vallee-de-lOr-scaled.jpg 1920w\" sizes=\"(max-width: 768px) 100vw, 768px\" \/><\/figure>\n<\/figure>\n\n\n\n<h2 class=\"wp-block-heading\"><strong>Un premier arr\u00eat de la tourn\u00e9e concluant !<\/strong>\u00a0<\/h2>\n\n\n\n<p>La tourn\u00e9e a d\u00e9but\u00e9 dans la MRC de la Vall\u00e9e-de-l\u2019Or, en collaboration avec l\u2019Observatoire de l\u2019Abitibi-T\u00e9miscamingue et la Chaire en d\u00e9veloppement des petites collectivit\u00e9s. Plus de 25 personnes y ont particip\u00e9, dont des \u00e9lus municipaux, des repr\u00e9sentants d\u2019organismes communautaires et des membres du personnel du Centre int\u00e9gr\u00e9 de sant\u00e9 et de services sociaux de l&rsquo;Abitibi-T\u00e9miscamingue.&nbsp;<\/p>\n\n\n\n<p>Au programme de cette rencontre :&nbsp;<br>\u2705 Pr\u00e9sentation des portraits socio-d\u00e9mographiques r\u00e9alis\u00e9s par Centraide ATNQ et mise en lumi\u00e8re des enjeux sociaux du territoire.&nbsp;<br>\u2705 Discussion sur les priorit\u00e9s d\u2019investissement et les besoins locaux.&nbsp;<\/p>\n\n\n\n<p><strong>R\u00e9sultat : la relance d\u2019un comit\u00e9 territorial de d\u00e9veloppement social<\/strong> dans la Vall\u00e9e-de-l\u2019Or. Ce comit\u00e9 aura entre autres comme priorit\u00e9s :\u00a0<\/p>\n\n\n\n<ul class=\"wp-block-list\">\n<li>\ud83c\udfe1 Le logement\u00a0<\/li>\n\n\n\n<li>\ud83d\udc76 La petite enfance et la jeunesse\u00a0<\/li>\n\n\n\n<li>\ud83e\udd66 La s\u00e9curit\u00e9 alimentaire\u00a0<\/li>\n\n\n\n<li>\ud83d\ude8c Le transport collectif\u00a0<\/li>\n\n\n\n<li>\ud83d\udcaa La r\u00e9silience communautaire, pour renforcer la capacit\u00e9 d\u2019adaptation des collectivit\u00e9s\u00a0<\/li>\n<\/ul>\n\n\n\n<h2 class=\"wp-block-heading\"><strong>Un positionnement fort pour Centraide\u00a0<\/strong><\/h2>\n\n\n<div class=\"wp-block-image\">\n<figure class=\"alignright size-large is-resized\"><img loading=\"lazy\" decoding=\"async\" width=\"1024\" height=\"768\" src=\"https:\/\/centraide-rcoq.ca\/atnq\/wp-content\/uploads\/sites\/2\/2025\/04\/Echange-en-groupe-1024x768.jpg\" alt=\"\" class=\"wp-image-3367\" style=\"width:367px;height:auto\" srcset=\"https:\/\/centraide-rcoq.ca\/atnq\/wp-content\/uploads\/sites\/2\/2025\/04\/Echange-en-groupe-1024x768.jpg 1024w, https:\/\/centraide-rcoq.ca\/atnq\/wp-content\/uploads\/sites\/2\/2025\/04\/Echange-en-groupe-300x225.jpg 300w, https:\/\/centraide-rcoq.ca\/atnq\/wp-content\/uploads\/sites\/2\/2025\/04\/Echange-en-groupe-768x576.jpg 768w, https:\/\/centraide-rcoq.ca\/atnq\/wp-content\/uploads\/sites\/2\/2025\/04\/Echange-en-groupe-1536x1152.jpg 1536w, https:\/\/centraide-rcoq.ca\/atnq\/wp-content\/uploads\/sites\/2\/2025\/04\/Echange-en-groupe-2048x1536.jpg 2048w\" sizes=\"(max-width: 1024px) 100vw, 1024px\" \/><\/figure>\n<\/div>\n\n\n<p>Cette tourn\u00e9e r\u00e9affirme notre engagement : <strong>\u00eatre sur le terrain, \u00e0 l&rsquo;\u00e9coute des besoins et veiller \u00e0 ce que nos investissements aient un r\u00e9el impact.<\/strong>&nbsp;<\/p>\n\n\n\n<p><strong>D\u2019autres rencontres sont pr\u00e9vues dans la r\u00e9gion !<\/strong> Nous avons h\u00e2te de poursuivre ces \u00e9changes et de b\u00e2tir ensemble des communaut\u00e9s plus fortes et solidaires.&nbsp;<\/p>\n\n\n\n<p><\/p>\n\n\n\n<p><\/p>\n","protected":false},"excerpt":{"rendered":"<p>Centraide ATNQ en tourn\u00e9e : ensemble pour des communaut\u00e9s plus fortes !\u00a0 Depuis quelques jours, Centraide ATNQ sillonne l&rsquo;Abitibi-T\u00e9miscamingue pour rencontrer les acteurs du d\u00e9veloppement social. Cette grande tourn\u00e9e, men\u00e9e par M\u00e9lanie Perreault, directrice du d\u00e9veloppement et des partenariats, vise \u00e0 \u00e9changer directement avec les partenaires afin de mieux comprendre les r\u00e9alit\u00e9s locales et d\u2019agir [&hellip;]<\/p>\n","protected":false},"author":2,"featured_media":3373,"comment_status":"closed","ping_status":"closed","sticky":false,"template":"","format":"standard","meta":{"ocean_post_layout":"","ocean_both_sidebars_style":"","ocean_both_sidebars_content_width":0,"ocean_both_sidebars_sidebars_width":0,"ocean_sidebar":"","ocean_second_sidebar":"","ocean_disable_margins":"enable","ocean_add_body_class":"","ocean_shortcode_before_top_bar":"","ocean_shortcode_after_top_bar":"","ocean_shortcode_before_header":"","ocean_shortcode_after_header":"","ocean_has_shortcode":"","ocean_shortcode_after_title":"","ocean_shortcode_before_footer_widgets":"","ocean_shortcode_after_footer_widgets":"","ocean_shortcode_before_footer_bottom":"","ocean_shortcode_after_footer_bottom":"","ocean_display_top_bar":"default","ocean_display_header":"default","ocean_header_style":"","ocean_center_header_left_menu":"","ocean_custom_header_template":"","ocean_custom_logo":0,"ocean_custom_retina_logo":0,"ocean_custom_logo_max_width":0,"ocean_custom_logo_tablet_max_width":0,"ocean_custom_logo_mobile_max_width":0,"ocean_custom_logo_max_height":0,"ocean_custom_logo_tablet_max_height":0,"ocean_custom_logo_mobile_max_height":0,"ocean_header_custom_menu":"","ocean_menu_typo_font_family":"","ocean_menu_typo_font_subset":"","ocean_menu_typo_font_size":0,"ocean_menu_typo_font_size_tablet":0,"ocean_menu_typo_font_size_mobile":0,"ocean_menu_typo_font_size_unit":"px","ocean_menu_typo_font_weight":"","ocean_menu_typo_font_weight_tablet":"","ocean_menu_typo_font_weight_mobile":"","ocean_menu_typo_transform":"","ocean_menu_typo_transform_tablet":"","ocean_menu_typo_transform_mobile":"","ocean_menu_typo_line_height":0,"ocean_menu_typo_line_height_tablet":0,"ocean_menu_typo_line_height_mobile":0,"ocean_menu_typo_line_height_unit":"","ocean_menu_typo_spacing":0,"ocean_menu_typo_spacing_tablet":0,"ocean_menu_typo_spacing_mobile":0,"ocean_menu_typo_spacing_unit":"","ocean_menu_link_color":"","ocean_menu_link_color_hover":"","ocean_menu_link_color_active":"","ocean_menu_link_background":"","ocean_menu_link_hover_background":"","ocean_menu_link_active_background":"","ocean_menu_social_links_bg":"","ocean_menu_social_hover_links_bg":"","ocean_menu_social_links_color":"","ocean_menu_social_hover_links_color":"","ocean_disable_title":"default","ocean_disable_heading":"default","ocean_post_title":"","ocean_post_subheading":"","ocean_post_title_style":"","ocean_post_title_background_color":"","ocean_post_title_background":0,"ocean_post_title_bg_image_position":"","ocean_post_title_bg_image_attachment":"","ocean_post_title_bg_image_repeat":"","ocean_post_title_bg_image_size":"","ocean_post_title_height":0,"ocean_post_title_bg_overlay":0.5,"ocean_post_title_bg_overlay_color":"","ocean_disable_breadcrumbs":"default","ocean_breadcrumbs_color":"","ocean_breadcrumbs_separator_color":"","ocean_breadcrumbs_links_color":"","ocean_breadcrumbs_links_hover_color":"","ocean_display_footer_widgets":"default","ocean_display_footer_bottom":"default","ocean_custom_footer_template":"","ocean_post_oembed":"","ocean_post_self_hosted_media":"","ocean_post_video_embed":"","ocean_link_format":"","ocean_link_format_target":"self","ocean_quote_format":"","ocean_quote_format_link":"post","ocean_gallery_link_images":"on","ocean_gallery_id":[],"footnotes":""},"categories":[7],"tags":[],"class_list":["post-3363","post","type-post","status-publish","format-standard","has-post-thumbnail","hentry","category-nouvelles","entry","has-media"],"_links":{"self":[{"href":"https:\/\/centraide-rcoq.ca\/atnq\/wp-json\/wp\/v2\/posts\/3363","targetHints":{"allow":["GET"]}}],"collection":[{"href":"https:\/\/centraide-rcoq.ca\/atnq\/wp-json\/wp\/v2\/posts"}],"about":[{"href":"https:\/\/centraide-rcoq.ca\/atnq\/wp-json\/wp\/v2\/types\/post"}],"author":[{"embeddable":true,"href":"https:\/\/centraide-rcoq.ca\/atnq\/wp-json\/wp\/v2\/users\/2"}],"replies":[{"embeddable":true,"href":"https:\/\/centraide-rcoq.ca\/atnq\/wp-json\/wp\/v2\/comments?post=3363"}],"version-history":[{"count":14,"href":"https:\/\/centraide-rcoq.ca\/atnq\/wp-json\/wp\/v2\/posts\/3363\/revisions"}],"predecessor-version":[{"id":3384,"href":"https:\/\/centraide-rcoq.ca\/atnq\/wp-json\/wp\/v2\/posts\/3363\/revisions\/3384"}],"wp:featuredmedia":[{"embeddable":true,"href":"https:\/\/centraide-rcoq.ca\/atnq\/wp-json\/wp\/v2\/media\/3373"}],"wp:attachment":[{"href":"https:\/\/centraide-rcoq.ca\/atnq\/wp-json\/wp\/v2\/media?parent=3363"}],"wp:term":[{"taxonomy":"category","embeddable":true,"href":"https:\/\/centraide-rcoq.ca\/atnq\/wp-json\/wp\/v2\/categories?post=3363"},{"taxonomy":"post_tag","embeddable":true,"href":"https:\/\/centraide-rcoq.ca\/atnq\/wp-json\/wp\/v2\/tags?post=3363"}],"curies":[{"name":"wp","href":"https:\/\/api.w.org\/{rel}","templated":true}]}}